{"id":56956,"date":"2021-06-04T21:18:21","date_gmt":"2021-06-05T00:18:21","guid":{"rendered":"http:\/\/blogdoeloiltoncajuhy.com.br\/site\/?p=56956"},"modified":"2021-06-04T21:18:23","modified_gmt":"2021-06-05T00:18:23","slug":"em-segundo-depoimento-colega-confessa-ter-matado-medico-acreano-no-interior-da-bahia-e-diz-que-atirou-sem-querer","status":"publish","type":"post","link":"https:\/\/blogdoeloiltoncajuhy.com.br\/site\/em-segundo-depoimento-colega-confessa-ter-matado-medico-acreano-no-interior-da-bahia-e-diz-que-atirou-sem-querer\/","title":{"rendered":"Em segundo depoimento, colega confessa ter matado m\u00e9dico acreano no interior da Bahia e diz que atirou \u2018sem querer\u2019"},"content":{"rendered":"\n<h5 class=\"has-text-align-center wp-block-heading\"><em>Geraldo Freitas foi preso na sexta-feira (28), horas ap\u00f3s corpo da v\u00edtima ser encontrado. Ele foi respons\u00e1vel por registrar desaparecimento de Andrade Lopes Santana<\/em><\/h5>\n\n\n\n<div class=\"wp-block-image\"><figure class=\"aligncenter size-large\"><a href=\"https:\/\/i0.wp.com\/blogdoeloiltoncajuhy.com.br\/site\/wp-content\/uploads\/2021\/05\/Andrade-medico-encontrado.jpg\"><img data-recalc-dims=\"1\" fetchpriority=\"high\" decoding=\"async\" width=\"800\" height=\"493\" src=\"https:\/\/i0.wp.com\/blogdoeloiltoncajuhy.com.br\/site\/wp-content\/uploads\/2021\/05\/Andrade-medico-encontrado.jpg?resize=800%2C493\" alt=\"\" class=\"wp-image-56802\" srcset=\"https:\/\/i0.wp.com\/blogdoeloiltoncajuhy.com.br\/site\/wp-content\/uploads\/2021\/05\/Andrade-medico-encontrado.jpg?w=984&amp;ssl=1 984w, https:\/\/i0.wp.com\/blogdoeloiltoncajuhy.com.br\/site\/wp-content\/uploads\/2021\/05\/Andrade-medico-encontrado.jpg?resize=300%2C185&amp;ssl=1 300w, https:\/\/i0.wp.com\/blogdoeloiltoncajuhy.com.br\/site\/wp-content\/uploads\/2021\/05\/Andrade-medico-encontrado.jpg?resize=768%2C473&amp;ssl=1 768w\" sizes=\"(max-width: 800px) 100vw, 800px\" \/><\/a><figcaption><em><sub>O m\u00e9dico Andrade Lopes Santana \u2014 Foto: Reprodu\u00e7\u00e3o\/TV Suba\u00e9<\/sub><\/em><\/figcaption><\/figure><\/div>\n\n\n\n<p>O homem que foi preso por suspeita de matar o m\u00e9dico acreano Andrade Lopes Santana, de 32 anos, confessou o crime, de acordo com a Pol\u00edcia Civil. Ele foi ouvido, pela segunda vez, no Pres\u00eddio Regional de Feira de Santana, admitiu ter assassinado o colega e disse que atirou sem querer.<\/p>\n\n\n\n<p>O procedimento durou sete horas, segundo o coordenador de Pol\u00edcia Civil de Feira de Santana, Roberto Leal. Em depoimento, Geraldo Freitas contou que uma guia espiritual teria avisado que ele seria assassinado por dois colegas de profiss\u00e3o.<\/p>\n\n\n\n<p><em>&#8220;Ele falou que n\u00e3o era inimigo de Andrade, que n\u00e3o havia nenhum tipo de impedimento, mas que no dia 24 ele recebeu a liga\u00e7\u00e3o de um familiar, essa pessoa \u00e9 ligada a religi\u00e3o, ele confia muito nessa pessoa, nos conselhos espirituais dessa pessoa, e essa pessoa teria dito que ele seria morto por dois homens e que esses homens utilizariam uma camisa de um time de futebol para cobrir seu rosto e efetuaria dois disparos contra o mesmo&#8221;<\/em>, disse o delegado Roberto Leal.<\/p>\n\n\n\n<p>Preocupado, o suspeito achou que Andrade estaria de conluio com um desafeto dele. Ent\u00e3o, perguntou se isso estava acontecendo. Diante de uma resposta negativa, Geraldo teria pedido o celular da v\u00edtima, para ver conversas de aplicativo, e apontado uma arma para a cabe\u00e7a dele.<\/p>\n\n\n\n<p><em>&#8220;Ele acreditou nesse sonho, porque naquele momento que ele recebeu a liga\u00e7\u00e3o, ele estava vestido justamente com essa camisa de futebol. Ap\u00f3s esse fato, ele foi ao encontro de Andrade no rio, como foi no dia marcado, e em determinado momento ele teve acesso ao telefone de Andrade e percebeu algumas conversas entre Andrade e uma terceira pessoa que segundo o m\u00e9dico investigado, \u00e9 desafeto dele&#8221;<\/em>, contou.<\/p>\n\n\n\n<p class=\"has-vivid-red-color has-text-color\"><strong><a href=\"http:\/\/blogdoeloiltoncajuhy.com.br\/site\/policia-confirma-que-corpo-encontrado-em-rio-e-de-medico-desaparecido-e-suspeito-e-preso-em-feira-de-santana\/\" target=\"_blank\" rel=\"noreferrer noopener\">Pol\u00edcia confirma que corpo encontrado em rio \u00e9 de m\u00e9dico desaparecido e suspeito \u00e9 preso em Feira de Santana<\/a><\/strong><\/p>\n\n\n\n<p>Segundo o suspeito, Andrade teria resistido em entregar o aparelho e no meio da discuss\u00e3o, atirou sem querer. Ele disse \u00e0 pol\u00edcia que a v\u00edtima j\u00e1 caiu sem vida. Como estava com uma \u00e2ncora para prender uma moto aqu\u00e1tica, Geraldo disse que utilizou o equipamento para amarrar o corpo de Andrade.<\/p>\n\n\n\n<p><em>&#8220;E pelo teor das conversas, segundo o mesmo, Andrade e essa terceira pessoas estariam planejando a sua morte. Por esse motivo, ele colocou Andrade para pilotar a moto aqu\u00e1tica, foi at\u00e9 o meio do rio, e l\u00e1 no meio do rio, ele exigiu a entrega do celular. Como Andrade n\u00e3o entregou, ele sacou a pistola que ele trazia, colocou contra a cabe\u00e7a de Andrade e continuou a exigir a entrega do celular&#8221;<\/em>, contou o delegado.<\/p>\n\n\n\n<p><em>&#8220;Em determinado momento, Andrade teria feito um movimento brusco e ele efetuou os disparos contra cabe\u00e7a do mesmo&#8221;<\/em>, concluiu.<\/p>\n\n\n\n<p>Para o coordenador Roberto Leal, a vers\u00e3o apresentada n\u00e3o \u00e9 convincente e a pol\u00edcia segue investigando o caso. Outras testemunhas ainda ser\u00e3o ouvidas, pessoas ligadas \u00e0 v\u00edtima e ao acusado. A pol\u00edcia diz que recebeu, nesta sexta, a informa\u00e7\u00e3o de que o crime pode ter sido motivado por vingan\u00e7a.<\/p>\n\n\n\n<p><em>&#8220;N\u00f3s acabamos ouvindo muita gente, muitas vers\u00f5es, e chegamos a pessoas que teriam dito ter visto a v\u00edtima em determinado hor\u00e1rio em Feira de Santana, quando na verdade ele ainda estava em Araci&#8221;<\/em>.<\/p>\n\n\n\n<p><em>&#8220;Ent\u00e3o tudo isso \u00e9 feito com crit\u00e9rio e cuidado, porque muitas dessas informa\u00e7\u00f5es n\u00e3o levam a lugar nenhum, s\u00e3o apenas especula\u00e7\u00f5es por ser um crime que causou indigna\u00e7\u00e3o em toda popula\u00e7\u00e3o a gente realmente precisa ter cuidado, mas n\u00e3o vamos descartar nenhum fato at\u00e9 a investiga\u00e7\u00e3o completa desse crime&#8221;<\/em>, afirmou.<\/p>\n\n\n\n<div class=\"wp-block-image\"><figure class=\"aligncenter size-large\"><a href=\"https:\/\/i0.wp.com\/blogdoeloiltoncajuhy.com.br\/site\/wp-content\/uploads\/2021\/05\/Andrade-medico-desaparecido.jpg\"><img data-recalc-dims=\"1\" decoding=\"async\" width=\"800\" height=\"685\" src=\"https:\/\/i0.wp.com\/blogdoeloiltoncajuhy.com.br\/site\/wp-content\/uploads\/2021\/05\/Andrade-medico-desaparecido.jpg?resize=800%2C685\" alt=\"\" class=\"wp-image-56737\" srcset=\"https:\/\/i0.wp.com\/blogdoeloiltoncajuhy.com.br\/site\/wp-content\/uploads\/2021\/05\/Andrade-medico-desaparecido.jpg?w=984&amp;ssl=1 984w, https:\/\/i0.wp.com\/blogdoeloiltoncajuhy.com.br\/site\/wp-content\/uploads\/2021\/05\/Andrade-medico-desaparecido.jpg?resize=300%2C257&amp;ssl=1 300w, https:\/\/i0.wp.com\/blogdoeloiltoncajuhy.com.br\/site\/wp-content\/uploads\/2021\/05\/Andrade-medico-desaparecido.jpg?resize=768%2C658&amp;ssl=1 768w\" sizes=\"(max-width: 800px) 100vw, 800px\" \/><\/a><figcaption><em><sub>O m\u00e9dico Andrade Lopes Santana \u2014 Foto: Reprodu\u00e7\u00e3o\/TV Suba\u00e9<\/sub><\/em><\/figcaption><\/figure><\/div>\n\n\n\n<p>Antes de ser apontado como suspeito do crime, foi Geraldo Freitas quem recebeu os familiares de Andrade, que sa\u00edram do Acre para acompanhar as buscas pelo corpo. O homem tamb\u00e9m foi o respons\u00e1vel por registrar o desparecimento do amigo na delegacia de Feira de Santana.<\/p>\n\n\n\n<p>O corpo do m\u00e9dico foi encontrado quatro dias depois de desaparecido, boiando no Rio Jacu\u00edpe, em S\u00e3o Gon\u00e7alo dos Campos, cidade vizinha a Feira de Santana.<\/p>\n\n\n\n<p>Geraldo estudou medicina com Andrade, em uma faculdade na Bol\u00edvia. Conclu\u00eddo o curso, os dois se mudaram para o interior da Bahia, para trabalhar.<\/p>\n\n\n\n<p>De acordo com o delegado Roberto Leal, a pol\u00edcia investiga se h\u00e1 participa\u00e7\u00e3o de outras pessoas, al\u00e9m da motiva\u00e7\u00e3o do crime.<\/p>\n\n\n\n<p>Segundo os peritos do Departamento de Pol\u00edcia T\u00e9cnica (DPT), foi constatado um disparo de arma de fogo na nuca e uma corda no bra\u00e7o amarrada a uma \u00e2ncora para o corpo n\u00e3o emergir nas \u00e1guas do rio Jacu\u00edpe.<\/p>\n\n\n\n<p>O delegado informou que a pol\u00edcia come\u00e7ou a suspeitar de Geraldo Freitas ap\u00f3s contradi\u00e7\u00f5es apresentadas no depoimento. Depois, foi identificado que ele foi quem comprou a \u00e2ncora encontrada com o corpo da v\u00edtima.<\/p>\n\n\n\n<p>Ainda segundo a pol\u00edcia, o suspeito e a v\u00edtima tinham combinado de andar de moto aqu\u00e1tica. A vers\u00e3o apontada pelo colega de Andrade na delegacia era a de que o amigo tinha comentado que sairia para comprar a moto, o que foi descartado.<\/p>\n\n\n\n<p>Uma moto aqu\u00e1tica foi encontrada no condom\u00ednio onde o suspeito foi preso, no in\u00edcio da tarde de sexta-feira, em Feira de Santana.<\/p>\n","protected":false},"excerpt":{"rendered":"<p>Geraldo Freitas foi preso na sexta-feira (28), horas ap\u00f3s corpo da v\u00edtima ser encontrado. Ele foi respons\u00e1vel por registrar desaparecimento de Andrade Lopes Santana O homem que foi preso por suspeita de matar o m\u00e9dico acreano Andrade Lopes Santana, de 32 anos, confessou o crime, de acordo com a Pol\u00edcia Civil. Ele foi ouvido, pela [&hellip;]<\/p>\n","protected":false},"author":2,"featured_media":56737,"comment_status":"open","ping_status":"open","sticky":false,"template":"","format":"standard","meta":{"_acf_changed":false,"_monsterinsights_skip_tracking":false,"_monsterinsights_sitenote_active":false,"_monsterinsights_sitenote_note":"","_monsterinsights_sitenote_category":0,"_jetpack_memberships_contains_paid_content":false,"footnotes":"","jetpack_publicize_message":"","jetpack_publicize_feature_enabled":true,"jetpack_social_post_already_shared":false,"jetpack_social_options":{"image_generator_settings":{"template":"highway","default_image_id":0,"font":"","enabled":false},"version":2}},"categories":[15],"tags":[],"class_list":["post-56956","post","type-post","status-publish","format-standard","has-post-thumbnail","hentry","category-policia"],"acf":[],"jetpack_publicize_connections":[],"jetpack_featured_media_url":"https:\/\/i0.wp.com\/blogdoeloiltoncajuhy.com.br\/site\/wp-content\/uploads\/2021\/05\/Andrade-medico-desaparecido.jpg?fit=984%2C843&ssl=1","jetpack_sharing_enabled":true,"publishpress_future_workflow_manual_trigger":{"enabledWorkflows":[]},"_links":{"self":[{"href":"https:\/\/blogdoeloiltoncajuhy.com.br\/site\/wp-json\/wp\/v2\/posts\/56956","targetHints":{"allow":["GET"]}}],"collection":[{"href":"https:\/\/blogdoeloiltoncajuhy.com.br\/site\/wp-json\/wp\/v2\/posts"}],"about":[{"href":"https:\/\/blogdoeloiltoncajuhy.com.br\/site\/wp-json\/wp\/v2\/types\/post"}],"author":[{"embeddable":true,"href":"https:\/\/blogdoeloiltoncajuhy.com.br\/site\/wp-json\/wp\/v2\/users\/2"}],"replies":[{"embeddable":true,"href":"https:\/\/blogdoeloiltoncajuhy.com.br\/site\/wp-json\/wp\/v2\/comments?post=56956"}],"version-history":[{"count":1,"href":"https:\/\/blogdoeloiltoncajuhy.com.br\/site\/wp-json\/wp\/v2\/posts\/56956\/revisions"}],"predecessor-version":[{"id":56957,"href":"https:\/\/blogdoeloiltoncajuhy.com.br\/site\/wp-json\/wp\/v2\/posts\/56956\/revisions\/56957"}],"wp:featuredmedia":[{"embeddable":true,"href":"https:\/\/blogdoeloiltoncajuhy.com.br\/site\/wp-json\/wp\/v2\/media\/56737"}],"wp:attachment":[{"href":"https:\/\/blogdoeloiltoncajuhy.com.br\/site\/wp-json\/wp\/v2\/media?parent=56956"}],"wp:term":[{"taxonomy":"category","embeddable":true,"href":"https:\/\/blogdoeloiltoncajuhy.com.br\/site\/wp-json\/wp\/v2\/categories?post=56956"},{"taxonomy":"post_tag","embeddable":true,"href":"https:\/\/blogdoeloiltoncajuhy.com.br\/site\/wp-json\/wp\/v2\/tags?post=56956"}],"curies":[{"name":"wp","href":"https:\/\/api.w.org\/{rel}","templated":true}]}}