{"id":56953,"date":"2021-06-04T19:04:56","date_gmt":"2021-06-04T22:04:56","guid":{"rendered":"http:\/\/blogdoeloiltoncajuhy.com.br\/site\/?p=56953"},"modified":"2021-06-04T19:04:57","modified_gmt":"2021-06-04T22:04:57","slug":"prefeitura-de-andorinha-realiza-entrega-de-kits-de-protecao-e-seguranca-a-feirantes","status":"publish","type":"post","link":"https:\/\/blogdoeloiltoncajuhy.com.br\/site\/prefeitura-de-andorinha-realiza-entrega-de-kits-de-protecao-e-seguranca-a-feirantes\/","title":{"rendered":"Prefeitura de Andorinha realiza entrega de kits de prote\u00e7\u00e3o e seguran\u00e7a a feirantes"},"content":{"rendered":"\n<div class=\"wp-block-image\"><figure class=\"aligncenter size-large\"><a href=\"https:\/\/i0.wp.com\/blogdoeloiltoncajuhy.com.br\/site\/wp-content\/uploads\/2021\/06\/PMA_KitsFeirantes.jpeg\"><img data-recalc-dims=\"1\" fetchpriority=\"high\" decoding=\"async\" width=\"800\" height=\"600\" src=\"https:\/\/i0.wp.com\/blogdoeloiltoncajuhy.com.br\/site\/wp-content\/uploads\/2021\/06\/PMA_KitsFeirantes.jpeg?resize=800%2C600\" alt=\"\" class=\"wp-image-56954\" srcset=\"https:\/\/i0.wp.com\/blogdoeloiltoncajuhy.com.br\/site\/wp-content\/uploads\/2021\/06\/PMA_KitsFeirantes.jpeg?resize=1024%2C768&amp;ssl=1 1024w, https:\/\/i0.wp.com\/blogdoeloiltoncajuhy.com.br\/site\/wp-content\/uploads\/2021\/06\/PMA_KitsFeirantes.jpeg?resize=300%2C225&amp;ssl=1 300w, https:\/\/i0.wp.com\/blogdoeloiltoncajuhy.com.br\/site\/wp-content\/uploads\/2021\/06\/PMA_KitsFeirantes.jpeg?resize=768%2C576&amp;ssl=1 768w, https:\/\/i0.wp.com\/blogdoeloiltoncajuhy.com.br\/site\/wp-content\/uploads\/2021\/06\/PMA_KitsFeirantes.jpeg?w=1280&amp;ssl=1 1280w\" sizes=\"(max-width: 800px) 100vw, 800px\" \/><\/a><\/figure><\/div>\n\n\n\n<p>A Prefeitura de Andorinha, atrav\u00e9s da Secretaria de Desenvolvimento Rural e Meio Ambiente, est\u00e1 realizando a entrega de kits de prote\u00e7\u00e3o e seguran\u00e7a aos feirantes, por meio do programa <strong>\u201cFeira Segura \u2013 Viva a Feira\u201d<\/strong>. Na manh\u00e3 desta sexta-feira, 04, o prefeito Renato Brand\u00e3o, o secret\u00e1rio de Desenvolvimento Rural, Valt\u00f4nio Guimar\u00e3es, e o coordenador da CAR de Senhor do Bonfim, Paulo Martins, realizaram a entrega dos kits aos feirantes Jos\u00e9 Ara\u00fajo e Aldenice da Silva.<\/p>\n\n\n\n<p>O material foi doado por meio de uma parceria entre o munic\u00edpio e a Companhia de Desenvolvimento e A\u00e7\u00e3o Regional (CAR), vinculada \u00e0 Secretaria de Desenvolvimento Rural do Estado (SDR). Os kits cont\u00eam m\u00e1scaras de prote\u00e7\u00e3o, gorro, avental, frasco de \u00e1lcool em gel de 500 ml e folheto que explica a a\u00e7\u00e3o e informa os cuidados que os feirantes devem ter ao participar das feiras livres.<\/p>\n\n\n\n<p><em>\u201cEstamos vivendo um momento muito dif\u00edcil em decorr\u00eancia da pandemia. Estamos juntando esfor\u00e7os para manter o funcionamento das feiras, mas para isso, precisamos garantir a comercializa\u00e7\u00e3o de alimentos de uma forma segura durante e ap\u00f3s a pandemia\u201d<\/em>, pontuou o prefeito Renato Brand\u00e3o.<\/p>\n\n\n\n<p>A entrega est\u00e1 sendo feita na Secretaria de Desenvolvimento Rural e Meio Ambiente para os feirantes cadastrados pela secretaria. Para maiores informa\u00e7\u00f5es entre em contato atrav\u00e9s do telefone (74) 3529-1209 ou no endere\u00e7o: Travessa Tanque Novo (vizinho ao Caps).<\/p>\n","protected":false},"excerpt":{"rendered":"<p>A Prefeitura de Andorinha, atrav\u00e9s da Secretaria de Desenvolvimento Rural e Meio Ambiente, est\u00e1 realizando a entrega de kits de prote\u00e7\u00e3o e seguran\u00e7a aos feirantes, por meio do programa \u201cFeira Segura \u2013 Viva a Feira\u201d. Na manh\u00e3 desta sexta-feira, 04, o prefeito Renato Brand\u00e3o, o secret\u00e1rio de Desenvolvimento Rural, Valt\u00f4nio Guimar\u00e3es, e o coordenador da [&hellip;]<\/p>\n","protected":false},"author":2,"featured_media":56954,"comment_status":"open","ping_status":"open","sticky":false,"template":"","format":"standard","meta":{"_acf_changed":false,"_monsterinsights_skip_tracking":false,"_monsterinsights_sitenote_active":false,"_monsterinsights_sitenote_note":"","_monsterinsights_sitenote_category":0,"_jetpack_memberships_contains_paid_content":false,"footnotes":"","jetpack_publicize_message":"","jetpack_publicize_feature_enabled":true,"jetpack_social_post_already_shared":false,"jetpack_social_options":{"image_generator_settings":{"template":"highway","default_image_id":0,"font":"","enabled":false},"version":2}},"categories":[11],"tags":[],"class_list":["post-56953","post","type-post","status-publish","format-standard","has-post-thumbnail","hentry","category-regional"],"acf":[],"jetpack_publicize_connections":[],"jetpack_featured_media_url":"https:\/\/i0.wp.com\/blogdoeloiltoncajuhy.com.br\/site\/wp-content\/uploads\/2021\/06\/PMA_KitsFeirantes.jpeg?fit=1280%2C960&ssl=1","jetpack_sharing_enabled":true,"publishpress_future_workflow_manual_trigger":{"enabledWorkflows":[]},"_links":{"self":[{"href":"https:\/\/blogdoeloiltoncajuhy.com.br\/site\/wp-json\/wp\/v2\/posts\/56953","targetHints":{"allow":["GET"]}}],"collection":[{"href":"https:\/\/blogdoeloiltoncajuhy.com.br\/site\/wp-json\/wp\/v2\/posts"}],"about":[{"href":"https:\/\/blogdoeloiltoncajuhy.com.br\/site\/wp-json\/wp\/v2\/types\/post"}],"author":[{"embeddable":true,"href":"https:\/\/blogdoeloiltoncajuhy.com.br\/site\/wp-json\/wp\/v2\/users\/2"}],"replies":[{"embeddable":true,"href":"https:\/\/blogdoeloiltoncajuhy.com.br\/site\/wp-json\/wp\/v2\/comments?post=56953"}],"version-history":[{"count":1,"href":"https:\/\/blogdoeloiltoncajuhy.com.br\/site\/wp-json\/wp\/v2\/posts\/56953\/revisions"}],"predecessor-version":[{"id":56955,"href":"https:\/\/blogdoeloiltoncajuhy.com.br\/site\/wp-json\/wp\/v2\/posts\/56953\/revisions\/56955"}],"wp:featuredmedia":[{"embeddable":true,"href":"https:\/\/blogdoeloiltoncajuhy.com.br\/site\/wp-json\/wp\/v2\/media\/56954"}],"wp:attachment":[{"href":"https:\/\/blogdoeloiltoncajuhy.com.br\/site\/wp-json\/wp\/v2\/media?parent=56953"}],"wp:term":[{"taxonomy":"category","embeddable":true,"href":"https:\/\/blogdoeloiltoncajuhy.com.br\/site\/wp-json\/wp\/v2\/categories?post=56953"},{"taxonomy":"post_tag","embeddable":true,"href":"https:\/\/blogdoeloiltoncajuhy.com.br\/site\/wp-json\/wp\/v2\/tags?post=56953"}],"curies":[{"name":"wp","href":"https:\/\/api.w.org\/{rel}","templated":true}]}}