{"id":56944,"date":"2021-06-04T11:05:57","date_gmt":"2021-06-04T14:05:57","guid":{"rendered":"http:\/\/blogdoeloiltoncajuhy.com.br\/site\/?p=56944"},"modified":"2021-06-04T11:05:59","modified_gmt":"2021-06-04T14:05:59","slug":"apos-seis-meses-de-negociacoes-prefeito-de-senhor-do-bonfim-propoe-1-de-recomposicao-salarial-aos-servidores-publicos","status":"publish","type":"post","link":"https:\/\/blogdoeloiltoncajuhy.com.br\/site\/apos-seis-meses-de-negociacoes-prefeito-de-senhor-do-bonfim-propoe-1-de-recomposicao-salarial-aos-servidores-publicos\/","title":{"rendered":"Ap\u00f3s seis meses de negocia\u00e7\u00f5es, Prefeito de Senhor do Bonfim prop\u00f5e 1% de recomposi\u00e7\u00e3o salarial aos servidores p\u00fablicos"},"content":{"rendered":"\n<div class=\"wp-block-image\"><figure class=\"aligncenter size-large is-resized\"><a href=\"https:\/\/i0.wp.com\/blogdoeloiltoncajuhy.com.br\/site\/wp-content\/uploads\/2021\/06\/Sismusb_Campanha-Salarial-2021.jpeg\"><img data-recalc-dims=\"1\" fetchpriority=\"high\" decoding=\"async\" src=\"https:\/\/i0.wp.com\/blogdoeloiltoncajuhy.com.br\/site\/wp-content\/uploads\/2021\/06\/Sismusb_Campanha-Salarial-2021.jpeg?resize=512%2C512\" alt=\"\" class=\"wp-image-56945\" width=\"512\" height=\"512\" srcset=\"https:\/\/i0.wp.com\/blogdoeloiltoncajuhy.com.br\/site\/wp-content\/uploads\/2021\/06\/Sismusb_Campanha-Salarial-2021.jpeg?resize=1024%2C1024&amp;ssl=1 1024w, https:\/\/i0.wp.com\/blogdoeloiltoncajuhy.com.br\/site\/wp-content\/uploads\/2021\/06\/Sismusb_Campanha-Salarial-2021.jpeg?resize=300%2C300&amp;ssl=1 300w, https:\/\/i0.wp.com\/blogdoeloiltoncajuhy.com.br\/site\/wp-content\/uploads\/2021\/06\/Sismusb_Campanha-Salarial-2021.jpeg?resize=150%2C150&amp;ssl=1 150w, https:\/\/i0.wp.com\/blogdoeloiltoncajuhy.com.br\/site\/wp-content\/uploads\/2021\/06\/Sismusb_Campanha-Salarial-2021.jpeg?resize=768%2C768&amp;ssl=1 768w, https:\/\/i0.wp.com\/blogdoeloiltoncajuhy.com.br\/site\/wp-content\/uploads\/2021\/06\/Sismusb_Campanha-Salarial-2021.jpeg?w=1280&amp;ssl=1 1280w\" sizes=\"(max-width: 512px) 100vw, 512px\" \/><\/a><\/figure><\/div>\n\n\n\n<p>Desde janeiro o Sindicato dos Servidores P\u00fablicos Municipais de Senhor do Bonfim (SISMUSB) e as associa\u00e7\u00f5es v\u00eam buscando junto ao Prefeito do munic\u00edpio a concess\u00e3o da recomposi\u00e7\u00e3o salarial dos servidores p\u00fablicos. Por\u00e9m, sob a alega\u00e7\u00e3o de ainda estar fazendo um levantamento das informa\u00e7\u00f5es deixadas pela gest\u00e3o passada, os servidores acataram o pedido do Prefeito e esperaram at\u00e9 que esses dados fossem consolidados.<\/p>\n\n\n\n<p>Ap\u00f3s alguns meses, o Prefeito de Senhor do Bonfim e sua Procuradoria alegaram que havia necessidade de uma consulta junto ao Tribunal de Contas dos Munic\u00edpios (TCM) para analisar a viabilidade legal da recomposi\u00e7\u00e3o salarial, mesmo ap\u00f3s o SISMUSB e sua assessoria jur\u00eddica apresentarem pareceres do TCM a respeito da mesma mat\u00e9ria que j\u00e1 asseguravam a total legalidade da concess\u00e3o da recomposi\u00e7\u00e3o, com base na Lei complementar n\u00b0 173\/20 e na pr\u00f3pria Constitui\u00e7\u00e3o Federal.<\/p>\n\n\n\n<p>Passados 6 meses de negocia\u00e7\u00f5es, o Prefeito reuniu-se novamente com a entidade sindical e as associa\u00e7\u00f5es na \u00faltima quarta-feira (02) e frustrando toda expectativa dos servidores p\u00fablicos, prop\u00f4s uma recomposi\u00e7\u00e3o salarial na raz\u00e3o de 1%, excluindo agentes comunit\u00e1rios de sa\u00fade e de combate \u00e0s endemias.<\/p>\n\n\n\n<p>O percentual proposto \u00e9 quase quase 7 vezes menor que a infla\u00e7\u00e3o do per\u00edodo, que segundo dados do IBGE, atingiu 6,7% no acumulado dos \u00faltimos 12 meses. A proposta do Prefeito gerou grande revolta nos servidores p\u00fablicos e em assembleia que ser\u00e1 promovida pelo Sindicato, a categoria deliberar\u00e1 sobre a proposta e os pr\u00f3ximos passos a serem tomados na reivindica\u00e7\u00e3o do pleito.<\/p>\n","protected":false},"excerpt":{"rendered":"<p>Desde janeiro o Sindicato dos Servidores P\u00fablicos Municipais de Senhor do Bonfim (SISMUSB) e as associa\u00e7\u00f5es v\u00eam buscando junto ao Prefeito do munic\u00edpio a concess\u00e3o da recomposi\u00e7\u00e3o salarial dos servidores p\u00fablicos. Por\u00e9m, sob a alega\u00e7\u00e3o de ainda estar fazendo um levantamento das informa\u00e7\u00f5es deixadas pela gest\u00e3o passada, os servidores acataram o pedido do Prefeito e [&hellip;]<\/p>\n","protected":false},"author":2,"featured_media":56945,"comment_status":"open","ping_status":"open","sticky":false,"template":"","format":"standard","meta":{"_acf_changed":false,"_monsterinsights_skip_tracking":false,"_monsterinsights_sitenote_active":false,"_monsterinsights_sitenote_note":"","_monsterinsights_sitenote_category":0,"_jetpack_memberships_contains_paid_content":false,"footnotes":"","jetpack_publicize_message":"","jetpack_publicize_feature_enabled":true,"jetpack_social_post_already_shared":false,"jetpack_social_options":{"image_generator_settings":{"template":"highway","default_image_id":0,"font":"","enabled":false},"version":2}},"categories":[4],"tags":[],"class_list":["post-56944","post","type-post","status-publish","format-standard","has-post-thumbnail","hentry","category-local"],"acf":[],"jetpack_publicize_connections":[],"jetpack_featured_media_url":"https:\/\/i0.wp.com\/blogdoeloiltoncajuhy.com.br\/site\/wp-content\/uploads\/2021\/06\/Sismusb_Campanha-Salarial-2021.jpeg?fit=1280%2C1280&ssl=1","jetpack_sharing_enabled":true,"publishpress_future_workflow_manual_trigger":{"enabledWorkflows":[]},"_links":{"self":[{"href":"https:\/\/blogdoeloiltoncajuhy.com.br\/site\/wp-json\/wp\/v2\/posts\/56944","targetHints":{"allow":["GET"]}}],"collection":[{"href":"https:\/\/blogdoeloiltoncajuhy.com.br\/site\/wp-json\/wp\/v2\/posts"}],"about":[{"href":"https:\/\/blogdoeloiltoncajuhy.com.br\/site\/wp-json\/wp\/v2\/types\/post"}],"author":[{"embeddable":true,"href":"https:\/\/blogdoeloiltoncajuhy.com.br\/site\/wp-json\/wp\/v2\/users\/2"}],"replies":[{"embeddable":true,"href":"https:\/\/blogdoeloiltoncajuhy.com.br\/site\/wp-json\/wp\/v2\/comments?post=56944"}],"version-history":[{"count":1,"href":"https:\/\/blogdoeloiltoncajuhy.com.br\/site\/wp-json\/wp\/v2\/posts\/56944\/revisions"}],"predecessor-version":[{"id":56946,"href":"https:\/\/blogdoeloiltoncajuhy.com.br\/site\/wp-json\/wp\/v2\/posts\/56944\/revisions\/56946"}],"wp:featuredmedia":[{"embeddable":true,"href":"https:\/\/blogdoeloiltoncajuhy.com.br\/site\/wp-json\/wp\/v2\/media\/56945"}],"wp:attachment":[{"href":"https:\/\/blogdoeloiltoncajuhy.com.br\/site\/wp-json\/wp\/v2\/media?parent=56944"}],"wp:term":[{"taxonomy":"category","embeddable":true,"href":"https:\/\/blogdoeloiltoncajuhy.com.br\/site\/wp-json\/wp\/v2\/categories?post=56944"},{"taxonomy":"post_tag","embeddable":true,"href":"https:\/\/blogdoeloiltoncajuhy.com.br\/site\/wp-json\/wp\/v2\/tags?post=56944"}],"curies":[{"name":"wp","href":"https:\/\/api.w.org\/{rel}","templated":true}]}}