{"id":56941,"date":"2021-06-04T07:19:31","date_gmt":"2021-06-04T10:19:31","guid":{"rendered":"http:\/\/blogdoeloiltoncajuhy.com.br\/site\/?p=56941"},"modified":"2021-06-04T07:19:32","modified_gmt":"2021-06-04T10:19:32","slug":"adolescente-de-15-anos-e-arrastado-de-casa-e-morto-a-tiros-na-rua-em-vera-cruz","status":"publish","type":"post","link":"https:\/\/blogdoeloiltoncajuhy.com.br\/site\/adolescente-de-15-anos-e-arrastado-de-casa-e-morto-a-tiros-na-rua-em-vera-cruz\/","title":{"rendered":"Adolescente de 15 anos \u00e9 arrastado de casa e morto a tiros na rua em Vera Cruz"},"content":{"rendered":"\n<h5 class=\"has-text-align-center wp-block-heading\"><em>Caso aconteceu na noite de quinta-feira (3), no bairro da Gamboa. Suspeitos e motiva\u00e7\u00e3o s\u00e3o investigados pela 24\u00aa delegacia de Vera Cruz<\/em><\/h5>\n\n\n\n<div class=\"wp-block-image\"><figure class=\"aligncenter size-full is-resized\"><a href=\"https:\/\/i0.wp.com\/blogdoeloiltoncajuhy.com.br\/site\/wp-content\/uploads\/2018\/03\/policia_500x400.jpg\"><img data-recalc-dims=\"1\" fetchpriority=\"high\" decoding=\"async\" src=\"https:\/\/i0.wp.com\/blogdoeloiltoncajuhy.com.br\/site\/wp-content\/uploads\/2018\/03\/policia_500x400.jpg?resize=566%2C424\" alt=\"\" class=\"wp-image-24026\" width=\"566\" height=\"424\" srcset=\"https:\/\/i0.wp.com\/blogdoeloiltoncajuhy.com.br\/site\/wp-content\/uploads\/2018\/03\/policia_500x400.jpg?w=259&amp;ssl=1 259w, https:\/\/i0.wp.com\/blogdoeloiltoncajuhy.com.br\/site\/wp-content\/uploads\/2018\/03\/policia_500x400.jpg?resize=250%2C187&amp;ssl=1 250w\" sizes=\"(max-width: 566px) 100vw, 566px\" \/><\/a><\/figure><\/div>\n\n\n\n<p>Um adolescente de 15 anos foi arrastado de dentro de casa, na Rua Jos\u00e9 Epif\u00e2nio, no bairro da Gamboa, em Vera Cruz, cidade que fica na Ilha de Itaparica, regi\u00e3o metropolitana de Salvador. O crime aconteceu na noite de quinta-feira (3).<\/p>\n\n\n\n<p>A v\u00edtima foi identificada como <strong>Levi Sampaio de Jesus<\/strong>. Testemunhas contaram \u00e0 pol\u00edcia que os suspeitos, que ainda n\u00e3o foram identificados, mataram o adolescente a tiros na pr\u00f3pria rua, e fugiram do local logo em seguida.<\/p>\n\n\n\n<p>N\u00e3o h\u00e1 detalhes se outras pessoas ficaram feridas na a\u00e7\u00e3o, nem o que motivou o assassinato do adolescente. O caso \u00e9 investigado pela 24\u00aa delegacia de Vera Cruz e, at\u00e9 a manh\u00e3 desta sexta-feira (4), ningu\u00e9m havia sido preso.<\/p>\n","protected":false},"excerpt":{"rendered":"<p>Caso aconteceu na noite de quinta-feira (3), no bairro da Gamboa. Suspeitos e motiva\u00e7\u00e3o s\u00e3o investigados pela 24\u00aa delegacia de Vera Cruz Um adolescente de 15 anos foi arrastado de dentro de casa, na Rua Jos\u00e9 Epif\u00e2nio, no bairro da Gamboa, em Vera Cruz, cidade que fica na Ilha de Itaparica, regi\u00e3o metropolitana de Salvador. [&hellip;]<\/p>\n","protected":false},"author":2,"featured_media":3229,"comment_status":"open","ping_status":"open","sticky":false,"template":"","format":"standard","meta":{"_acf_changed":false,"_monsterinsights_skip_tracking":false,"_monsterinsights_sitenote_active":false,"_monsterinsights_sitenote_note":"","_monsterinsights_sitenote_category":0,"_jetpack_memberships_contains_paid_content":false,"footnotes":"","jetpack_publicize_message":"","jetpack_publicize_feature_enabled":true,"jetpack_social_post_already_shared":false,"jetpack_social_options":{"image_generator_settings":{"template":"highway","default_image_id":0,"font":"","enabled":false},"version":2}},"categories":[15],"tags":[],"class_list":["post-56941","post","type-post","status-publish","format-standard","has-post-thumbnail","hentry","category-policia"],"acf":[],"jetpack_publicize_connections":[],"jetpack_featured_media_url":"https:\/\/i0.wp.com\/blogdoeloiltoncajuhy.com.br\/site\/wp-content\/uploads\/2015\/08\/Plant%C3%A3o-de-Pol%C3%ADcia1.jpg?fit=640%2C329&ssl=1","jetpack_sharing_enabled":true,"publishpress_future_workflow_manual_trigger":{"enabledWorkflows":[]},"_links":{"self":[{"href":"https:\/\/blogdoeloiltoncajuhy.com.br\/site\/wp-json\/wp\/v2\/posts\/56941","targetHints":{"allow":["GET"]}}],"collection":[{"href":"https:\/\/blogdoeloiltoncajuhy.com.br\/site\/wp-json\/wp\/v2\/posts"}],"about":[{"href":"https:\/\/blogdoeloiltoncajuhy.com.br\/site\/wp-json\/wp\/v2\/types\/post"}],"author":[{"embeddable":true,"href":"https:\/\/blogdoeloiltoncajuhy.com.br\/site\/wp-json\/wp\/v2\/users\/2"}],"replies":[{"embeddable":true,"href":"https:\/\/blogdoeloiltoncajuhy.com.br\/site\/wp-json\/wp\/v2\/comments?post=56941"}],"version-history":[{"count":2,"href":"https:\/\/blogdoeloiltoncajuhy.com.br\/site\/wp-json\/wp\/v2\/posts\/56941\/revisions"}],"predecessor-version":[{"id":56943,"href":"https:\/\/blogdoeloiltoncajuhy.com.br\/site\/wp-json\/wp\/v2\/posts\/56941\/revisions\/56943"}],"wp:featuredmedia":[{"embeddable":true,"href":"https:\/\/blogdoeloiltoncajuhy.com.br\/site\/wp-json\/wp\/v2\/media\/3229"}],"wp:attachment":[{"href":"https:\/\/blogdoeloiltoncajuhy.com.br\/site\/wp-json\/wp\/v2\/media?parent=56941"}],"wp:term":[{"taxonomy":"category","embeddable":true,"href":"https:\/\/blogdoeloiltoncajuhy.com.br\/site\/wp-json\/wp\/v2\/categories?post=56941"},{"taxonomy":"post_tag","embeddable":true,"href":"https:\/\/blogdoeloiltoncajuhy.com.br\/site\/wp-json\/wp\/v2\/tags?post=56941"}],"curies":[{"name":"wp","href":"https:\/\/api.w.org\/{rel}","templated":true}]}}