{"id":56933,"date":"2021-06-04T07:00:18","date_gmt":"2021-06-04T10:00:18","guid":{"rendered":"http:\/\/blogdoeloiltoncajuhy.com.br\/site\/?p=56933"},"modified":"2021-06-04T07:00:20","modified_gmt":"2021-06-04T10:00:20","slug":"governo-do-estado-realiza-festival-de-economia-solidaria-sao-joao-da-minha-terra","status":"publish","type":"post","link":"https:\/\/blogdoeloiltoncajuhy.com.br\/site\/governo-do-estado-realiza-festival-de-economia-solidaria-sao-joao-da-minha-terra\/","title":{"rendered":"Governo do Estado realiza Festival de Economia Solid\u00e1ria S\u00e3o Jo\u00e3o da Minha Terra"},"content":{"rendered":"\n<div class=\"wp-block-image\"><figure class=\"aligncenter size-large\"><a href=\"https:\/\/i0.wp.com\/blogdoeloiltoncajuhy.com.br\/site\/wp-content\/uploads\/2021\/06\/Festival-de-Economia-Solidaria-768x511-1.jpeg\"><img data-recalc-dims=\"1\" fetchpriority=\"high\" decoding=\"async\" width=\"768\" height=\"511\" src=\"https:\/\/i0.wp.com\/blogdoeloiltoncajuhy.com.br\/site\/wp-content\/uploads\/2021\/06\/Festival-de-Economia-Solidaria-768x511-1.jpeg?resize=768%2C511\" alt=\"\" class=\"wp-image-56934\" srcset=\"https:\/\/i0.wp.com\/blogdoeloiltoncajuhy.com.br\/site\/wp-content\/uploads\/2021\/06\/Festival-de-Economia-Solidaria-768x511-1.jpeg?w=768&amp;ssl=1 768w, https:\/\/i0.wp.com\/blogdoeloiltoncajuhy.com.br\/site\/wp-content\/uploads\/2021\/06\/Festival-de-Economia-Solidaria-768x511-1.jpeg?resize=300%2C200&amp;ssl=1 300w\" sizes=\"(max-width: 768px) 100vw, 768px\" \/><\/a><\/figure><\/div>\n\n\n\n<p>O Governo do Estado, por meio da Secretaria do Trabalho, Emprego, Renda e Esporte (Setre), realiza, entre os dias 13 e 30 de junho, a segunda edi\u00e7\u00e3o do Festival de Economia Solid\u00e1ria S\u00e3o Jo\u00e3o da Minha Terra. O evento integra uma rede de agentes que atuam na economia solid\u00e1ria e agricultura familiar em 15 Territ\u00f3rios de Identidade da Bahia.<\/p>\n\n\n\n<p>Realizado em formato virtual, o festival agrega a diversidade de produtos de empreendimentos atendidos regionalmente pelas 13 unidades de Centros P\u00fablicos de Economia Solid\u00e1ria (Cesols), al\u00e9m de m\u00fasica, cultura, gastronomia e forma\u00e7\u00f5es gratuitas em lives realizadas nas redes socais. O evento \u00e9 executado pela Associa\u00e7\u00e3o Beneficente Josu\u00e9 de Castro e ser\u00e1 exibido ao vivo nas redes sociais @economiasolidariaba.<\/p>\n\n\n\n<p>O festival \u00e9 uma alternativa de escoamento da produ\u00e7\u00e3o dos empreendimentos econ\u00f4micos solid\u00e1rios em meio \u00e0 pandemia de Covid-19 que h\u00e1 mais de um ano afeta a popula\u00e7\u00e3o mundial. A iniciativa mostra a pujan\u00e7a desse importante setor produtivo na Bahia, que conta com o fomento da Setre, atrav\u00e9s de programas de capacita\u00e7\u00e3o, ado\u00e7\u00e3o de novas tecnologias e apoio \u00e0 comercializa\u00e7\u00e3o.<\/p>\n\n\n\n<p>Entre os convidados, j\u00e1 est\u00e3o confirmados os artistas Del Feliz e Zelito Miranda e as chefs de cozinha Cida Pescadora e Rosa Gon\u00e7alves.<\/p>\n","protected":false},"excerpt":{"rendered":"<p>O Governo do Estado, por meio da Secretaria do Trabalho, Emprego, Renda e Esporte (Setre), realiza, entre os dias 13 e 30 de junho, a segunda edi\u00e7\u00e3o do Festival de Economia Solid\u00e1ria S\u00e3o Jo\u00e3o da Minha Terra. O evento integra uma rede de agentes que atuam na economia solid\u00e1ria e agricultura familiar em 15 Territ\u00f3rios [&hellip;]<\/p>\n","protected":false},"author":2,"featured_media":56934,"comment_status":"open","ping_status":"open","sticky":false,"template":"","format":"standard","meta":{"_acf_changed":false,"_monsterinsights_skip_tracking":false,"_monsterinsights_sitenote_active":false,"_monsterinsights_sitenote_note":"","_monsterinsights_sitenote_category":0,"_jetpack_memberships_contains_paid_content":false,"footnotes":"","jetpack_publicize_message":"","jetpack_publicize_feature_enabled":true,"jetpack_social_post_already_shared":false,"jetpack_social_options":{"image_generator_settings":{"template":"highway","default_image_id":0,"font":"","enabled":false},"version":2}},"categories":[1],"tags":[],"class_list":["post-56933","post","type-post","status-publish","format-standard","has-post-thumbnail","hentry","category-noticias"],"acf":[],"jetpack_publicize_connections":[],"jetpack_featured_media_url":"https:\/\/i0.wp.com\/blogdoeloiltoncajuhy.com.br\/site\/wp-content\/uploads\/2021\/06\/Festival-de-Economia-Solidaria-768x511-1.jpeg?fit=768%2C511&ssl=1","jetpack_sharing_enabled":true,"publishpress_future_workflow_manual_trigger":{"enabledWorkflows":[]},"_links":{"self":[{"href":"https:\/\/blogdoeloiltoncajuhy.com.br\/site\/wp-json\/wp\/v2\/posts\/56933","targetHints":{"allow":["GET"]}}],"collection":[{"href":"https:\/\/blogdoeloiltoncajuhy.com.br\/site\/wp-json\/wp\/v2\/posts"}],"about":[{"href":"https:\/\/blogdoeloiltoncajuhy.com.br\/site\/wp-json\/wp\/v2\/types\/post"}],"author":[{"embeddable":true,"href":"https:\/\/blogdoeloiltoncajuhy.com.br\/site\/wp-json\/wp\/v2\/users\/2"}],"replies":[{"embeddable":true,"href":"https:\/\/blogdoeloiltoncajuhy.com.br\/site\/wp-json\/wp\/v2\/comments?post=56933"}],"version-history":[{"count":2,"href":"https:\/\/blogdoeloiltoncajuhy.com.br\/site\/wp-json\/wp\/v2\/posts\/56933\/revisions"}],"predecessor-version":[{"id":56936,"href":"https:\/\/blogdoeloiltoncajuhy.com.br\/site\/wp-json\/wp\/v2\/posts\/56933\/revisions\/56936"}],"wp:featuredmedia":[{"embeddable":true,"href":"https:\/\/blogdoeloiltoncajuhy.com.br\/site\/wp-json\/wp\/v2\/media\/56934"}],"wp:attachment":[{"href":"https:\/\/blogdoeloiltoncajuhy.com.br\/site\/wp-json\/wp\/v2\/media?parent=56933"}],"wp:term":[{"taxonomy":"category","embeddable":true,"href":"https:\/\/blogdoeloiltoncajuhy.com.br\/site\/wp-json\/wp\/v2\/categories?post=56933"},{"taxonomy":"post_tag","embeddable":true,"href":"https:\/\/blogdoeloiltoncajuhy.com.br\/site\/wp-json\/wp\/v2\/tags?post=56933"}],"curies":[{"name":"wp","href":"https:\/\/api.w.org\/{rel}","templated":true}]}}