{"id":56924,"date":"2021-06-03T10:42:05","date_gmt":"2021-06-03T13:42:05","guid":{"rendered":"http:\/\/blogdoeloiltoncajuhy.com.br\/site\/?p=56924"},"modified":"2021-06-03T10:42:07","modified_gmt":"2021-06-03T13:42:07","slug":"comissao-de-meio-ambiente-do-senado-vai-avaliar-politica-de-combate-ao-desmatamentos-e-as-queimadas","status":"publish","type":"post","link":"https:\/\/blogdoeloiltoncajuhy.com.br\/site\/comissao-de-meio-ambiente-do-senado-vai-avaliar-politica-de-combate-ao-desmatamentos-e-as-queimadas\/","title":{"rendered":"Comiss\u00e3o de Meio Ambiente do Senado vai avaliar pol\u00edtica de combate ao desmatamentos e \u00e0s queimadas"},"content":{"rendered":"\n<h5 class=\"has-text-align-center wp-block-heading\"><em>Cada comiss\u00e3o permanente do Senado deve eleger, todos os anos, uma pol\u00edtica p\u00fablica para avalia\u00e7\u00e3o<\/em><\/h5>\n\n\n\n<div class=\"wp-block-image\"><figure class=\"aligncenter size-full is-resized\"><a href=\"https:\/\/i0.wp.com\/blogdoeloiltoncajuhy.com.br\/site\/wp-content\/uploads\/2021\/06\/Incendios-Florestais.jpeg\"><img data-recalc-dims=\"1\" fetchpriority=\"high\" decoding=\"async\" src=\"https:\/\/i0.wp.com\/blogdoeloiltoncajuhy.com.br\/site\/wp-content\/uploads\/2021\/06\/Incendios-Florestais.jpeg?resize=764%2C509\" alt=\"\" class=\"wp-image-56925\" width=\"764\" height=\"509\" srcset=\"https:\/\/i0.wp.com\/blogdoeloiltoncajuhy.com.br\/site\/wp-content\/uploads\/2021\/06\/Incendios-Florestais.jpeg?w=675&amp;ssl=1 675w, https:\/\/i0.wp.com\/blogdoeloiltoncajuhy.com.br\/site\/wp-content\/uploads\/2021\/06\/Incendios-Florestais.jpeg?resize=300%2C200&amp;ssl=1 300w\" sizes=\"(max-width: 764px) 100vw, 764px\" \/><\/a><figcaption><em><sub>Foto: Vin\u00edcius Mendon\u00e7a\/Ibama<\/sub><\/em><\/figcaption><\/figure><\/div>\n\n\n\n<p>O combate ao desmatamento e a preven\u00e7\u00e3o e controle dos inc\u00eandios florestais ser\u00e3o avaliados em 2021 pela Comiss\u00e3o de Meio Ambiente. A escolha dessa pol\u00edtica p\u00fablica para an\u00e1lise foi feita nesta quarta-feira (02). Eliziane Gama, do Cidadania do Maranh\u00e3o, e Fabiano Contarato, da Rede Sustentabilidade do Esp\u00edrito Santo, sugeriram a avalia\u00e7\u00e3o da Pol\u00edtica Nacional de Mudan\u00e7as do Clima, e a implementa\u00e7\u00e3o das metas assumidas pelo Brasil no Acordo de Paris. Essa avalia\u00e7\u00e3o seria focada nas a\u00e7\u00f5es de combate ao desmatamento e \u00e0s queimadas nos biomas Cerrado, Amaz\u00f4nia e Pantanal, no exerc\u00edcio de 2021. O presidente da comiss\u00e3o, senador Jaques Wagner, do PT Bahia, destacou a import\u00e2ncia de discutir essas quest\u00f5es.<\/p>\n\n\n\n<p><em>&#8220;O meio ambiente depende de bom senso. N\u00e3o se trata de uma pauta de esquerda, de direita, de empres\u00e1rios ou de trabalhadores, independe de etnia. \u00c9 simplesmente o bom senso, que n\u00f3s precisamos conservar na Casa maior para os nossos filhos, nossos netos e para as futuras gera\u00e7\u00f5es&#8221;<\/em>.<\/p>\n\n\n\n<p>Cada comiss\u00e3o permanente do Senado deve eleger, todos os anos, uma pol\u00edtica p\u00fablica para avalia\u00e7\u00e3o. Ao final da sess\u00e3o legislativa, a comiss\u00e3o apresentar\u00e1 relat\u00f3rio com as conclus\u00f5es da an\u00e1lise. O colegiado tamb\u00e9m aprovou uma s\u00e9rie de audi\u00eancias p\u00fablicas, algumas como parte da campanha Junho Verde, desenvolvida pelo Senado com o objetivo de conscientizar a popula\u00e7\u00e3o sobre a import\u00e2ncia da conserva\u00e7\u00e3o dos ecossistemas e do controle da polui\u00e7\u00e3o e da degrada\u00e7\u00e3o dos recursos naturais. O primeiro debate, previsto para segunda-feira, vai tratar da import\u00e2ncia da alimenta\u00e7\u00e3o saud\u00e1vel e os modelos poss\u00edveis para uma agricultura sustent\u00e1vel.<\/p>\n","protected":false},"excerpt":{"rendered":"<p>Cada comiss\u00e3o permanente do Senado deve eleger, todos os anos, uma pol\u00edtica p\u00fablica para avalia\u00e7\u00e3o O combate ao desmatamento e a preven\u00e7\u00e3o e controle dos inc\u00eandios florestais ser\u00e3o avaliados em 2021 pela Comiss\u00e3o de Meio Ambiente. A escolha dessa pol\u00edtica p\u00fablica para an\u00e1lise foi feita nesta quarta-feira (02). Eliziane Gama, do Cidadania do Maranh\u00e3o, e [&hellip;]<\/p>\n","protected":false},"author":2,"featured_media":56925,"comment_status":"open","ping_status":"open","sticky":false,"template":"","format":"standard","meta":{"_acf_changed":false,"_monsterinsights_skip_tracking":false,"_monsterinsights_sitenote_active":false,"_monsterinsights_sitenote_note":"","_monsterinsights_sitenote_category":0,"_jetpack_memberships_contains_paid_content":false,"footnotes":"","jetpack_publicize_message":"","jetpack_publicize_feature_enabled":true,"jetpack_social_post_already_shared":false,"jetpack_social_options":{"image_generator_settings":{"template":"highway","default_image_id":0,"font":"","enabled":false},"version":2}},"categories":[15],"tags":[],"class_list":["post-56924","post","type-post","status-publish","format-standard","has-post-thumbnail","hentry","category-policia"],"acf":[],"jetpack_publicize_connections":[],"jetpack_featured_media_url":"https:\/\/i0.wp.com\/blogdoeloiltoncajuhy.com.br\/site\/wp-content\/uploads\/2021\/06\/Incendios-Florestais.jpeg?fit=675%2C450&ssl=1","jetpack_sharing_enabled":true,"publishpress_future_workflow_manual_trigger":{"enabledWorkflows":[]},"_links":{"self":[{"href":"https:\/\/blogdoeloiltoncajuhy.com.br\/site\/wp-json\/wp\/v2\/posts\/56924","targetHints":{"allow":["GET"]}}],"collection":[{"href":"https:\/\/blogdoeloiltoncajuhy.com.br\/site\/wp-json\/wp\/v2\/posts"}],"about":[{"href":"https:\/\/blogdoeloiltoncajuhy.com.br\/site\/wp-json\/wp\/v2\/types\/post"}],"author":[{"embeddable":true,"href":"https:\/\/blogdoeloiltoncajuhy.com.br\/site\/wp-json\/wp\/v2\/users\/2"}],"replies":[{"embeddable":true,"href":"https:\/\/blogdoeloiltoncajuhy.com.br\/site\/wp-json\/wp\/v2\/comments?post=56924"}],"version-history":[{"count":2,"href":"https:\/\/blogdoeloiltoncajuhy.com.br\/site\/wp-json\/wp\/v2\/posts\/56924\/revisions"}],"predecessor-version":[{"id":56927,"href":"https:\/\/blogdoeloiltoncajuhy.com.br\/site\/wp-json\/wp\/v2\/posts\/56924\/revisions\/56927"}],"wp:featuredmedia":[{"embeddable":true,"href":"https:\/\/blogdoeloiltoncajuhy.com.br\/site\/wp-json\/wp\/v2\/media\/56925"}],"wp:attachment":[{"href":"https:\/\/blogdoeloiltoncajuhy.com.br\/site\/wp-json\/wp\/v2\/media?parent=56924"}],"wp:term":[{"taxonomy":"category","embeddable":true,"href":"https:\/\/blogdoeloiltoncajuhy.com.br\/site\/wp-json\/wp\/v2\/categories?post=56924"},{"taxonomy":"post_tag","embeddable":true,"href":"https:\/\/blogdoeloiltoncajuhy.com.br\/site\/wp-json\/wp\/v2\/tags?post=56924"}],"curies":[{"name":"wp","href":"https:\/\/api.w.org\/{rel}","templated":true}]}}