{"id":56922,"date":"2021-06-03T09:55:39","date_gmt":"2021-06-03T12:55:39","guid":{"rendered":"http:\/\/blogdoeloiltoncajuhy.com.br\/site\/?p=56922"},"modified":"2021-06-03T09:55:40","modified_gmt":"2021-06-03T12:55:40","slug":"camara-aprova-campanha-contra-violencia-domestica-e-medidas-de-protecao-a-mulheres","status":"publish","type":"post","link":"https:\/\/blogdoeloiltoncajuhy.com.br\/site\/camara-aprova-campanha-contra-violencia-domestica-e-medidas-de-protecao-a-mulheres\/","title":{"rendered":"C\u00e2mara aprova campanha contra viol\u00eancia dom\u00e9stica e medidas de prote\u00e7\u00e3o a mulheres"},"content":{"rendered":"\n<div class=\"wp-block-image\"><figure class=\"aligncenter size-large\"><a href=\"https:\/\/i0.wp.com\/blogdoeloiltoncajuhy.com.br\/site\/wp-content\/uploads\/2021\/03\/ViolenciaContraMulher_90654-02.jpeg\"><img data-recalc-dims=\"1\" fetchpriority=\"high\" decoding=\"async\" width=\"800\" height=\"450\" src=\"https:\/\/i0.wp.com\/blogdoeloiltoncajuhy.com.br\/site\/wp-content\/uploads\/2021\/03\/ViolenciaContraMulher_90654-02.jpeg?resize=800%2C450\" alt=\"\" class=\"wp-image-54481\" srcset=\"https:\/\/i0.wp.com\/blogdoeloiltoncajuhy.com.br\/site\/wp-content\/uploads\/2021\/03\/ViolenciaContraMulher_90654-02.jpeg?w=984&amp;ssl=1 984w, https:\/\/i0.wp.com\/blogdoeloiltoncajuhy.com.br\/site\/wp-content\/uploads\/2021\/03\/ViolenciaContraMulher_90654-02.jpeg?resize=300%2C169&amp;ssl=1 300w, https:\/\/i0.wp.com\/blogdoeloiltoncajuhy.com.br\/site\/wp-content\/uploads\/2021\/03\/ViolenciaContraMulher_90654-02.jpeg?resize=768%2C432&amp;ssl=1 768w\" sizes=\"(max-width: 800px) 100vw, 800px\" \/><\/a><\/figure><\/div>\n\n\n\n<p>A C\u00e2mara dos Deputados aprovou projeto (PL 741\/21) que estabelece uma s\u00e9rie de medidas de prote\u00e7\u00e3o e preven\u00e7\u00e3o de casos de viol\u00eancia contra as mulheres.<\/p>\n\n\n\n<p>A proposta, que teve como relatora a deputada Perp\u00e9tua Almeida (PCdoB-AC), prev\u00ea no C\u00f3digo Penal o crime de viol\u00eancia psicol\u00f3gica contra a mulher, aumenta a pena para les\u00e3o corporal quando a v\u00edtima \u00e9 do sexo feminino e inclui na legisla\u00e7\u00e3o o programa Sinal Vermelho Contra a Viol\u00eancia Dom\u00e9stica.<\/p>\n\n\n\n<p>Este programa prev\u00ea a coopera\u00e7\u00e3o de empresas, e qualquer entidade privada, em uma rede de ajuda a mulheres v\u00edtimas de viol\u00eancia. Esta rede poder\u00e1 ser acionada com um simples X desenhado na cor vermelha na palma da m\u00e3o.<\/p>\n\n\n\n<p>Sempre que uma mulher exibir este sinal em qualquer estabelecimento, ela ter\u00e1 acesso a atendimento r\u00e1pido e medidas de prote\u00e7\u00e3o. Para isso, o poder Executivo, em conjunto com o Judici\u00e1rio, o Minist\u00e9rio P\u00fablico, a Defensoria P\u00fablica e os \u00f3rg\u00e3os de seguran\u00e7a p\u00fablica, poder\u00e3o firmar conv\u00eanio com as entidades privadas para implementar o programa e criar um canal de comunica\u00e7\u00e3o para ajudar as mulheres.<\/p>\n\n\n\n<p>O projeto foi assinado por v\u00e1rias deputadas a partir de proposta original encaminhada pela presidente da Associa\u00e7\u00e3o dos Magistrados Brasileiros (AMB), Renata Gil Videira, como explica a deputada Celina Le\u00e3o (PP-DF), coordenadora da Secretaria da Mulher da C\u00e2mara.<\/p>\n\n\n\n<p><em>\u201cO poder Judici\u00e1rio, representado pela doutora Renata Gil, que cuida todos os dias de casos de viol\u00eancia dom\u00e9stica, nos traz um texto que foi protocolado pela deputada Soraya Santos e pela deputada Margarete Coelho (PP-PI), que rapidamente teve apoio de todas as colegas e a unidade da bancada feminina, tanto da direita como da esquerda. E este texto a gente entende como uma s\u00faplica do poder Judici\u00e1rio para a gente diminuir a viol\u00eancia dom\u00e9stica contra as mulheres, a viol\u00eancia de todas as formas contra as mulheres\u201d<\/em>.<\/p>\n\n\n\n<p>O projeto aumenta a pena para les\u00e3o corporal quando a v\u00edtima for mulher. E prev\u00ea o crime de viol\u00eancia psicol\u00f3gica, com pena de reclus\u00e3o de seis meses a dois anos e multa.<\/p>\n\n\n\n<p>A proposta original tratava o feminic\u00eddio como crime aut\u00f4nomo, mas isso foi retirado do texto pela relatora, Perp\u00e9tua Almeida, por j\u00e1 ter sido previsto em projeto aprovado recentemente na C\u00e2mara, e que j\u00e1 est\u00e1 em an\u00e1lise no Senado (PL 1568\/19). O mesmo em rela\u00e7\u00e3o ao crime de persegui\u00e7\u00e3o, que j\u00e1 virou lei este ano (Lei 14.132\/21).<\/p>\n\n\n\n<p>Para a deputada Soraya Santos (PL-RJ), uma das autoras do projeto, est\u00e1 na hora de dar um basta \u00e0 viol\u00eancia contra as mulheres.<\/p>\n\n\n\n<p><em>\u201cO Brasil \u00e9 o quinto pa\u00eds em viol\u00eancia dom\u00e9stica, por isso este sinal do basta. Hoje mesmo na nossa cidade, minha e da Renata Gil, tivemos um feminic\u00eddio absurdo no principal shopping de Niter\u00f3i. Uma mulher foi morta a facadas. Basta!\u201d<\/em><\/p>\n\n\n\n<p>O projeto que estabelece medidas protetivas para as mulheres segue agora para an\u00e1lise do Senado.<\/p>\n","protected":false},"excerpt":{"rendered":"<p>A C\u00e2mara dos Deputados aprovou projeto (PL 741\/21) que estabelece uma s\u00e9rie de medidas de prote\u00e7\u00e3o e preven\u00e7\u00e3o de casos de viol\u00eancia contra as mulheres. A proposta, que teve como relatora a deputada Perp\u00e9tua Almeida (PCdoB-AC), prev\u00ea no C\u00f3digo Penal o crime de viol\u00eancia psicol\u00f3gica contra a mulher, aumenta a pena para les\u00e3o corporal quando [&hellip;]<\/p>\n","protected":false},"author":2,"featured_media":54481,"comment_status":"open","ping_status":"open","sticky":false,"template":"","format":"standard","meta":{"_acf_changed":false,"_monsterinsights_skip_tracking":false,"_monsterinsights_sitenote_active":false,"_monsterinsights_sitenote_note":"","_monsterinsights_sitenote_category":0,"_jetpack_memberships_contains_paid_content":false,"footnotes":"","jetpack_publicize_message":"","jetpack_publicize_feature_enabled":true,"jetpack_social_post_already_shared":false,"jetpack_social_options":{"image_generator_settings":{"template":"highway","default_image_id":0,"font":"","enabled":false},"version":2}},"categories":[3],"tags":[],"class_list":["post-56922","post","type-post","status-publish","format-standard","has-post-thumbnail","hentry","category-politica"],"acf":[],"jetpack_publicize_connections":[],"jetpack_featured_media_url":"https:\/\/i0.wp.com\/blogdoeloiltoncajuhy.com.br\/site\/wp-content\/uploads\/2021\/03\/ViolenciaContraMulher_90654-02.jpeg?fit=984%2C554&ssl=1","jetpack_sharing_enabled":true,"publishpress_future_workflow_manual_trigger":{"enabledWorkflows":[]},"_links":{"self":[{"href":"https:\/\/blogdoeloiltoncajuhy.com.br\/site\/wp-json\/wp\/v2\/posts\/56922","targetHints":{"allow":["GET"]}}],"collection":[{"href":"https:\/\/blogdoeloiltoncajuhy.com.br\/site\/wp-json\/wp\/v2\/posts"}],"about":[{"href":"https:\/\/blogdoeloiltoncajuhy.com.br\/site\/wp-json\/wp\/v2\/types\/post"}],"author":[{"embeddable":true,"href":"https:\/\/blogdoeloiltoncajuhy.com.br\/site\/wp-json\/wp\/v2\/users\/2"}],"replies":[{"embeddable":true,"href":"https:\/\/blogdoeloiltoncajuhy.com.br\/site\/wp-json\/wp\/v2\/comments?post=56922"}],"version-history":[{"count":1,"href":"https:\/\/blogdoeloiltoncajuhy.com.br\/site\/wp-json\/wp\/v2\/posts\/56922\/revisions"}],"predecessor-version":[{"id":56923,"href":"https:\/\/blogdoeloiltoncajuhy.com.br\/site\/wp-json\/wp\/v2\/posts\/56922\/revisions\/56923"}],"wp:featuredmedia":[{"embeddable":true,"href":"https:\/\/blogdoeloiltoncajuhy.com.br\/site\/wp-json\/wp\/v2\/media\/54481"}],"wp:attachment":[{"href":"https:\/\/blogdoeloiltoncajuhy.com.br\/site\/wp-json\/wp\/v2\/media?parent=56922"}],"wp:term":[{"taxonomy":"category","embeddable":true,"href":"https:\/\/blogdoeloiltoncajuhy.com.br\/site\/wp-json\/wp\/v2\/categories?post=56922"},{"taxonomy":"post_tag","embeddable":true,"href":"https:\/\/blogdoeloiltoncajuhy.com.br\/site\/wp-json\/wp\/v2\/tags?post=56922"}],"curies":[{"name":"wp","href":"https:\/\/api.w.org\/{rel}","templated":true}]}}