{"id":56895,"date":"2021-06-02T09:39:44","date_gmt":"2021-06-02T12:39:44","guid":{"rendered":"http:\/\/blogdoeloiltoncajuhy.com.br\/site\/?p=56895"},"modified":"2021-06-02T09:39:45","modified_gmt":"2021-06-02T12:39:45","slug":"morre-advogado-saul-quadros-ex-presidente-da-oab-ba","status":"publish","type":"post","link":"https:\/\/blogdoeloiltoncajuhy.com.br\/site\/morre-advogado-saul-quadros-ex-presidente-da-oab-ba\/","title":{"rendered":"Morre advogado Saul Quadros, ex-presidente da OAB-BA"},"content":{"rendered":"\n<h5 class=\"has-text-align-center wp-block-heading\"><em>Advogado estava internado no Hospital Alian\u00e7a, em Salvador, e morreu na madrugada desta quarta-feira (2). Em mar\u00e7o, a esposa do jurista tamb\u00e9m chegou a ser internada, mas se recuperou da doen\u00e7a<\/em><\/h5>\n\n\n\n<div class=\"wp-block-image\"><figure class=\"aligncenter size-large\"><a href=\"https:\/\/i0.wp.com\/blogdoeloiltoncajuhy.com.br\/site\/wp-content\/uploads\/2021\/06\/Saul-Quadros.jpg\"><img data-recalc-dims=\"1\" fetchpriority=\"high\" decoding=\"async\" width=\"800\" height=\"499\" src=\"https:\/\/i0.wp.com\/blogdoeloiltoncajuhy.com.br\/site\/wp-content\/uploads\/2021\/06\/Saul-Quadros.jpg?resize=800%2C499\" alt=\"\" class=\"wp-image-56896\" srcset=\"https:\/\/i0.wp.com\/blogdoeloiltoncajuhy.com.br\/site\/wp-content\/uploads\/2021\/06\/Saul-Quadros.jpg?w=984&amp;ssl=1 984w, https:\/\/i0.wp.com\/blogdoeloiltoncajuhy.com.br\/site\/wp-content\/uploads\/2021\/06\/Saul-Quadros.jpg?resize=300%2C187&amp;ssl=1 300w, https:\/\/i0.wp.com\/blogdoeloiltoncajuhy.com.br\/site\/wp-content\/uploads\/2021\/06\/Saul-Quadros.jpg?resize=768%2C479&amp;ssl=1 768w\" sizes=\"(max-width: 800px) 100vw, 800px\" \/><\/a><figcaption><em><sub>Saul Quadros estava internado no Hospital Alian\u00e7a para tratar complica\u00e7\u00f5es causadas pela Covid-19 \u2014 Foto: Reprodu\u00e7\u00e3o\/Instagram<\/sub><\/em><\/figcaption><\/figure><\/div>\n\n\n\n<p>O advogado e ex-presidente da se\u00e7\u00e3o baiana da Ordem dos Advogados do Brasil (OAB-BA), Saul Quadros, morreu na madrugada desta quarta-feira (2), em Salvador. O falecimento foi confirmado pelo neto Saul Quadros Neto.<\/p>\n\n\n\n<p>O jurista estava internado no Hospital Alian\u00e7a desde abril, quando deu entrada por complica\u00e7\u00f5es causadas pela Covid-19. Em mar\u00e7o, a esposa de Saul, a desembargadora aposentada Ism\u00eania Quadros, chegou a ser internada, mas recebeu alta m\u00e9dica e se recuperou da doen\u00e7a.<\/p>\n\n\n\n<p>A OAB-BA decretou luto oficial de tr\u00eas dias em mem\u00f3ria do advogado. A entidade publicou uma nota de pesar e o atual presidente da Ordem, Fabr\u00edcio Castro, lamentou a perda do colega, prestando solidariedade \u00e0 fam\u00edlia e amigos.<\/p>\n\n\n\n<p><em>&#8220;A morte de Saul Quadros \u00e9 uma grande perda para a classe, que se despede de um advogado, um ex-presidente com relevantes servi\u00e7os prestados \u00e0 Ordem. Sinto bastante o falecimento dele e me solidarizo com a fam\u00edlia e amigos\u201d<\/em>, disse na publica\u00e7\u00e3o.<\/p>\n\n\n\n<p>Saul deixa esposa e os filhos Daniela, Ludmila e Saul Neto, todos tamb\u00e9m advogados. O vel\u00f3rio ser\u00e1 nesta quarta-feira, \u00e0s 16h, no Cemit\u00e9rio Jardim da Saudade, em Salvador.<\/p>\n\n\n\n<p class=\"has-black-color has-text-color has-medium-font-size\"><strong>Biografia<\/strong><\/p>\n\n\n\n<p>Saul Ven\u00e2ncio de Quadros Filho formou-se bacharel em Direito pela Universidade Federal da Bahia (UFBA), em 1966, onde foi l\u00edder estudantil e presidente do Diret\u00f3rio Central dos Estudantes (DCE). Foi procurador geral do Munic\u00edpio de Salvador e era advogado militante nas \u00e1reas de direito p\u00fablico, c\u00edvel, empresarial e trabalhista.<\/p>\n\n\n\n<p>Ele presidiu a Ordem dos Advogados do Brasil Se\u00e7\u00e3o Bahia (OAB-BA) de 2007 a 2012. Tamb\u00e9m foi presidente da Caixa de Assist\u00eancia dos Advogados da Bahia (CAAB), conselheiro federal da OAB e vice-presidente da Associa\u00e7\u00e3o Brasileira dos Advogados Trabalhistas (ABRAT).<\/p>\n\n\n\n<p>Atualmente era membro do Instituto Brasileiro dos Advogados (IAB), da Associa\u00e7\u00e3o Brasileira de Direito Constitucional (ABDC), da Associa\u00e7\u00e3o Ibero Americana de Direito do Trabalho e da Associa\u00e7\u00e3o baiana de advogados trabalhistas. P\u00f3s-graduado em Did\u00e1tica do Ensino Superior, foi professor de Direito Constitucional e Direito do Trabalho.<\/p>\n","protected":false},"excerpt":{"rendered":"<p>Advogado estava internado no Hospital Alian\u00e7a, em Salvador, e morreu na madrugada desta quarta-feira (2). Em mar\u00e7o, a esposa do jurista tamb\u00e9m chegou a ser internada, mas se recuperou da doen\u00e7a O advogado e ex-presidente da se\u00e7\u00e3o baiana da Ordem dos Advogados do Brasil (OAB-BA), Saul Quadros, morreu na madrugada desta quarta-feira (2), em Salvador. [&hellip;]<\/p>\n","protected":false},"author":2,"featured_media":56896,"comment_status":"open","ping_status":"open","sticky":false,"template":"","format":"standard","meta":{"_acf_changed":false,"_monsterinsights_skip_tracking":false,"_monsterinsights_sitenote_active":false,"_monsterinsights_sitenote_note":"","_monsterinsights_sitenote_category":0,"_jetpack_memberships_contains_paid_content":false,"footnotes":"","jetpack_publicize_message":"","jetpack_publicize_feature_enabled":true,"jetpack_social_post_already_shared":false,"jetpack_social_options":{"image_generator_settings":{"template":"highway","default_image_id":0,"font":"","enabled":false},"version":2}},"categories":[1],"tags":[],"class_list":["post-56895","post","type-post","status-publish","format-standard","has-post-thumbnail","hentry","category-noticias"],"acf":[],"jetpack_publicize_connections":[],"jetpack_featured_media_url":"https:\/\/i0.wp.com\/blogdoeloiltoncajuhy.com.br\/site\/wp-content\/uploads\/2021\/06\/Saul-Quadros.jpg?fit=984%2C614&ssl=1","jetpack_sharing_enabled":true,"publishpress_future_workflow_manual_trigger":{"enabledWorkflows":[]},"_links":{"self":[{"href":"https:\/\/blogdoeloiltoncajuhy.com.br\/site\/wp-json\/wp\/v2\/posts\/56895","targetHints":{"allow":["GET"]}}],"collection":[{"href":"https:\/\/blogdoeloiltoncajuhy.com.br\/site\/wp-json\/wp\/v2\/posts"}],"about":[{"href":"https:\/\/blogdoeloiltoncajuhy.com.br\/site\/wp-json\/wp\/v2\/types\/post"}],"author":[{"embeddable":true,"href":"https:\/\/blogdoeloiltoncajuhy.com.br\/site\/wp-json\/wp\/v2\/users\/2"}],"replies":[{"embeddable":true,"href":"https:\/\/blogdoeloiltoncajuhy.com.br\/site\/wp-json\/wp\/v2\/comments?post=56895"}],"version-history":[{"count":2,"href":"https:\/\/blogdoeloiltoncajuhy.com.br\/site\/wp-json\/wp\/v2\/posts\/56895\/revisions"}],"predecessor-version":[{"id":56898,"href":"https:\/\/blogdoeloiltoncajuhy.com.br\/site\/wp-json\/wp\/v2\/posts\/56895\/revisions\/56898"}],"wp:featuredmedia":[{"embeddable":true,"href":"https:\/\/blogdoeloiltoncajuhy.com.br\/site\/wp-json\/wp\/v2\/media\/56896"}],"wp:attachment":[{"href":"https:\/\/blogdoeloiltoncajuhy.com.br\/site\/wp-json\/wp\/v2\/media?parent=56895"}],"wp:term":[{"taxonomy":"category","embeddable":true,"href":"https:\/\/blogdoeloiltoncajuhy.com.br\/site\/wp-json\/wp\/v2\/categories?post=56895"},{"taxonomy":"post_tag","embeddable":true,"href":"https:\/\/blogdoeloiltoncajuhy.com.br\/site\/wp-json\/wp\/v2\/tags?post=56895"}],"curies":[{"name":"wp","href":"https:\/\/api.w.org\/{rel}","templated":true}]}}