{"id":56890,"date":"2021-06-02T09:10:06","date_gmt":"2021-06-02T12:10:06","guid":{"rendered":"http:\/\/blogdoeloiltoncajuhy.com.br\/site\/?p=56890"},"modified":"2021-06-02T09:10:07","modified_gmt":"2021-06-02T12:10:07","slug":"casal-marcante-do-comercio-bonfinense-recebe-homenagem-da-camara-municipal-de-senhor-do-bonfim","status":"publish","type":"post","link":"https:\/\/blogdoeloiltoncajuhy.com.br\/site\/casal-marcante-do-comercio-bonfinense-recebe-homenagem-da-camara-municipal-de-senhor-do-bonfim\/","title":{"rendered":"Casal marcante do com\u00e9rcio bonfinense recebe homenagem da C\u00e2mara Municipal de Senhor do Bonfim"},"content":{"rendered":"\n<div class=\"wp-block-image\"><figure class=\"aligncenter size-large\"><a href=\"https:\/\/i0.wp.com\/blogdoeloiltoncajuhy.com.br\/site\/wp-content\/uploads\/2021\/06\/Justino-e-Eliete.jpeg\"><img data-recalc-dims=\"1\" fetchpriority=\"high\" decoding=\"async\" width=\"800\" height=\"452\" src=\"https:\/\/i0.wp.com\/blogdoeloiltoncajuhy.com.br\/site\/wp-content\/uploads\/2021\/06\/Justino-e-Eliete-1024x578.jpeg?resize=800%2C452\" alt=\"\" class=\"wp-image-56891\" srcset=\"https:\/\/i0.wp.com\/blogdoeloiltoncajuhy.com.br\/site\/wp-content\/uploads\/2021\/06\/Justino-e-Eliete.jpeg?resize=1024%2C578&amp;ssl=1 1024w, https:\/\/i0.wp.com\/blogdoeloiltoncajuhy.com.br\/site\/wp-content\/uploads\/2021\/06\/Justino-e-Eliete.jpeg?resize=300%2C169&amp;ssl=1 300w, https:\/\/i0.wp.com\/blogdoeloiltoncajuhy.com.br\/site\/wp-content\/uploads\/2021\/06\/Justino-e-Eliete.jpeg?resize=768%2C434&amp;ssl=1 768w, https:\/\/i0.wp.com\/blogdoeloiltoncajuhy.com.br\/site\/wp-content\/uploads\/2021\/06\/Justino-e-Eliete.jpeg?w=1080&amp;ssl=1 1080w\" sizes=\"(max-width: 800px) 100vw, 800px\" \/><\/a><\/figure><\/div>\n\n\n\n<p>O casal Justino Dias de Andrade e Eliete Amarante Andrade foi agraciado na noite desta ter\u00e7a-feira (1\u00b0), em solenidade na C\u00e2mara Municipal de Senhor do Bonfim, com o t\u00edtulo de cidad\u00e3os bonfinenses, pelos vereadores L\u00facia Cerqueira e Herm\u00f3genes Almeida.<\/p>\n\n\n\n<p>Nascidos em Monte Santo\/Ba, s\u00e3o os pais de Meyre \u00c2ngela de Andrade Nascimento, Maria Perpetua Andrade Santos, Robson Andrade, Willams Andrade e Paula Regina Andrade.<\/p>\n\n\n\n<p>Mudaram-se para Senhor do Bonfim no ano de 1971, onde se estabeleceram no ramo de panifica\u00e7\u00e3o e lanchonete abrindo a Panificadora e Lanchonete Andrade, na Pra\u00e7a Augusto Sena Gomes, servindo com muita dedica\u00e7\u00e3o e amor a esta cidade. Aqui foram acolhidos e acolheram, fazendo assim, honrosas amizades.<\/p>\n\n\n\n<p>No ano de 2020 encerraram o ciclo de comerciantes para desfrutar a t\u00e3o merecida aposentadoria.<\/p>\n\n\n\n<div class=\"wp-block-image\"><figure class=\"aligncenter size-large\"><a href=\"https:\/\/i0.wp.com\/blogdoeloiltoncajuhy.com.br\/site\/wp-content\/uploads\/2021\/06\/Justino-e-Eliete-familia-e-vereadores.jpeg\"><img data-recalc-dims=\"1\" decoding=\"async\" width=\"800\" height=\"454\" src=\"https:\/\/i0.wp.com\/blogdoeloiltoncajuhy.com.br\/site\/wp-content\/uploads\/2021\/06\/Justino-e-Eliete-familia-e-vereadores.jpeg?resize=800%2C454\" alt=\"\" class=\"wp-image-56892\" srcset=\"https:\/\/i0.wp.com\/blogdoeloiltoncajuhy.com.br\/site\/wp-content\/uploads\/2021\/06\/Justino-e-Eliete-familia-e-vereadores.jpeg?resize=1024%2C581&amp;ssl=1 1024w, https:\/\/i0.wp.com\/blogdoeloiltoncajuhy.com.br\/site\/wp-content\/uploads\/2021\/06\/Justino-e-Eliete-familia-e-vereadores.jpeg?resize=300%2C170&amp;ssl=1 300w, https:\/\/i0.wp.com\/blogdoeloiltoncajuhy.com.br\/site\/wp-content\/uploads\/2021\/06\/Justino-e-Eliete-familia-e-vereadores.jpeg?resize=768%2C436&amp;ssl=1 768w, https:\/\/i0.wp.com\/blogdoeloiltoncajuhy.com.br\/site\/wp-content\/uploads\/2021\/06\/Justino-e-Eliete-familia-e-vereadores.jpeg?w=1080&amp;ssl=1 1080w\" sizes=\"(max-width: 800px) 100vw, 800px\" \/><\/a><\/figure><\/div>\n\n\n\n<p class=\"has-black-color has-text-color\"><strong><em>*Com informa\u00e7\u00f5es da Professora Perp\u00e9tua Andrade<\/em><\/strong><\/p>\n","protected":false},"excerpt":{"rendered":"<p>O casal Justino Dias de Andrade e Eliete Amarante Andrade foi agraciado na noite desta ter\u00e7a-feira (1\u00b0), em solenidade na C\u00e2mara Municipal de Senhor do Bonfim, com o t\u00edtulo de cidad\u00e3os bonfinenses, pelos vereadores L\u00facia Cerqueira e Herm\u00f3genes Almeida. Nascidos em Monte Santo\/Ba, s\u00e3o os pais de Meyre \u00c2ngela de Andrade Nascimento, Maria Perpetua Andrade [&hellip;]<\/p>\n","protected":false},"author":2,"featured_media":56891,"comment_status":"open","ping_status":"open","sticky":false,"template":"","format":"standard","meta":{"_acf_changed":false,"_monsterinsights_skip_tracking":false,"_monsterinsights_sitenote_active":false,"_monsterinsights_sitenote_note":"","_monsterinsights_sitenote_category":0,"_jetpack_memberships_contains_paid_content":false,"footnotes":"","jetpack_publicize_message":"","jetpack_publicize_feature_enabled":true,"jetpack_social_post_already_shared":false,"jetpack_social_options":{"image_generator_settings":{"template":"highway","default_image_id":0,"font":"","enabled":false},"version":2}},"categories":[4],"tags":[],"class_list":["post-56890","post","type-post","status-publish","format-standard","has-post-thumbnail","hentry","category-local"],"acf":[],"jetpack_publicize_connections":[],"jetpack_featured_media_url":"https:\/\/i0.wp.com\/blogdoeloiltoncajuhy.com.br\/site\/wp-content\/uploads\/2021\/06\/Justino-e-Eliete.jpeg?fit=1080%2C610&ssl=1","jetpack_sharing_enabled":true,"publishpress_future_workflow_manual_trigger":{"enabledWorkflows":[]},"_links":{"self":[{"href":"https:\/\/blogdoeloiltoncajuhy.com.br\/site\/wp-json\/wp\/v2\/posts\/56890","targetHints":{"allow":["GET"]}}],"collection":[{"href":"https:\/\/blogdoeloiltoncajuhy.com.br\/site\/wp-json\/wp\/v2\/posts"}],"about":[{"href":"https:\/\/blogdoeloiltoncajuhy.com.br\/site\/wp-json\/wp\/v2\/types\/post"}],"author":[{"embeddable":true,"href":"https:\/\/blogdoeloiltoncajuhy.com.br\/site\/wp-json\/wp\/v2\/users\/2"}],"replies":[{"embeddable":true,"href":"https:\/\/blogdoeloiltoncajuhy.com.br\/site\/wp-json\/wp\/v2\/comments?post=56890"}],"version-history":[{"count":2,"href":"https:\/\/blogdoeloiltoncajuhy.com.br\/site\/wp-json\/wp\/v2\/posts\/56890\/revisions"}],"predecessor-version":[{"id":56894,"href":"https:\/\/blogdoeloiltoncajuhy.com.br\/site\/wp-json\/wp\/v2\/posts\/56890\/revisions\/56894"}],"wp:featuredmedia":[{"embeddable":true,"href":"https:\/\/blogdoeloiltoncajuhy.com.br\/site\/wp-json\/wp\/v2\/media\/56891"}],"wp:attachment":[{"href":"https:\/\/blogdoeloiltoncajuhy.com.br\/site\/wp-json\/wp\/v2\/media?parent=56890"}],"wp:term":[{"taxonomy":"category","embeddable":true,"href":"https:\/\/blogdoeloiltoncajuhy.com.br\/site\/wp-json\/wp\/v2\/categories?post=56890"},{"taxonomy":"post_tag","embeddable":true,"href":"https:\/\/blogdoeloiltoncajuhy.com.br\/site\/wp-json\/wp\/v2\/tags?post=56890"}],"curies":[{"name":"wp","href":"https:\/\/api.w.org\/{rel}","templated":true}]}}