{"id":56882,"date":"2021-06-01T07:08:27","date_gmt":"2021-06-01T10:08:27","guid":{"rendered":"http:\/\/blogdoeloiltoncajuhy.com.br\/site\/?p=56882"},"modified":"2021-06-01T07:08:28","modified_gmt":"2021-06-01T10:08:28","slug":"enem-2021-sera-realizado-nos-dias-21-e-28-de-novembro-diz-ministro-da-educacao","status":"publish","type":"post","link":"https:\/\/blogdoeloiltoncajuhy.com.br\/site\/enem-2021-sera-realizado-nos-dias-21-e-28-de-novembro-diz-ministro-da-educacao\/","title":{"rendered":"Enem 2021 ser\u00e1 realizado nos dias 21 e 28 de novembro, diz ministro da Educa\u00e7\u00e3o"},"content":{"rendered":"\n<div class=\"wp-block-image\"><figure class=\"aligncenter size-large\"><a href=\"https:\/\/i0.wp.com\/blogdoeloiltoncajuhy.com.br\/site\/wp-content\/uploads\/2021\/01\/Enem-2021-8524.jpg\"><img data-recalc-dims=\"1\" fetchpriority=\"high\" decoding=\"async\" width=\"800\" height=\"534\" src=\"https:\/\/i0.wp.com\/blogdoeloiltoncajuhy.com.br\/site\/wp-content\/uploads\/2021\/01\/Enem-2021-8524.jpg?resize=800%2C534\" alt=\"\" class=\"wp-image-52911\" srcset=\"https:\/\/i0.wp.com\/blogdoeloiltoncajuhy.com.br\/site\/wp-content\/uploads\/2021\/01\/Enem-2021-8524.jpg?resize=1024%2C683&amp;ssl=1 1024w, https:\/\/i0.wp.com\/blogdoeloiltoncajuhy.com.br\/site\/wp-content\/uploads\/2021\/01\/Enem-2021-8524.jpg?resize=300%2C200&amp;ssl=1 300w, https:\/\/i0.wp.com\/blogdoeloiltoncajuhy.com.br\/site\/wp-content\/uploads\/2021\/01\/Enem-2021-8524.jpg?resize=768%2C512&amp;ssl=1 768w, https:\/\/i0.wp.com\/blogdoeloiltoncajuhy.com.br\/site\/wp-content\/uploads\/2021\/01\/Enem-2021-8524.jpg?w=1254&amp;ssl=1 1254w\" sizes=\"(max-width: 800px) 100vw, 800px\" \/><\/a><\/figure><\/div>\n\n\n\n<p>O ministro da Educa\u00e7\u00e3o, Milton Ribeiro revelou que a edi\u00e7\u00e3o 2021 do Enem, impressa e digital, ser\u00e1 realizada nos dias 21 e 28 de novembro. Ribeiro comentou tamb\u00e9m que a inscri\u00e7\u00e3o para a prova vai ocorrer entre 30 de junho e 14 de julho. Ele afirma que os editais com as principais informa\u00e7\u00f5es sobre a prova ser\u00e3o publicados no Di\u00e1rio Oficial da Uni\u00e3o ainda nesta semana.<\/p>\n\n\n\n<p><em>&#8220;Conforme eu j\u00e1 havia anunciado dias atr\u00e1s, o Enem 2021 acontecer\u00e1 e ser\u00e1 aplicado neste ano. As provas ser\u00e3o aplicadas nos dias 21 e 28 de novembro, para as vers\u00f5es impressa e digital. \u00c9 isso mesmo! A mesma prova, nas mesmas datas, para as duas modalidades&#8221;<\/em>, disse Ribeiro.<\/p>\n\n\n\n<p><em>&#8220;A seguran\u00e7a e a isonomia do Enem ser\u00e3o sempre mantidas pelo Inep e pelo MEC&#8221;<\/em>, disse o ministro em postagem nas redes sociais.<\/p>\n","protected":false},"excerpt":{"rendered":"<p>O ministro da Educa\u00e7\u00e3o, Milton Ribeiro revelou que a edi\u00e7\u00e3o 2021 do Enem, impressa e digital, ser\u00e1 realizada nos dias 21 e 28 de novembro. Ribeiro comentou tamb\u00e9m que a inscri\u00e7\u00e3o para a prova vai ocorrer entre 30 de junho e 14 de julho. Ele afirma que os editais com as principais informa\u00e7\u00f5es sobre a [&hellip;]<\/p>\n","protected":false},"author":2,"featured_media":52911,"comment_status":"open","ping_status":"open","sticky":false,"template":"","format":"standard","meta":{"_acf_changed":false,"_monsterinsights_skip_tracking":false,"_monsterinsights_sitenote_active":false,"_monsterinsights_sitenote_note":"","_monsterinsights_sitenote_category":0,"_jetpack_memberships_contains_paid_content":false,"footnotes":"","jetpack_publicize_message":"","jetpack_publicize_feature_enabled":true,"jetpack_social_post_already_shared":false,"jetpack_social_options":{"image_generator_settings":{"template":"highway","default_image_id":0,"font":"","enabled":false},"version":2}},"categories":[14],"tags":[],"class_list":["post-56882","post","type-post","status-publish","format-standard","has-post-thumbnail","hentry","category-educacao"],"acf":[],"jetpack_publicize_connections":[],"jetpack_featured_media_url":"https:\/\/i0.wp.com\/blogdoeloiltoncajuhy.com.br\/site\/wp-content\/uploads\/2021\/01\/Enem-2021-8524.jpg?fit=1254%2C836&ssl=1","jetpack_sharing_enabled":true,"publishpress_future_workflow_manual_trigger":{"enabledWorkflows":[]},"_links":{"self":[{"href":"https:\/\/blogdoeloiltoncajuhy.com.br\/site\/wp-json\/wp\/v2\/posts\/56882","targetHints":{"allow":["GET"]}}],"collection":[{"href":"https:\/\/blogdoeloiltoncajuhy.com.br\/site\/wp-json\/wp\/v2\/posts"}],"about":[{"href":"https:\/\/blogdoeloiltoncajuhy.com.br\/site\/wp-json\/wp\/v2\/types\/post"}],"author":[{"embeddable":true,"href":"https:\/\/blogdoeloiltoncajuhy.com.br\/site\/wp-json\/wp\/v2\/users\/2"}],"replies":[{"embeddable":true,"href":"https:\/\/blogdoeloiltoncajuhy.com.br\/site\/wp-json\/wp\/v2\/comments?post=56882"}],"version-history":[{"count":2,"href":"https:\/\/blogdoeloiltoncajuhy.com.br\/site\/wp-json\/wp\/v2\/posts\/56882\/revisions"}],"predecessor-version":[{"id":56884,"href":"https:\/\/blogdoeloiltoncajuhy.com.br\/site\/wp-json\/wp\/v2\/posts\/56882\/revisions\/56884"}],"wp:featuredmedia":[{"embeddable":true,"href":"https:\/\/blogdoeloiltoncajuhy.com.br\/site\/wp-json\/wp\/v2\/media\/52911"}],"wp:attachment":[{"href":"https:\/\/blogdoeloiltoncajuhy.com.br\/site\/wp-json\/wp\/v2\/media?parent=56882"}],"wp:term":[{"taxonomy":"category","embeddable":true,"href":"https:\/\/blogdoeloiltoncajuhy.com.br\/site\/wp-json\/wp\/v2\/categories?post=56882"},{"taxonomy":"post_tag","embeddable":true,"href":"https:\/\/blogdoeloiltoncajuhy.com.br\/site\/wp-json\/wp\/v2\/tags?post=56882"}],"curies":[{"name":"wp","href":"https:\/\/api.w.org\/{rel}","templated":true}]}}