{"id":56875,"date":"2021-06-01T06:34:45","date_gmt":"2021-06-01T09:34:45","guid":{"rendered":"http:\/\/blogdoeloiltoncajuhy.com.br\/site\/?p=56875"},"modified":"2021-06-01T06:34:47","modified_gmt":"2021-06-01T09:34:47","slug":"governo-prorroga-toque-de-recolher-e-proibe-venda-de-bebida-alcoolica-no-fim-de-semana","status":"publish","type":"post","link":"https:\/\/blogdoeloiltoncajuhy.com.br\/site\/governo-prorroga-toque-de-recolher-e-proibe-venda-de-bebida-alcoolica-no-fim-de-semana\/","title":{"rendered":"Governo prorroga toque de recolher e pro\u00edbe venda de bebida alco\u00f3lica no fim de semana"},"content":{"rendered":"\n<div class=\"wp-block-image\"><figure class=\"aligncenter size-large\"><a href=\"https:\/\/i0.wp.com\/blogdoeloiltoncajuhy.com.br\/site\/wp-content\/uploads\/2021\/04\/CoronaToqueRecolher_Abr-2021.jpg\"><img data-recalc-dims=\"1\" fetchpriority=\"high\" decoding=\"async\" width=\"768\" height=\"512\" src=\"https:\/\/i0.wp.com\/blogdoeloiltoncajuhy.com.br\/site\/wp-content\/uploads\/2021\/04\/CoronaToqueRecolher_Abr-2021.jpg?resize=768%2C512\" alt=\"\" class=\"wp-image-55705\" srcset=\"https:\/\/i0.wp.com\/blogdoeloiltoncajuhy.com.br\/site\/wp-content\/uploads\/2021\/04\/CoronaToqueRecolher_Abr-2021.jpg?w=768&amp;ssl=1 768w, https:\/\/i0.wp.com\/blogdoeloiltoncajuhy.com.br\/site\/wp-content\/uploads\/2021\/04\/CoronaToqueRecolher_Abr-2021.jpg?resize=300%2C200&amp;ssl=1 300w\" sizes=\"(max-width: 768px) 100vw, 768px\" \/><\/a><figcaption><em><sub>Foto: El\u00f3i Corr\u00eaa\/GOVBA<\/sub><\/em><\/figcaption><\/figure><\/div>\n\n\n\n<p>O Governo do Estado decidiu prorrogar a restri\u00e7\u00e3o da locomo\u00e7\u00e3o noturna de pessoas das 21h \u00e0s 5h, em toda a Bahia, at\u00e9 8 de junho. Nos munic\u00edpios localizados nas regi\u00f5es da Chapada Diamantina, Oeste, Irec\u00ea, Jacobina, Sudoeste e Extremo-Sul, o toque de recolher vale das 20h \u00e0s 5h. A prorroga\u00e7\u00e3o ser\u00e1 publicada no Di\u00e1rio Oficial do Estado (DOE) desta ter\u00e7a-feira (1\u00ba).<\/p>\n\n\n\n<p>Os estabelecimentos comerciais que funcionem como restaurantes, bares e cong\u00eaneres, localizados nessas seis regi\u00f5es, dever\u00e3o encerrar o atendimento presencial \u00e0s 19h, permitidos os servi\u00e7os de entrega em domic\u00edlio (delivery) de alimenta\u00e7\u00e3o at\u00e9 as 24h.<\/p>\n\n\n\n<p>Nos munic\u00edpios integrantes das regi\u00f5es de sa\u00fade em que a taxa de ocupa\u00e7\u00e3o de leitos de UTI vier a se manter igual ou inferior a 75%, por cinco dias consecutivos, a restri\u00e7\u00e3o na locomo\u00e7\u00e3o noturna ser\u00e1 v\u00e1lida das 22h \u00e0s 5h.<\/p>\n\n\n\n<p>Fica vedada, em todo o territ\u00f3rio baiano, a venda de bebida alco\u00f3lica em quaisquer estabelecimentos, inclusive por sistema de entrega em domic\u00edlio (delivery), no per\u00edodo das 18h de 4 de junho at\u00e9 as 5h de 7 de junho.<\/p>\n\n\n\n<p>A comercializa\u00e7\u00e3o de bebida alco\u00f3lica no fim de semana ser\u00e1 liberada somente em munic\u00edpios integrantes de regi\u00f5es de sa\u00fade em que a taxa de ocupa\u00e7\u00e3o de leitos de UTI vier a se manter igual ou inferior a 75%, por cinco dias consecutivos.<\/p>\n\n\n\n<p class=\"has-black-color has-text-color has-medium-font-size\"><strong>Aulas<\/strong><\/p>\n\n\n\n<p>As unidades de ensino p\u00fablicas e particulares podem manter as atividades de forma semipresencial. Para que isso ocorra, \u00e9 necess\u00e1rio que a taxa de ocupa\u00e7\u00e3o de leitos de UTI Covid esteja abaixo de 75%, por cinco dias consecutivos, nas regi\u00f5es de sa\u00fade.<\/p>\n\n\n\n<p>Al\u00e9m disso, as atividades letivas devem ficar condicionadas \u00e0 ocupa\u00e7\u00e3o m\u00e1xima de 50% da capacidade de cada sala de aula e ao atendimento dos protocolos sanit\u00e1rios estabelecidos.<\/p>\n\n\n\n<p class=\"has-black-color has-text-color has-medium-font-size\"><strong>Eventos e shows<\/strong><\/p>\n\n\n\n<p>Os eventos e atividades que envolvam aglomera\u00e7\u00e3o de pessoas continuam proibidos at\u00e9 8 de junho, em todo o territ\u00f3rio baiano, independentemente do n\u00famero de participantes, ainda que previamente autorizados. Segue suspensa ainda, at\u00e9 8 de junho, a realiza\u00e7\u00e3o de shows, festas, p\u00fablicas ou privadas, e afins, independentemente do n\u00famero de participantes, al\u00e9m de atividades esportivas amadoras em todos os munic\u00edpios baianos.<\/p>\n\n\n\n<p>Os eventos exclusivamente cient\u00edficos e profissionais podem ocorrer com p\u00fablico limitado a 50 pessoas. J\u00e1 os atos religiosos lit\u00fargicos ficam permitidos mediante a ocupa\u00e7\u00e3o m\u00e1xima de 25% da capacidade do local. O funcionamento das academias tamb\u00e9m permanece autorizado mediante a ocupa\u00e7\u00e3o m\u00e1xima de 50%.<\/p>\n","protected":false},"excerpt":{"rendered":"<p>O Governo do Estado decidiu prorrogar a restri\u00e7\u00e3o da locomo\u00e7\u00e3o noturna de pessoas das 21h \u00e0s 5h, em toda a Bahia, at\u00e9 8 de junho. Nos munic\u00edpios localizados nas regi\u00f5es da Chapada Diamantina, Oeste, Irec\u00ea, Jacobina, Sudoeste e Extremo-Sul, o toque de recolher vale das 20h \u00e0s 5h. A prorroga\u00e7\u00e3o ser\u00e1 publicada no Di\u00e1rio Oficial [&hellip;]<\/p>\n","protected":false},"author":2,"featured_media":55705,"comment_status":"open","ping_status":"open","sticky":false,"template":"","format":"standard","meta":{"_acf_changed":false,"_monsterinsights_skip_tracking":false,"_monsterinsights_sitenote_active":false,"_monsterinsights_sitenote_note":"","_monsterinsights_sitenote_category":0,"_jetpack_memberships_contains_paid_content":false,"footnotes":"","jetpack_publicize_message":"","jetpack_publicize_feature_enabled":true,"jetpack_social_post_already_shared":false,"jetpack_social_options":{"image_generator_settings":{"template":"highway","default_image_id":0,"font":"","enabled":false},"version":2}},"categories":[7],"tags":[],"class_list":["post-56875","post","type-post","status-publish","format-standard","has-post-thumbnail","hentry","category-saude"],"acf":[],"jetpack_publicize_connections":[],"jetpack_featured_media_url":"https:\/\/i0.wp.com\/blogdoeloiltoncajuhy.com.br\/site\/wp-content\/uploads\/2021\/04\/CoronaToqueRecolher_Abr-2021.jpg?fit=768%2C512&ssl=1","jetpack_sharing_enabled":true,"publishpress_future_workflow_manual_trigger":{"enabledWorkflows":[]},"_links":{"self":[{"href":"https:\/\/blogdoeloiltoncajuhy.com.br\/site\/wp-json\/wp\/v2\/posts\/56875","targetHints":{"allow":["GET"]}}],"collection":[{"href":"https:\/\/blogdoeloiltoncajuhy.com.br\/site\/wp-json\/wp\/v2\/posts"}],"about":[{"href":"https:\/\/blogdoeloiltoncajuhy.com.br\/site\/wp-json\/wp\/v2\/types\/post"}],"author":[{"embeddable":true,"href":"https:\/\/blogdoeloiltoncajuhy.com.br\/site\/wp-json\/wp\/v2\/users\/2"}],"replies":[{"embeddable":true,"href":"https:\/\/blogdoeloiltoncajuhy.com.br\/site\/wp-json\/wp\/v2\/comments?post=56875"}],"version-history":[{"count":2,"href":"https:\/\/blogdoeloiltoncajuhy.com.br\/site\/wp-json\/wp\/v2\/posts\/56875\/revisions"}],"predecessor-version":[{"id":56877,"href":"https:\/\/blogdoeloiltoncajuhy.com.br\/site\/wp-json\/wp\/v2\/posts\/56875\/revisions\/56877"}],"wp:featuredmedia":[{"embeddable":true,"href":"https:\/\/blogdoeloiltoncajuhy.com.br\/site\/wp-json\/wp\/v2\/media\/55705"}],"wp:attachment":[{"href":"https:\/\/blogdoeloiltoncajuhy.com.br\/site\/wp-json\/wp\/v2\/media?parent=56875"}],"wp:term":[{"taxonomy":"category","embeddable":true,"href":"https:\/\/blogdoeloiltoncajuhy.com.br\/site\/wp-json\/wp\/v2\/categories?post=56875"},{"taxonomy":"post_tag","embeddable":true,"href":"https:\/\/blogdoeloiltoncajuhy.com.br\/site\/wp-json\/wp\/v2\/tags?post=56875"}],"curies":[{"name":"wp","href":"https:\/\/api.w.org\/{rel}","templated":true}]}}