{"id":56866,"date":"2021-05-31T21:52:24","date_gmt":"2021-06-01T00:52:24","guid":{"rendered":"http:\/\/blogdoeloiltoncajuhy.com.br\/site\/?p=56866"},"modified":"2021-05-31T21:52:26","modified_gmt":"2021-06-01T00:52:26","slug":"if-baiano-oferta-mais-de-7-mil-vagas-para-cursos-tecnicos-em-toda-a-bahia-veja-como-se-inscrever","status":"publish","type":"post","link":"https:\/\/blogdoeloiltoncajuhy.com.br\/site\/if-baiano-oferta-mais-de-7-mil-vagas-para-cursos-tecnicos-em-toda-a-bahia-veja-como-se-inscrever\/","title":{"rendered":"IF Baiano oferta mais de 7 mil vagas para cursos t\u00e9cnicos em toda a Bahia; veja como se inscrever"},"content":{"rendered":"\n<h5 class=\"has-text-align-center wp-block-heading\"><em>Inscri\u00e7\u00f5es come\u00e7am no dia 7 de junho e h\u00e1 oferta de cursos em tr\u00eas modalidades: Integrada, Subsequente e EAD<\/em><\/h5>\n\n\n\n<div class=\"wp-block-image\"><figure class=\"aligncenter size-full is-resized\"><a href=\"https:\/\/i0.wp.com\/blogdoeloiltoncajuhy.com.br\/site\/wp-content\/uploads\/2017\/09\/if-baiano-bonfim1.jpg\"><img data-recalc-dims=\"1\" fetchpriority=\"high\" decoding=\"async\" src=\"https:\/\/i0.wp.com\/blogdoeloiltoncajuhy.com.br\/site\/wp-content\/uploads\/2017\/09\/if-baiano-bonfim1.jpg?resize=742%2C382\" alt=\"\" class=\"wp-image-20023\" width=\"742\" height=\"382\" srcset=\"https:\/\/i0.wp.com\/blogdoeloiltoncajuhy.com.br\/site\/wp-content\/uploads\/2017\/09\/if-baiano-bonfim1.jpg?w=600&amp;ssl=1 600w, https:\/\/i0.wp.com\/blogdoeloiltoncajuhy.com.br\/site\/wp-content\/uploads\/2017\/09\/if-baiano-bonfim1.jpg?resize=300%2C155&amp;ssl=1 300w, https:\/\/i0.wp.com\/blogdoeloiltoncajuhy.com.br\/site\/wp-content\/uploads\/2017\/09\/if-baiano-bonfim1.jpg?resize=250%2C129&amp;ssl=1 250w\" sizes=\"(max-width: 742px) 100vw, 742px\" \/><\/a><\/figure><\/div>\n\n\n\n<p>O Instituto Federal Baiano (IF Baiano) publicou, nesta segunda-feira (31), editais do processo seletivo para ingresso de estudantes nos cursos t\u00e9cnicos de n\u00edvel m\u00e9dio da institui\u00e7\u00e3o. Ao todo s\u00e3o 7.320 vagas em cursos das modalidades Integrada ou Subsequente ao ensino m\u00e9dio e Educa\u00e7\u00e3o \u00e0 Dist\u00e2ncia.<\/p>\n\n\n\n<p>S\u00e3o 20 op\u00e7\u00f5es de cursos, dispon\u00edveis nos 14 campi e em 20 polos EAD da institui\u00e7\u00e3o, localizados diferentes munic\u00edpios baianos. <strong><em>[Veja lista de munic\u00edpios no final da mat\u00e9ria]<\/em><\/strong>.<\/p>\n\n\n\n<p>Para concorrer \u00e0s vagas, interessados devem se inscrever no per\u00edodo de 7 de junho a 9 de julho, exclusivamente no site da Funda\u00e7\u00e3o CEFET Minas.<\/p>\n\n\n\n<p>Ao preencher o formul\u00e1rio de inscri\u00e7\u00e3o, os candidatos podem optar por duas op\u00e7\u00f5es de curso, indicando a ordem de prefer\u00eancia, campus, semestre de oferta e turno para cada uma delas. Tamb\u00e9m devem sinalizar, no momento da inscri\u00e7\u00e3o, em qual categoria da Reserva de Vagas desejam concorrer.<\/p>\n\n\n\n<p>Para os cursos Integrados, 70% das vagas s\u00e3o para candidatos que conclu\u00edram o ensino fundamental integralmente na rede p\u00fablica de ensino, 25% s\u00e3o para candidatos da ampla concorr\u00eancia e 5%, para pessoas com defici\u00eancia.<\/p>\n\n\n\n<p>J\u00e1 nos cursos Subsequentes, 50% das vagas s\u00e3o para candidatos que conclu\u00edram o ensino m\u00e9dio na rede p\u00fablica, 45% para ampla concorr\u00eancia e 5% para pessoas com defici\u00eancia.<\/p>\n\n\n\n<p>A documenta\u00e7\u00e3o exigida nos editais deve ser enviada por meio eletr\u00f4nico, anexada ao sistema da inscri\u00e7\u00e3o. Assim que for poss\u00edvel o retorno das atividades presenciais, os documentos originais ser\u00e3o solicitados para confer\u00eancia.<\/p>\n\n\n\n<p>Em caso de d\u00favidas, candidatos podem entrar em contato por e-mail: concursopublico@fundacaocefetminas.org.br ou acompanhar o site institucional do IF Baiano.<\/p>\n\n\n\n<p class=\"has-black-color has-text-color has-medium-font-size\"><strong>Cursos e modalidades<\/strong><\/p>\n\n\n\n<p>Meio ambiente, Agropecu\u00e1ria e Inform\u00e1tica s\u00e3o algumas das 20 op\u00e7\u00f5es de cursos, dispon\u00edveis nas modalidades Integrada, para quem deseja cursar o ensino m\u00e9dio junto com o curso t\u00e9cnico, e Subsequente, para quem j\u00e1 concluiu o ensino m\u00e9dio.<\/p>\n\n\n\n<p>Estes cursos s\u00e3o oferecidos nos campi do IF Baiano em Alagoinhas, Bom Jesus da Lapa, Catu, Governador Mangabeira, Guanambi, Itaberaba, Itapetinga, Santa In\u00eas, <strong>Senhor do Bonfim<\/strong>, Serrinha, Teixeira de Freitas, Uru\u00e7uca, Valen\u00e7a e Xique-Xique.<\/p>\n\n\n\n<p>No processo seletivo 2021, a novidade \u00e9 a inclus\u00e3o dos cursos Subsequentes da modalidade EAD, com as op\u00e7\u00f5es Multimeios Did\u00e1ticos, Secretaria Escolar e Vendas.<\/p>\n\n\n\n<p>Os cursos EAD s\u00e3o oferecidos nos 14 campi e em 21 polos EAD, localizados em Salvador, Santo Estev\u00e3o, Ibipitanga, Marcion\u00edlio Souza, Potiragu\u00e1, Marac\u00e1s, Caldeir\u00e3o Grande, Capim Grosso, Mundo Novo, Piritiba, Remanso, Araci, Ibirapu\u00e3, Itanh\u00e9m, Jucuru\u00e7u, Medeiros Neto, Mucuri, Nova Vi\u00e7osa, Mara\u00fa, Nazar\u00e9 e Ipuiara.<\/p>\n\n\n\n<p class=\"has-black-color has-text-color has-medium-font-size\"><strong>Sele\u00e7\u00e3o<\/strong><\/p>\n\n\n\n<p>O processo de ingresso do IF Baiano adota a an\u00e1lise de hist\u00f3rico escolar para classificar os candidatos e selecion\u00e1-los conforme a quantidade de vagas.<\/p>\n\n\n\n<p>Para isso, leva em conta a m\u00e9dia final resultante das notas das disciplinas de L\u00edngua Portuguesa e Matem\u00e1tica, do 6\u00ba, 7\u00ba e 8\u00ba anos do ensino fundamental \u2013 para candidatos aos cursos Integrados -, e do 1\u00ba e 2\u00ba anos do ensino m\u00e9dio \u2013 para os candidatos aos cursos Subsequentes.<\/p>\n\n\n\n<p>J\u00e1 para os cursos EAD, a sele\u00e7\u00e3o ser\u00e1 realizada mediante manifesta\u00e7\u00e3o de interesse na vaga e a classifica\u00e7\u00e3o dos candidatos ser\u00e1 obtida conforme a ordem de realiza\u00e7\u00e3o da inscri\u00e7\u00e3o.<\/p>\n\n\n\n<p class=\"has-black-color has-text-color has-medium-font-size\"><strong>Lista de campis do IF Baiano:<\/strong><\/p>\n\n\n\n<ul class=\"wp-block-list\"><li>Alagoinhas<br><\/li><\/ul>\n\n\n\n<ul class=\"wp-block-list\"><li>Bom Jesus da Lapa<br><\/li><\/ul>\n\n\n\n<ul class=\"wp-block-list\"><li>Catu<br><\/li><\/ul>\n\n\n\n<ul class=\"wp-block-list\"><li>Governador Mangabeira<br><\/li><\/ul>\n\n\n\n<ul class=\"wp-block-list\"><li>Guanambi<br><\/li><\/ul>\n\n\n\n<ul class=\"wp-block-list\"><li>Itapetinga<br><\/li><\/ul>\n\n\n\n<ul class=\"wp-block-list\"><li>Santa In\u00eas<br><\/li><\/ul>\n\n\n\n<ul class=\"wp-block-list\"><li><strong>Senhor do Bonfim<\/strong><br><\/li><\/ul>\n\n\n\n<ul class=\"wp-block-list\"><li>Teixeira de Freitas<br><\/li><\/ul>\n\n\n\n<ul class=\"wp-block-list\"><li>Uru\u00e7uca<br><\/li><\/ul>\n\n\n\n<ul class=\"wp-block-list\"><li>Valen\u00e7a<br><\/li><\/ul>\n\n\n\n<ul class=\"wp-block-list\"><li>Serrinha<br><\/li><\/ul>\n\n\n\n<ul class=\"wp-block-list\"><li>Medeiros Neto<br><\/li><\/ul>\n\n\n\n<ul class=\"wp-block-list\"><li>Itaberaba<br><\/li><\/ul>\n\n\n\n<ul class=\"wp-block-list\"><li>Xique-Xique<\/li><\/ul>\n","protected":false},"excerpt":{"rendered":"<p>Inscri\u00e7\u00f5es come\u00e7am no dia 7 de junho e h\u00e1 oferta de cursos em tr\u00eas modalidades: Integrada, Subsequente e EAD O Instituto Federal Baiano (IF Baiano) publicou, nesta segunda-feira (31), editais do processo seletivo para ingresso de estudantes nos cursos t\u00e9cnicos de n\u00edvel m\u00e9dio da institui\u00e7\u00e3o. Ao todo s\u00e3o 7.320 vagas em cursos das modalidades Integrada [&hellip;]<\/p>\n","protected":false},"author":2,"featured_media":20023,"comment_status":"open","ping_status":"open","sticky":false,"template":"","format":"standard","meta":{"_acf_changed":false,"_monsterinsights_skip_tracking":false,"_monsterinsights_sitenote_active":false,"_monsterinsights_sitenote_note":"","_monsterinsights_sitenote_category":0,"_jetpack_memberships_contains_paid_content":false,"footnotes":"","jetpack_publicize_message":"","jetpack_publicize_feature_enabled":true,"jetpack_social_post_already_shared":false,"jetpack_social_options":{"image_generator_settings":{"template":"highway","default_image_id":0,"font":"","enabled":false},"version":2}},"categories":[14],"tags":[],"class_list":["post-56866","post","type-post","status-publish","format-standard","has-post-thumbnail","hentry","category-educacao"],"acf":[],"jetpack_publicize_connections":[],"jetpack_featured_media_url":"https:\/\/i0.wp.com\/blogdoeloiltoncajuhy.com.br\/site\/wp-content\/uploads\/2017\/09\/if-baiano-bonfim1.jpg?fit=600%2C309&ssl=1","jetpack_sharing_enabled":true,"publishpress_future_workflow_manual_trigger":{"enabledWorkflows":[]},"_links":{"self":[{"href":"https:\/\/blogdoeloiltoncajuhy.com.br\/site\/wp-json\/wp\/v2\/posts\/56866","targetHints":{"allow":["GET"]}}],"collection":[{"href":"https:\/\/blogdoeloiltoncajuhy.com.br\/site\/wp-json\/wp\/v2\/posts"}],"about":[{"href":"https:\/\/blogdoeloiltoncajuhy.com.br\/site\/wp-json\/wp\/v2\/types\/post"}],"author":[{"embeddable":true,"href":"https:\/\/blogdoeloiltoncajuhy.com.br\/site\/wp-json\/wp\/v2\/users\/2"}],"replies":[{"embeddable":true,"href":"https:\/\/blogdoeloiltoncajuhy.com.br\/site\/wp-json\/wp\/v2\/comments?post=56866"}],"version-history":[{"count":2,"href":"https:\/\/blogdoeloiltoncajuhy.com.br\/site\/wp-json\/wp\/v2\/posts\/56866\/revisions"}],"predecessor-version":[{"id":56868,"href":"https:\/\/blogdoeloiltoncajuhy.com.br\/site\/wp-json\/wp\/v2\/posts\/56866\/revisions\/56868"}],"wp:featuredmedia":[{"embeddable":true,"href":"https:\/\/blogdoeloiltoncajuhy.com.br\/site\/wp-json\/wp\/v2\/media\/20023"}],"wp:attachment":[{"href":"https:\/\/blogdoeloiltoncajuhy.com.br\/site\/wp-json\/wp\/v2\/media?parent=56866"}],"wp:term":[{"taxonomy":"category","embeddable":true,"href":"https:\/\/blogdoeloiltoncajuhy.com.br\/site\/wp-json\/wp\/v2\/categories?post=56866"},{"taxonomy":"post_tag","embeddable":true,"href":"https:\/\/blogdoeloiltoncajuhy.com.br\/site\/wp-json\/wp\/v2\/tags?post=56866"}],"curies":[{"name":"wp","href":"https:\/\/api.w.org\/{rel}","templated":true}]}}