{"id":56845,"date":"2021-05-31T08:29:27","date_gmt":"2021-05-31T11:29:27","guid":{"rendered":"http:\/\/blogdoeloiltoncajuhy.com.br\/site\/?p=56845"},"modified":"2021-05-31T08:29:28","modified_gmt":"2021-05-31T11:29:28","slug":"caso-beatriz-programa-domingo-espetacular-da-tv-record-revela-nova-imagem-do-suspeito-de-ter-matado-a-crianca","status":"publish","type":"post","link":"https:\/\/blogdoeloiltoncajuhy.com.br\/site\/caso-beatriz-programa-domingo-espetacular-da-tv-record-revela-nova-imagem-do-suspeito-de-ter-matado-a-crianca\/","title":{"rendered":"Caso Beatriz: Programa Domingo Espetacular, da TV Record, revela nova imagem do suspeito de ter matado a crian\u00e7a"},"content":{"rendered":"\n<figure class=\"wp-block-image alignwide size-large\"><a href=\"https:\/\/i0.wp.com\/blogdoeloiltoncajuhy.com.br\/site\/wp-content\/uploads\/2021\/05\/SUSPEITO-CASO-BEATRIZ-NOVA-IMAGEM.jpg\"><img data-recalc-dims=\"1\" fetchpriority=\"high\" decoding=\"async\" width=\"283\" height=\"400\" src=\"https:\/\/i0.wp.com\/blogdoeloiltoncajuhy.com.br\/site\/wp-content\/uploads\/2021\/05\/SUSPEITO-CASO-BEATRIZ-NOVA-IMAGEM.jpg?resize=283%2C400\" alt=\"\" class=\"wp-image-56846\" srcset=\"https:\/\/i0.wp.com\/blogdoeloiltoncajuhy.com.br\/site\/wp-content\/uploads\/2021\/05\/SUSPEITO-CASO-BEATRIZ-NOVA-IMAGEM.jpg?w=283&amp;ssl=1 283w, https:\/\/i0.wp.com\/blogdoeloiltoncajuhy.com.br\/site\/wp-content\/uploads\/2021\/05\/SUSPEITO-CASO-BEATRIZ-NOVA-IMAGEM.jpg?resize=212%2C300&amp;ssl=1 212w\" sizes=\"(max-width: 283px) 100vw, 283px\" \/><\/a><\/figure>\n\n\n\n<p>O Programa Domingo Espetacular, da TV Record, em reportagem exibida neste domingo (30), sobre a investiga\u00e7\u00e3o do assassinato da menina Beatriz Mota, 7 anos, ocorrido no Col\u00e9gio Maria Auxiliadora, em Petrolina-PE, revelou uma nova imagem do suspeito de ter matado a crian\u00e7a.<\/p>\n\n\n\n<p>A composi\u00e7\u00e3o de imagem e v\u00eddeo digitalizada do suspeito foi elaborada por peritos norte americanos, e a fam\u00edlia da crian\u00e7a j\u00e1 pediu ao Governo de Pernambuco autoriza\u00e7\u00e3o para divulg\u00e1-la junto ao Disque-den\u00fancia. <em>\u201cNossa esperan\u00e7a de achar o assassino da minha filha aumentou com esta nova imagem, bem mais pr\u00f3xima do real. Foi elaborada por profissionais de alt\u00edssima compet\u00eancia t\u00e9cnica e recursos tecnol\u00f3gicos, extremamente fundamentais para solu\u00e7\u00e3o do crime. Se algu\u00e9m tiver alguma informa\u00e7\u00e3o, entre em contato com (81) 982564545, ou com o disk-den\u00fancia. A recompensa oferecida \u00e9 de 30 mil reais\u201d<\/em>, afirmou Lucinha ao PNB.<\/p>\n\n\n\n<p>Um comerciante que trabalha pr\u00f3ximo ao col\u00e9gio onde Beatriz Mota foi assassinada, e que viu o suspeito no dia do crime rondando a \u00e1rea pr\u00f3xima \u00e0 institui\u00e7\u00e3o escolar, reconheceu o homem pela nova imagem apresentada pelo programa da Record.<\/p>\n\n\n\n<p>A reportagem exibida no Domingo Espetacular contou com a colabora\u00e7\u00e3o, na produ\u00e7\u00e3o local, da jornalista Sibelle Fonseca e do cinegrafista Ailton Nery, do Portal Preto No Branco.<\/p>\n\n\n\n<p>Beatriz Mota, 7 anos, foi assassinada com 42 facadas durante a festa de formatura da irm\u00e3, no dia 10 de dezembro de 2015 . Quase seis anos depois, a pol\u00edcia pernambucana n\u00e3o conseguiu chegar ao autor ou autores do b\u00e1rbaro crime, e se desconhece a motiva\u00e7\u00e3o.<\/p>\n\n\n\n<p>Lucinha Mota, m\u00e3e de Beatriz, solicitou ao Governo do Estado de Pernambuco que estabele\u00e7a um contrato de coopera\u00e7\u00e3o entre peritos americanos e a Pol\u00edcia Civil para investiga\u00e7\u00e3o do crime. De acordo com Lucinha Mota, o Consulado Americano enviou no dia 09 de setembro de 2020 uma notifica\u00e7\u00e3o ao Governo de Pernambuco, solicitando a participa\u00e7\u00e3o dos peritos no inqu\u00e9rito, mas at\u00e9 o momento n\u00e3o houve respostas.<\/p>\n","protected":false},"excerpt":{"rendered":"<p>O Programa Domingo Espetacular, da TV Record, em reportagem exibida neste domingo (30), sobre a investiga\u00e7\u00e3o do assassinato da menina Beatriz Mota, 7 anos, ocorrido no Col\u00e9gio Maria Auxiliadora, em Petrolina-PE, revelou uma nova imagem do suspeito de ter matado a crian\u00e7a. A composi\u00e7\u00e3o de imagem e v\u00eddeo digitalizada do suspeito foi elaborada por peritos [&hellip;]<\/p>\n","protected":false},"author":2,"featured_media":56846,"comment_status":"open","ping_status":"open","sticky":false,"template":"","format":"standard","meta":{"_acf_changed":false,"_monsterinsights_skip_tracking":false,"_monsterinsights_sitenote_active":false,"_monsterinsights_sitenote_note":"","_monsterinsights_sitenote_category":0,"_jetpack_memberships_contains_paid_content":false,"footnotes":"","jetpack_publicize_message":"","jetpack_publicize_feature_enabled":true,"jetpack_social_post_already_shared":false,"jetpack_social_options":{"image_generator_settings":{"template":"highway","default_image_id":0,"font":"","enabled":false},"version":2}},"categories":[15],"tags":[],"class_list":["post-56845","post","type-post","status-publish","format-standard","has-post-thumbnail","hentry","category-policia"],"acf":[],"jetpack_publicize_connections":[],"jetpack_featured_media_url":"https:\/\/i0.wp.com\/blogdoeloiltoncajuhy.com.br\/site\/wp-content\/uploads\/2021\/05\/SUSPEITO-CASO-BEATRIZ-NOVA-IMAGEM.jpg?fit=283%2C400&ssl=1","jetpack_sharing_enabled":true,"publishpress_future_workflow_manual_trigger":{"enabledWorkflows":[]},"_links":{"self":[{"href":"https:\/\/blogdoeloiltoncajuhy.com.br\/site\/wp-json\/wp\/v2\/posts\/56845","targetHints":{"allow":["GET"]}}],"collection":[{"href":"https:\/\/blogdoeloiltoncajuhy.com.br\/site\/wp-json\/wp\/v2\/posts"}],"about":[{"href":"https:\/\/blogdoeloiltoncajuhy.com.br\/site\/wp-json\/wp\/v2\/types\/post"}],"author":[{"embeddable":true,"href":"https:\/\/blogdoeloiltoncajuhy.com.br\/site\/wp-json\/wp\/v2\/users\/2"}],"replies":[{"embeddable":true,"href":"https:\/\/blogdoeloiltoncajuhy.com.br\/site\/wp-json\/wp\/v2\/comments?post=56845"}],"version-history":[{"count":2,"href":"https:\/\/blogdoeloiltoncajuhy.com.br\/site\/wp-json\/wp\/v2\/posts\/56845\/revisions"}],"predecessor-version":[{"id":56848,"href":"https:\/\/blogdoeloiltoncajuhy.com.br\/site\/wp-json\/wp\/v2\/posts\/56845\/revisions\/56848"}],"wp:featuredmedia":[{"embeddable":true,"href":"https:\/\/blogdoeloiltoncajuhy.com.br\/site\/wp-json\/wp\/v2\/media\/56846"}],"wp:attachment":[{"href":"https:\/\/blogdoeloiltoncajuhy.com.br\/site\/wp-json\/wp\/v2\/media?parent=56845"}],"wp:term":[{"taxonomy":"category","embeddable":true,"href":"https:\/\/blogdoeloiltoncajuhy.com.br\/site\/wp-json\/wp\/v2\/categories?post=56845"},{"taxonomy":"post_tag","embeddable":true,"href":"https:\/\/blogdoeloiltoncajuhy.com.br\/site\/wp-json\/wp\/v2\/tags?post=56845"}],"curies":[{"name":"wp","href":"https:\/\/api.w.org\/{rel}","templated":true}]}}