{"id":56821,"date":"2021-05-29T12:26:28","date_gmt":"2021-05-29T15:26:28","guid":{"rendered":"http:\/\/blogdoeloiltoncajuhy.com.br\/site\/?p=56821"},"modified":"2021-05-29T12:26:29","modified_gmt":"2021-05-29T15:26:29","slug":"covid-19-ministerio-da-saude-anuncia-expansao-da-vacinacao-da-populacao-geral-por-idade","status":"publish","type":"post","link":"https:\/\/blogdoeloiltoncajuhy.com.br\/site\/covid-19-ministerio-da-saude-anuncia-expansao-da-vacinacao-da-populacao-geral-por-idade\/","title":{"rendered":"Covid-19: Minist\u00e9rio da Sa\u00fade anuncia expans\u00e3o da vacina\u00e7\u00e3o da popula\u00e7\u00e3o geral por idade"},"content":{"rendered":"\n<h5 class=\"has-text-align-center wp-block-heading\"><em>A ideia \u00e9 que a amplia\u00e7\u00e3o do plano de vacina\u00e7\u00e3o alcance trabalhadores da \u00e1rea da educa\u00e7\u00e3o<\/em><\/h5>\n\n\n\n<div class=\"wp-block-image\"><figure class=\"aligncenter size-large\"><a href=\"https:\/\/i0.wp.com\/blogdoeloiltoncajuhy.com.br\/site\/wp-content\/uploads\/2020\/10\/Vacina_MarceloCamargo_AgBrasil.jpg\"><img data-recalc-dims=\"1\" fetchpriority=\"high\" decoding=\"async\" width=\"800\" height=\"479\" src=\"https:\/\/i0.wp.com\/blogdoeloiltoncajuhy.com.br\/site\/wp-content\/uploads\/2020\/10\/Vacina_MarceloCamargo_AgBrasil.jpg?resize=800%2C479\" alt=\"\" class=\"wp-image-50069\" srcset=\"https:\/\/i0.wp.com\/blogdoeloiltoncajuhy.com.br\/site\/wp-content\/uploads\/2020\/10\/Vacina_MarceloCamargo_AgBrasil.jpg?resize=1024%2C613&amp;ssl=1 1024w, https:\/\/i0.wp.com\/blogdoeloiltoncajuhy.com.br\/site\/wp-content\/uploads\/2020\/10\/Vacina_MarceloCamargo_AgBrasil.jpg?resize=300%2C179&amp;ssl=1 300w, https:\/\/i0.wp.com\/blogdoeloiltoncajuhy.com.br\/site\/wp-content\/uploads\/2020\/10\/Vacina_MarceloCamargo_AgBrasil.jpg?resize=768%2C459&amp;ssl=1 768w, https:\/\/i0.wp.com\/blogdoeloiltoncajuhy.com.br\/site\/wp-content\/uploads\/2020\/10\/Vacina_MarceloCamargo_AgBrasil.jpg?w=1170&amp;ssl=1 1170w\" sizes=\"(max-width: 800px) 100vw, 800px\" \/><\/a><figcaption><em><sub>Foto: Marcelo Camargo | Ag\u00eancia Brasil<\/sub><\/em><\/figcaption><\/figure><\/div>\n\n\n\n<p>A vacina\u00e7\u00e3o contra a covid-19 dever\u00e1 ser ampliada no Brasil. O an\u00fancio foi feito nesta sexta-feira (28) pelo Minist\u00e9rio da Sa\u00fade. A ideia \u00e9 que haja uma expans\u00e3o da imuniza\u00e7\u00e3o da popula\u00e7\u00e3o geral por idade, al\u00e9m de antecipa\u00e7\u00e3o da vacina\u00e7\u00e3o de trabalhadores da \u00e1rea da educa\u00e7\u00e3o.<\/p>\n\n\n\n<p>Em rela\u00e7\u00e3o a esses profissionais, a recomenda\u00e7\u00e3o do minist\u00e9rio \u00e9 de que haja um cumprimento de uma ordem pr\u00e9-estabelecida. Neste caso, a sequ\u00eancia de prioridade partiria das creches e seguia para pr\u00e9-escolas, ensino fundamental, ensino m\u00e9dio, profissionalizantes e educa\u00e7\u00e3o de jovens e adultos (EJA) e trabalhadores da educa\u00e7\u00e3o do ensino superior.<\/p>\n\n\n\n<p><em>\u201cHouve uma antecipa\u00e7\u00e3o desses grupos dos trabalhadores da educa\u00e7\u00e3o. Ent\u00e3o, eles foram antecipados e ser\u00e3o imunizados em igualdade com comorbidade e defici\u00eancia permanente cadastrada no BPC. E, para os munic\u00edpios que eventualmente j\u00e1 avan\u00e7aram nesses grupos est\u00e1 autorizado, caso pactuado em Comiss\u00e3o Interpoderes Bipartite, se seguir na imuniza\u00e7\u00e3o por idade\u201d<\/em>, afirmou o secret\u00e1rio executivo do Minist\u00e9rio da Sa\u00fade, Rodrigo Cruz.<\/p>\n\n\n\n<p>A pasta informou, ainda, que os brasileiros com idade entre 18 e 59 anos poder\u00e3o ser vacinados, em faixa et\u00e1ria decrescente. Apesar da medida, a aplica\u00e7\u00e3o das doses para grupos priorit\u00e1rios deve permanecer.<\/p>\n\n\n\n<p><em>\u201cFizemos diversas discuss\u00f5es em rela\u00e7\u00e3o ao reordenamento do plano nacional de vacina\u00e7\u00e3o contra a Covid-19, mediante alguns relatos dos estados e dos munic\u00edpios em terem, nesse momento, demanda reduzida. Ent\u00e3o, a gente n\u00e3o pode deixar a vacina estocada. Por isso, resolvemos flexibilizar um pouco essa a\u00e7\u00e3o, para que possamos acelerar a vacina\u00e7\u00e3o dos grupos priorit\u00e1rios\u201d<\/em>, explicou a coordenadora do Programa Nacional de Imuniza\u00e7\u00f5es (PNI), Francieli Fontana.<\/p>\n\n\n\n<p class=\"has-black-color has-text-color has-medium-font-size\"><strong>N\u00fameros da vacina\u00e7\u00e3o<\/strong><\/p>\n\n\n\n<p>A quantidade de pessoas vacinadas contra a Covid-19 no Brasil, com ao menos uma dose, \u00e9 superior a 43 milh\u00f5es. O n\u00famero equivale a 20,75% da popula\u00e7\u00e3o. Do total, cerca de 21 milh\u00f5es receberam a segunda dose, o que representa 10,22% da popula\u00e7\u00e3o com a imuniza\u00e7\u00e3o completa contra o novo coronav\u00edrus.<\/p>\n","protected":false},"excerpt":{"rendered":"<p>A ideia \u00e9 que a amplia\u00e7\u00e3o do plano de vacina\u00e7\u00e3o alcance trabalhadores da \u00e1rea da educa\u00e7\u00e3o A vacina\u00e7\u00e3o contra a covid-19 dever\u00e1 ser ampliada no Brasil. O an\u00fancio foi feito nesta sexta-feira (28) pelo Minist\u00e9rio da Sa\u00fade. A ideia \u00e9 que haja uma expans\u00e3o da imuniza\u00e7\u00e3o da popula\u00e7\u00e3o geral por idade, al\u00e9m de antecipa\u00e7\u00e3o da [&hellip;]<\/p>\n","protected":false},"author":2,"featured_media":53753,"comment_status":"open","ping_status":"open","sticky":false,"template":"","format":"standard","meta":{"_acf_changed":false,"_monsterinsights_skip_tracking":false,"_monsterinsights_sitenote_active":false,"_monsterinsights_sitenote_note":"","_monsterinsights_sitenote_category":0,"_jetpack_memberships_contains_paid_content":false,"footnotes":"","jetpack_publicize_message":"","jetpack_publicize_feature_enabled":true,"jetpack_social_post_already_shared":false,"jetpack_social_options":{"image_generator_settings":{"template":"highway","default_image_id":0,"font":"","enabled":false},"version":2}},"categories":[7],"tags":[],"class_list":["post-56821","post","type-post","status-publish","format-standard","has-post-thumbnail","hentry","category-saude"],"acf":[],"jetpack_publicize_connections":[],"jetpack_featured_media_url":"https:\/\/i0.wp.com\/blogdoeloiltoncajuhy.com.br\/site\/wp-content\/uploads\/2021\/02\/vacinacao_contra_covid-19_abr_19012101078.jpg?fit=1170%2C700&ssl=1","jetpack_sharing_enabled":true,"publishpress_future_workflow_manual_trigger":{"enabledWorkflows":[]},"_links":{"self":[{"href":"https:\/\/blogdoeloiltoncajuhy.com.br\/site\/wp-json\/wp\/v2\/posts\/56821","targetHints":{"allow":["GET"]}}],"collection":[{"href":"https:\/\/blogdoeloiltoncajuhy.com.br\/site\/wp-json\/wp\/v2\/posts"}],"about":[{"href":"https:\/\/blogdoeloiltoncajuhy.com.br\/site\/wp-json\/wp\/v2\/types\/post"}],"author":[{"embeddable":true,"href":"https:\/\/blogdoeloiltoncajuhy.com.br\/site\/wp-json\/wp\/v2\/users\/2"}],"replies":[{"embeddable":true,"href":"https:\/\/blogdoeloiltoncajuhy.com.br\/site\/wp-json\/wp\/v2\/comments?post=56821"}],"version-history":[{"count":2,"href":"https:\/\/blogdoeloiltoncajuhy.com.br\/site\/wp-json\/wp\/v2\/posts\/56821\/revisions"}],"predecessor-version":[{"id":56823,"href":"https:\/\/blogdoeloiltoncajuhy.com.br\/site\/wp-json\/wp\/v2\/posts\/56821\/revisions\/56823"}],"wp:featuredmedia":[{"embeddable":true,"href":"https:\/\/blogdoeloiltoncajuhy.com.br\/site\/wp-json\/wp\/v2\/media\/53753"}],"wp:attachment":[{"href":"https:\/\/blogdoeloiltoncajuhy.com.br\/site\/wp-json\/wp\/v2\/media?parent=56821"}],"wp:term":[{"taxonomy":"category","embeddable":true,"href":"https:\/\/blogdoeloiltoncajuhy.com.br\/site\/wp-json\/wp\/v2\/categories?post=56821"},{"taxonomy":"post_tag","embeddable":true,"href":"https:\/\/blogdoeloiltoncajuhy.com.br\/site\/wp-json\/wp\/v2\/tags?post=56821"}],"curies":[{"name":"wp","href":"https:\/\/api.w.org\/{rel}","templated":true}]}}