{"id":56809,"date":"2021-05-28T21:09:02","date_gmt":"2021-05-29T00:09:02","guid":{"rendered":"http:\/\/blogdoeloiltoncajuhy.com.br\/site\/?p=56809"},"modified":"2021-05-28T21:09:03","modified_gmt":"2021-05-29T00:09:03","slug":"bahia-ultrapassa-1-milhao-de-casos-da-covid-19-e-tem-quase-21-mil-mortos","status":"publish","type":"post","link":"https:\/\/blogdoeloiltoncajuhy.com.br\/site\/bahia-ultrapassa-1-milhao-de-casos-da-covid-19-e-tem-quase-21-mil-mortos\/","title":{"rendered":"Bahia ultrapassa 1 milh\u00e3o de casos da Covid-19 e tem quase 21 mil mortos"},"content":{"rendered":"\n<h5 class=\"has-text-align-center wp-block-heading\"><em>Nesta sexta (28), estado chegou a 1.003.523 casos confirmados de infectados pelo coronav\u00edrus, desde 1\u00ba registro, em mar\u00e7o de 2020. Um ano e dois meses de pandemia, fam\u00edlias de 20.916 pessoas convivem com a dor da perda na Bahia<\/em><\/h5>\n\n\n\n<div class=\"wp-block-image\"><figure class=\"aligncenter size-large\"><a href=\"https:\/\/i0.wp.com\/blogdoeloiltoncajuhy.com.br\/site\/wp-content\/uploads\/2020\/04\/PMSB_Covid-19_CentroRefrencia_02.jpg\"><img data-recalc-dims=\"1\" fetchpriority=\"high\" decoding=\"async\" width=\"800\" height=\"533\" src=\"https:\/\/i0.wp.com\/blogdoeloiltoncajuhy.com.br\/site\/wp-content\/uploads\/2020\/04\/PMSB_Covid-19_CentroRefrencia_02.jpg?resize=800%2C533\" alt=\"\" class=\"wp-image-43339\" srcset=\"https:\/\/i0.wp.com\/blogdoeloiltoncajuhy.com.br\/site\/wp-content\/uploads\/2020\/04\/PMSB_Covid-19_CentroRefrencia_02.jpg?w=960&amp;ssl=1 960w, https:\/\/i0.wp.com\/blogdoeloiltoncajuhy.com.br\/site\/wp-content\/uploads\/2020\/04\/PMSB_Covid-19_CentroRefrencia_02.jpg?resize=300%2C200&amp;ssl=1 300w, https:\/\/i0.wp.com\/blogdoeloiltoncajuhy.com.br\/site\/wp-content\/uploads\/2020\/04\/PMSB_Covid-19_CentroRefrencia_02.jpg?resize=768%2C512&amp;ssl=1 768w, https:\/\/i0.wp.com\/blogdoeloiltoncajuhy.com.br\/site\/wp-content\/uploads\/2020\/04\/PMSB_Covid-19_CentroRefrencia_02.jpg?resize=250%2C167&amp;ssl=1 250w\" sizes=\"(max-width: 800px) 100vw, 800px\" \/><\/a><\/figure><\/div>\n\n\n\n<p>A Bahia ultrapassou a marca de um milh\u00e3o de casos confirmados da Covid-19, desde o in\u00edcio da pandemia. Nesta sexta-feira (28), s\u00e3o <strong>1.003.523 registros de pessoas infectadas pelo coronav\u00edrus desde o dia 6 de mar\u00e7o de 2020<\/strong>, quando o estado confirmou o primeiro caso. Al\u00e9m disso, foram <strong>registrados quase 21 mil \u00f3bitos<\/strong>.<\/p>\n\n\n\n<p>Dos mais de um milh\u00e3o de pessoas que j\u00e1 se infectaram na Bahia, 16.803 est\u00e3o com a Covid-19 neste momento \u2013 2.674 delas hospitalizadas. Cerca de 1.340 pessoas, entre adultos e crian\u00e7as, lutam por suas vidas nas Unidades de Terapia Intensiva (UTI). <strong>Em todos os munic\u00edpios baianos, 965.804 pessoas j\u00e1 foram curadas da doen\u00e7a<\/strong>.<\/p>\n\n\n\n<p>Na Bahia, as fam\u00edlias de 20.916 pessoas convivem com a dor de perder um parente para uma doen\u00e7a que, apesar de n\u00e3o ter tratamento comprovado, pode ser evitada com vacina. Uma vacina que chegou em janeiro deste ano, quando o estado baiano tinha 544.324 casos confirmados e 9.697 mortes. A triste marca dos 20 mil mortos foi atingida h\u00e1 cerca de 10 dias.<\/p>\n","protected":false},"excerpt":{"rendered":"<p>Nesta sexta (28), estado chegou a 1.003.523 casos confirmados de infectados pelo coronav\u00edrus, desde 1\u00ba registro, em mar\u00e7o de 2020. Um ano e dois meses de pandemia, fam\u00edlias de 20.916 pessoas convivem com a dor da perda na Bahia A Bahia ultrapassou a marca de um milh\u00e3o de casos confirmados da Covid-19, desde o in\u00edcio [&hellip;]<\/p>\n","protected":false},"author":2,"featured_media":42709,"comment_status":"open","ping_status":"open","sticky":false,"template":"","format":"standard","meta":{"_acf_changed":false,"_monsterinsights_skip_tracking":false,"_monsterinsights_sitenote_active":false,"_monsterinsights_sitenote_note":"","_monsterinsights_sitenote_category":0,"_jetpack_memberships_contains_paid_content":false,"footnotes":"","jetpack_publicize_message":"","jetpack_publicize_feature_enabled":true,"jetpack_social_post_already_shared":false,"jetpack_social_options":{"image_generator_settings":{"template":"highway","default_image_id":0,"font":"","enabled":false},"version":2}},"categories":[7],"tags":[],"class_list":["post-56809","post","type-post","status-publish","format-standard","has-post-thumbnail","hentry","category-saude"],"acf":[],"jetpack_publicize_connections":[],"jetpack_featured_media_url":"https:\/\/i0.wp.com\/blogdoeloiltoncajuhy.com.br\/site\/wp-content\/uploads\/2020\/04\/coronavirusimagem-9.jpg?fit=635%2C352&ssl=1","jetpack_sharing_enabled":true,"publishpress_future_workflow_manual_trigger":{"enabledWorkflows":[]},"_links":{"self":[{"href":"https:\/\/blogdoeloiltoncajuhy.com.br\/site\/wp-json\/wp\/v2\/posts\/56809","targetHints":{"allow":["GET"]}}],"collection":[{"href":"https:\/\/blogdoeloiltoncajuhy.com.br\/site\/wp-json\/wp\/v2\/posts"}],"about":[{"href":"https:\/\/blogdoeloiltoncajuhy.com.br\/site\/wp-json\/wp\/v2\/types\/post"}],"author":[{"embeddable":true,"href":"https:\/\/blogdoeloiltoncajuhy.com.br\/site\/wp-json\/wp\/v2\/users\/2"}],"replies":[{"embeddable":true,"href":"https:\/\/blogdoeloiltoncajuhy.com.br\/site\/wp-json\/wp\/v2\/comments?post=56809"}],"version-history":[{"count":2,"href":"https:\/\/blogdoeloiltoncajuhy.com.br\/site\/wp-json\/wp\/v2\/posts\/56809\/revisions"}],"predecessor-version":[{"id":56811,"href":"https:\/\/blogdoeloiltoncajuhy.com.br\/site\/wp-json\/wp\/v2\/posts\/56809\/revisions\/56811"}],"wp:featuredmedia":[{"embeddable":true,"href":"https:\/\/blogdoeloiltoncajuhy.com.br\/site\/wp-json\/wp\/v2\/media\/42709"}],"wp:attachment":[{"href":"https:\/\/blogdoeloiltoncajuhy.com.br\/site\/wp-json\/wp\/v2\/media?parent=56809"}],"wp:term":[{"taxonomy":"category","embeddable":true,"href":"https:\/\/blogdoeloiltoncajuhy.com.br\/site\/wp-json\/wp\/v2\/categories?post=56809"},{"taxonomy":"post_tag","embeddable":true,"href":"https:\/\/blogdoeloiltoncajuhy.com.br\/site\/wp-json\/wp\/v2\/tags?post=56809"}],"curies":[{"name":"wp","href":"https:\/\/api.w.org\/{rel}","templated":true}]}}