{"id":56805,"date":"2021-05-28T18:41:30","date_gmt":"2021-05-28T21:41:30","guid":{"rendered":"http:\/\/blogdoeloiltoncajuhy.com.br\/site\/?p=56805"},"modified":"2021-05-28T18:41:31","modified_gmt":"2021-05-28T21:41:31","slug":"aumento-dos-casos-de-covid-19-faz-prefeitura-de-andorinha-decretar-lockdown","status":"publish","type":"post","link":"https:\/\/blogdoeloiltoncajuhy.com.br\/site\/aumento-dos-casos-de-covid-19-faz-prefeitura-de-andorinha-decretar-lockdown\/","title":{"rendered":"Aumento dos casos de Covid-19 faz Prefeitura de Andorinha decretar Lockdown"},"content":{"rendered":"\n<div class=\"wp-block-image\"><figure class=\"aligncenter size-large is-resized\"><a href=\"https:\/\/i0.wp.com\/blogdoeloiltoncajuhy.com.br\/site\/wp-content\/uploads\/2021\/05\/PMA_Lockdown-29.05.21.jpeg\"><img data-recalc-dims=\"1\" fetchpriority=\"high\" decoding=\"async\" src=\"https:\/\/i0.wp.com\/blogdoeloiltoncajuhy.com.br\/site\/wp-content\/uploads\/2021\/05\/PMA_Lockdown-29.05.21.jpeg?resize=592%2C592\" alt=\"\" class=\"wp-image-56806\" width=\"592\" height=\"592\" srcset=\"https:\/\/i0.wp.com\/blogdoeloiltoncajuhy.com.br\/site\/wp-content\/uploads\/2021\/05\/PMA_Lockdown-29.05.21.jpeg?resize=1024%2C1024&amp;ssl=1 1024w, https:\/\/i0.wp.com\/blogdoeloiltoncajuhy.com.br\/site\/wp-content\/uploads\/2021\/05\/PMA_Lockdown-29.05.21.jpeg?resize=300%2C300&amp;ssl=1 300w, https:\/\/i0.wp.com\/blogdoeloiltoncajuhy.com.br\/site\/wp-content\/uploads\/2021\/05\/PMA_Lockdown-29.05.21.jpeg?resize=150%2C150&amp;ssl=1 150w, https:\/\/i0.wp.com\/blogdoeloiltoncajuhy.com.br\/site\/wp-content\/uploads\/2021\/05\/PMA_Lockdown-29.05.21.jpeg?resize=768%2C768&amp;ssl=1 768w, https:\/\/i0.wp.com\/blogdoeloiltoncajuhy.com.br\/site\/wp-content\/uploads\/2021\/05\/PMA_Lockdown-29.05.21.jpeg?w=1280&amp;ssl=1 1280w\" sizes=\"(max-width: 592px) 100vw, 592px\" \/><\/a><\/figure><\/div>\n\n\n\n<p>A Prefeitura Municipal de Andorinha, por meio da Secretaria de Sa\u00fade, informa a toda popula\u00e7\u00e3o que em raz\u00e3o do crescimento de casos ativos de Covid-19 no munic\u00edpio, ser\u00e1 decretado Lockdown em todo territ\u00f3rio andorinhense a partir das 12h deste s\u00e1bado (29) at\u00e9 \u00e0s 5h da ter\u00e7a-feira (01\/06). Todo o com\u00e9rcio estar\u00e1 fechado, sendo permitido somente o funcionamento de Farm\u00e1cias, Postos de Combust\u00edveis e delivery de g\u00eaneros aliment\u00edcios.<\/p>\n\n\n\n<p>Durante o Lockdown estar\u00e1 proibida a comercializa\u00e7\u00e3o de bebidas alco\u00f3licas em quaisquer estabelecimentos, inclusive por \u201cdelivery\u201d. Ficam suspensos eventos e atividades, independentemente do n\u00famero de participantes, ainda que previamente autorizados.<\/p>\n\n\n\n<p>Para garantir as medidas restritivas do Lockdown e evitar a propaga\u00e7\u00e3o do Covid-19, haver\u00e1 fiscaliza\u00e7\u00e3o da Pol\u00edcia Militar e de servidores da Prefeitura. Pessoas que descumprirem as orienta\u00e7\u00f5es poder\u00e3o sofrer penalidades, como o recolhimento de aparelhos de som e os estabelecimentos poder\u00e3o ser multados.<\/p>\n\n\n\n<p>O boletim epidemiol\u00f3gico mais recente, de 27 de maio, aponta 40 casos positivos de coronav\u00edrus e 25 pacientes aguardando resultado. Em virtude do crescimento de casos e a falta de leitos na regi\u00e3o, foi decretado Lockdown em todo o munic\u00edpio.<\/p>\n\n\n\n<p><em>&#8220;Pedimos o apoio e colabora\u00e7\u00e3o de toda a popula\u00e7\u00e3o, em continuar com as medidas protetivas, que apesar de b\u00e1sicas, fazem toda a diferen\u00e7a no achatamento da curva de dissemina\u00e7\u00e3o do v\u00edrus. Continuem utilizando a m\u00e1scara, \u00e1lcool em gel e s\u00f3 saiam de casa se realmente for necess\u00e1rio&#8221;<\/em>, pontuou o secret\u00e1rio de Sa\u00fade, Gabriel Alves.<\/p>\n\n\n\n<p>O prefeito Renato Brand\u00e3o faz um apelo \u00e0 popula\u00e7\u00e3o andorinhense sobre a import\u00e2ncia do Lockdown em Andorinha, trazendo a real situa\u00e7\u00e3o epidemiol\u00f3gica em que o munic\u00edpio se encontra.<\/p>\n\n\n\n<p class=\"has-black-color has-text-color has-medium-font-size\"><strong>Confira o v\u00eddeo<\/strong>:<\/p>\n\n\n\n<figure class=\"wp-block-embed aligncenter is-type-video is-provider-youtube wp-block-embed-youtube wp-embed-aspect-4-3 wp-has-aspect-ratio\"><div class=\"wp-block-embed__wrapper\">\n<iframe title=\"Prefeito de Andorinha BA fala do decreto de Lockdown\" width=\"800\" height=\"600\" src=\"https:\/\/www.youtube.com\/embed\/fHb4Q0lI-Rk?feature=oembed\" frameborder=\"0\" allow=\"accelerometer; autoplay; clipboard-write; encrypted-media; gyroscope; picture-in-picture\" allowfullscreen><\/iframe>\n<\/div><\/figure>\n","protected":false},"excerpt":{"rendered":"<p>A Prefeitura Municipal de Andorinha, por meio da Secretaria de Sa\u00fade, informa a toda popula\u00e7\u00e3o que em raz\u00e3o do crescimento de casos ativos de Covid-19 no munic\u00edpio, ser\u00e1 decretado Lockdown em todo territ\u00f3rio andorinhense a partir das 12h deste s\u00e1bado (29) at\u00e9 \u00e0s 5h da ter\u00e7a-feira (01\/06). Todo o com\u00e9rcio estar\u00e1 fechado, sendo permitido somente [&hellip;]<\/p>\n","protected":false},"author":2,"featured_media":56807,"comment_status":"open","ping_status":"open","sticky":false,"template":"","format":"standard","meta":{"_acf_changed":false,"_monsterinsights_skip_tracking":false,"_monsterinsights_sitenote_active":false,"_monsterinsights_sitenote_note":"","_monsterinsights_sitenote_category":0,"_jetpack_memberships_contains_paid_content":false,"footnotes":"","jetpack_publicize_message":"","jetpack_publicize_feature_enabled":true,"jetpack_social_post_already_shared":false,"jetpack_social_options":{"image_generator_settings":{"template":"highway","default_image_id":0,"font":"","enabled":false},"version":2}},"categories":[11],"tags":[],"class_list":["post-56805","post","type-post","status-publish","format-standard","has-post-thumbnail","hentry","category-regional"],"acf":[],"jetpack_publicize_connections":[],"jetpack_featured_media_url":"https:\/\/i0.wp.com\/blogdoeloiltoncajuhy.com.br\/site\/wp-content\/uploads\/2021\/05\/Prefeito-Renato-Brandao-28.05.21.png?fit=800%2C599&ssl=1","jetpack_sharing_enabled":true,"publishpress_future_workflow_manual_trigger":{"enabledWorkflows":[]},"_links":{"self":[{"href":"https:\/\/blogdoeloiltoncajuhy.com.br\/site\/wp-json\/wp\/v2\/posts\/56805","targetHints":{"allow":["GET"]}}],"collection":[{"href":"https:\/\/blogdoeloiltoncajuhy.com.br\/site\/wp-json\/wp\/v2\/posts"}],"about":[{"href":"https:\/\/blogdoeloiltoncajuhy.com.br\/site\/wp-json\/wp\/v2\/types\/post"}],"author":[{"embeddable":true,"href":"https:\/\/blogdoeloiltoncajuhy.com.br\/site\/wp-json\/wp\/v2\/users\/2"}],"replies":[{"embeddable":true,"href":"https:\/\/blogdoeloiltoncajuhy.com.br\/site\/wp-json\/wp\/v2\/comments?post=56805"}],"version-history":[{"count":1,"href":"https:\/\/blogdoeloiltoncajuhy.com.br\/site\/wp-json\/wp\/v2\/posts\/56805\/revisions"}],"predecessor-version":[{"id":56808,"href":"https:\/\/blogdoeloiltoncajuhy.com.br\/site\/wp-json\/wp\/v2\/posts\/56805\/revisions\/56808"}],"wp:featuredmedia":[{"embeddable":true,"href":"https:\/\/blogdoeloiltoncajuhy.com.br\/site\/wp-json\/wp\/v2\/media\/56807"}],"wp:attachment":[{"href":"https:\/\/blogdoeloiltoncajuhy.com.br\/site\/wp-json\/wp\/v2\/media?parent=56805"}],"wp:term":[{"taxonomy":"category","embeddable":true,"href":"https:\/\/blogdoeloiltoncajuhy.com.br\/site\/wp-json\/wp\/v2\/categories?post=56805"},{"taxonomy":"post_tag","embeddable":true,"href":"https:\/\/blogdoeloiltoncajuhy.com.br\/site\/wp-json\/wp\/v2\/tags?post=56805"}],"curies":[{"name":"wp","href":"https:\/\/api.w.org\/{rel}","templated":true}]}}