{"id":56801,"date":"2021-05-28T17:42:55","date_gmt":"2021-05-28T20:42:55","guid":{"rendered":"http:\/\/blogdoeloiltoncajuhy.com.br\/site\/?p=56801"},"modified":"2021-05-28T17:42:56","modified_gmt":"2021-05-28T20:42:56","slug":"policia-confirma-que-corpo-encontrado-em-rio-e-de-medico-desaparecido-e-suspeito-e-preso-em-feira-de-santana","status":"publish","type":"post","link":"https:\/\/blogdoeloiltoncajuhy.com.br\/site\/policia-confirma-que-corpo-encontrado-em-rio-e-de-medico-desaparecido-e-suspeito-e-preso-em-feira-de-santana\/","title":{"rendered":"Pol\u00edcia confirma que corpo encontrado em rio \u00e9 de m\u00e9dico desaparecido e suspeito \u00e9 preso em Feira de Santana"},"content":{"rendered":"\n<h5 class=\"has-text-align-center wp-block-heading\"><em>Corpo de Andrade Lopes Santana foi encontrado na manh\u00e3 desta sexta-feira (28), no munic\u00edpio de S\u00e3o Gon\u00e7alo dos Campos. Ele estava desaparecido desde a \u00faltima segunda-feira (24), quando saiu de Araci, onde morava, em dire\u00e7\u00e3o \u00e0 Feira de Santana. Pol\u00edcia disse que a motiva\u00e7\u00e3o est\u00e1 sendo investigada<\/em><\/h5>\n\n\n\n<div class=\"wp-block-image\"><figure class=\"aligncenter size-large\"><a href=\"https:\/\/i0.wp.com\/blogdoeloiltoncajuhy.com.br\/site\/wp-content\/uploads\/2021\/05\/Andrade-medico-encontrado.jpg\"><img data-recalc-dims=\"1\" fetchpriority=\"high\" decoding=\"async\" width=\"800\" height=\"493\" src=\"https:\/\/i0.wp.com\/blogdoeloiltoncajuhy.com.br\/site\/wp-content\/uploads\/2021\/05\/Andrade-medico-encontrado.jpg?resize=800%2C493\" alt=\"\" class=\"wp-image-56802\" srcset=\"https:\/\/i0.wp.com\/blogdoeloiltoncajuhy.com.br\/site\/wp-content\/uploads\/2021\/05\/Andrade-medico-encontrado.jpg?w=984&amp;ssl=1 984w, https:\/\/i0.wp.com\/blogdoeloiltoncajuhy.com.br\/site\/wp-content\/uploads\/2021\/05\/Andrade-medico-encontrado.jpg?resize=300%2C185&amp;ssl=1 300w, https:\/\/i0.wp.com\/blogdoeloiltoncajuhy.com.br\/site\/wp-content\/uploads\/2021\/05\/Andrade-medico-encontrado.jpg?resize=768%2C473&amp;ssl=1 768w\" sizes=\"(max-width: 800px) 100vw, 800px\" \/><\/a><figcaption><em><sub>O m\u00e9dico Andrade Lopes Santana, est\u00e1 desaparecido desde o dia 24 de maio, quando saiu de casa em dire\u00e7\u00e3o \u00e0 cidade de Feira de Santana \u2014 Foto: Reprodu\u00e7\u00e3o\/TV Suba\u00e9<\/sub><\/em><\/figcaption><\/figure><\/div>\n\n\n\n<p>A Pol\u00edcia Civil confirmou que o corpo encontrado no Rio Jacu\u00edpe, em S\u00e3o Gon\u00e7alo dos Campos na manh\u00e3 desta sexta-feira (28), \u00e9 do m\u00e9dico <strong>Andrade Lopes Santana<\/strong>, de 32 anos, que estava desaparecido desde o dia 24 de maio. Um homem foi preso, no in\u00edcio da tarde desta sexta, suspeito de matar o m\u00e9dico, em Feira de Santana.<\/p>\n\n\n\n<p>O corpo de Andrade foi encontrado no Rio Jacu\u00edpe, e at\u00e9 ent\u00e3o, a pol\u00edcia n\u00e3o tinha confirmado que era do m\u00e9dico, mas informou que o corpo tem caracter\u00edsticas semelhantes \u00e0 Andrade. Ainda segundo a pol\u00edcia, o corpo dele foi encontrado amarrado a uma \u00e2ncora.<\/p>\n\n\n\n<p>O homem suspeito pelo crime, que n\u00e3o teve a identidade divulgada, foi preso por equipes da 1\u00aa Coordenadoria Regional de Pol\u00edcia do Interior (Coorpin\/Feira) e da Delegacia de Repress\u00e3o a Furtos e Roubos de Feira de Santana, enquanto estava em casa no bairro da Santa M\u00f4nica. Entretanto, a pol\u00edcia informou que a motiva\u00e7\u00e3o do crime est\u00e1 sendo apurada.<\/p>\n\n\n\n<p class=\"has-black-color has-text-color has-medium-font-size\"><strong>Desaparecimento<\/strong><\/p>\n\n\n\n<div class=\"wp-block-image\"><figure class=\"aligncenter size-full is-resized\"><a href=\"https:\/\/i0.wp.com\/blogdoeloiltoncajuhy.com.br\/site\/wp-content\/uploads\/2021\/05\/Andrade-medico-desaparecido.jpg\"><img data-recalc-dims=\"1\" decoding=\"async\" src=\"https:\/\/i0.wp.com\/blogdoeloiltoncajuhy.com.br\/site\/wp-content\/uploads\/2021\/05\/Andrade-medico-desaparecido.jpg?resize=738%2C632\" alt=\"\" class=\"wp-image-56737\" width=\"738\" height=\"632\" srcset=\"https:\/\/i0.wp.com\/blogdoeloiltoncajuhy.com.br\/site\/wp-content\/uploads\/2021\/05\/Andrade-medico-desaparecido.jpg?w=984&amp;ssl=1 984w, https:\/\/i0.wp.com\/blogdoeloiltoncajuhy.com.br\/site\/wp-content\/uploads\/2021\/05\/Andrade-medico-desaparecido.jpg?resize=300%2C257&amp;ssl=1 300w, https:\/\/i0.wp.com\/blogdoeloiltoncajuhy.com.br\/site\/wp-content\/uploads\/2021\/05\/Andrade-medico-desaparecido.jpg?resize=768%2C658&amp;ssl=1 768w\" sizes=\"(max-width: 738px) 100vw, 738px\" \/><\/a><figcaption><em><sub>M\u00e9dico desapareceu ap\u00f3s sair de casa com destino a Feira de Santana \u2014 Foto: Reprodu\u00e7\u00e3o\/Redes sociais<\/sub><\/em><\/figcaption><\/figure><\/div>\n\n\n\n<p>Andrade havia desaparecido na segunda-feira (24), depois de sair de Araci com destino a Feira de Santana. Natural do Acre, o m\u00e9dico se mudou para \u00e0 Bahia em 2016, para exercer a medicina.<\/p>\n\n\n\n<p>Ele saiu de casa sozinho, pouco depois de meio-dia de segunda, para comprar uma moto aqu\u00e1tica e encontrar com um amigo, no Rio Jacu\u00edpe, em Feira de Santana. O amigo disse que ele chegou a enviar uma mensagem que dizia que tinha entrado na cidade. Desde ent\u00e3o, n\u00e3o foi mais visto e nem deu not\u00edcias.<\/p>\n\n\n\n<p>O ve\u00edculo dirigido pelo m\u00e9dico foi achado por policiais rodovi\u00e1rios na regi\u00e3o de Concei\u00e7\u00e3o do Jacu\u00edpe, na BR-101, no mesmo dia em que ele desapareceu. O carro estava ao lado de um barranco, trancado e sem marcas de acidente.<\/p>\n\n\n\n<p>As informa\u00e7\u00f5es foram dadas por amigos, que procuraram a pol\u00edcia, pois o m\u00e9dico n\u00e3o tinha parentes na Bahia. O caso foi registrado na 2\u00aa Delegacia de Feira de Santana, pelo amigo de Andrade.<\/p>\n\n\n\n<p>Na madrugada de quinta-feira (27), a m\u00e3e dele, Domit\u00edlia Lopes, e mais seis pessoas da fam\u00edlia, chegaram em Feira de Santana, para acompanhar as investiga\u00e7\u00f5es sobre o desaparecimento do m\u00e9dico.<\/p>\n","protected":false},"excerpt":{"rendered":"<p>Corpo de Andrade Lopes Santana foi encontrado na manh\u00e3 desta sexta-feira (28), no munic\u00edpio de S\u00e3o Gon\u00e7alo dos Campos. Ele estava desaparecido desde a \u00faltima segunda-feira (24), quando saiu de Araci, onde morava, em dire\u00e7\u00e3o \u00e0 Feira de Santana. Pol\u00edcia disse que a motiva\u00e7\u00e3o est\u00e1 sendo investigada A Pol\u00edcia Civil confirmou que o corpo encontrado [&hellip;]<\/p>\n","protected":false},"author":2,"featured_media":56802,"comment_status":"open","ping_status":"open","sticky":false,"template":"","format":"standard","meta":{"_acf_changed":false,"_monsterinsights_skip_tracking":false,"_monsterinsights_sitenote_active":false,"_monsterinsights_sitenote_note":"","_monsterinsights_sitenote_category":0,"_jetpack_memberships_contains_paid_content":false,"footnotes":"","jetpack_publicize_message":"","jetpack_publicize_feature_enabled":true,"jetpack_social_post_already_shared":false,"jetpack_social_options":{"image_generator_settings":{"template":"highway","default_image_id":0,"font":"","enabled":false},"version":2}},"categories":[15],"tags":[],"class_list":["post-56801","post","type-post","status-publish","format-standard","has-post-thumbnail","hentry","category-policia"],"acf":[],"jetpack_publicize_connections":[],"jetpack_featured_media_url":"https:\/\/i0.wp.com\/blogdoeloiltoncajuhy.com.br\/site\/wp-content\/uploads\/2021\/05\/Andrade-medico-encontrado.jpg?fit=984%2C606&ssl=1","jetpack_sharing_enabled":true,"publishpress_future_workflow_manual_trigger":{"enabledWorkflows":[]},"_links":{"self":[{"href":"https:\/\/blogdoeloiltoncajuhy.com.br\/site\/wp-json\/wp\/v2\/posts\/56801","targetHints":{"allow":["GET"]}}],"collection":[{"href":"https:\/\/blogdoeloiltoncajuhy.com.br\/site\/wp-json\/wp\/v2\/posts"}],"about":[{"href":"https:\/\/blogdoeloiltoncajuhy.com.br\/site\/wp-json\/wp\/v2\/types\/post"}],"author":[{"embeddable":true,"href":"https:\/\/blogdoeloiltoncajuhy.com.br\/site\/wp-json\/wp\/v2\/users\/2"}],"replies":[{"embeddable":true,"href":"https:\/\/blogdoeloiltoncajuhy.com.br\/site\/wp-json\/wp\/v2\/comments?post=56801"}],"version-history":[{"count":2,"href":"https:\/\/blogdoeloiltoncajuhy.com.br\/site\/wp-json\/wp\/v2\/posts\/56801\/revisions"}],"predecessor-version":[{"id":56804,"href":"https:\/\/blogdoeloiltoncajuhy.com.br\/site\/wp-json\/wp\/v2\/posts\/56801\/revisions\/56804"}],"wp:featuredmedia":[{"embeddable":true,"href":"https:\/\/blogdoeloiltoncajuhy.com.br\/site\/wp-json\/wp\/v2\/media\/56802"}],"wp:attachment":[{"href":"https:\/\/blogdoeloiltoncajuhy.com.br\/site\/wp-json\/wp\/v2\/media?parent=56801"}],"wp:term":[{"taxonomy":"category","embeddable":true,"href":"https:\/\/blogdoeloiltoncajuhy.com.br\/site\/wp-json\/wp\/v2\/categories?post=56801"},{"taxonomy":"post_tag","embeddable":true,"href":"https:\/\/blogdoeloiltoncajuhy.com.br\/site\/wp-json\/wp\/v2\/tags?post=56801"}],"curies":[{"name":"wp","href":"https:\/\/api.w.org\/{rel}","templated":true}]}}