{"id":56790,"date":"2021-05-28T12:14:38","date_gmt":"2021-05-28T15:14:38","guid":{"rendered":"http:\/\/blogdoeloiltoncajuhy.com.br\/site\/?p=56790"},"modified":"2021-05-28T12:14:39","modified_gmt":"2021-05-28T15:14:39","slug":"sistema-de-abastecimento-de-agua-de-senhor-do-bonfim-recebe-obras-de-ampliacao-e-melhorias","status":"publish","type":"post","link":"https:\/\/blogdoeloiltoncajuhy.com.br\/site\/sistema-de-abastecimento-de-agua-de-senhor-do-bonfim-recebe-obras-de-ampliacao-e-melhorias\/","title":{"rendered":"Sistema de abastecimento de \u00e1gua de Senhor do Bonfim recebe obras de amplia\u00e7\u00e3o e melhorias"},"content":{"rendered":"\n<div class=\"wp-block-image\"><figure class=\"aligncenter size-large\"><a href=\"https:\/\/i0.wp.com\/blogdoeloiltoncajuhy.com.br\/site\/wp-content\/uploads\/2021\/05\/Reservatorio-apoiado-do-Alto-da-Maravilha_500-metros-cubicos-scaled.jpg\"><img data-recalc-dims=\"1\" fetchpriority=\"high\" decoding=\"async\" width=\"800\" height=\"601\" src=\"https:\/\/i0.wp.com\/blogdoeloiltoncajuhy.com.br\/site\/wp-content\/uploads\/2021\/05\/Reservatorio-apoiado-do-Alto-da-Maravilha_500-metros-cubicos.jpg?resize=800%2C601\" alt=\"\" class=\"wp-image-56791\" srcset=\"https:\/\/i0.wp.com\/blogdoeloiltoncajuhy.com.br\/site\/wp-content\/uploads\/2021\/05\/Reservatorio-apoiado-do-Alto-da-Maravilha_500-metros-cubicos-scaled.jpg?resize=1024%2C769&amp;ssl=1 1024w, https:\/\/i0.wp.com\/blogdoeloiltoncajuhy.com.br\/site\/wp-content\/uploads\/2021\/05\/Reservatorio-apoiado-do-Alto-da-Maravilha_500-metros-cubicos-scaled.jpg?resize=300%2C225&amp;ssl=1 300w, https:\/\/i0.wp.com\/blogdoeloiltoncajuhy.com.br\/site\/wp-content\/uploads\/2021\/05\/Reservatorio-apoiado-do-Alto-da-Maravilha_500-metros-cubicos-scaled.jpg?resize=768%2C577&amp;ssl=1 768w, https:\/\/i0.wp.com\/blogdoeloiltoncajuhy.com.br\/site\/wp-content\/uploads\/2021\/05\/Reservatorio-apoiado-do-Alto-da-Maravilha_500-metros-cubicos-scaled.jpg?resize=1536%2C1153&amp;ssl=1 1536w, https:\/\/i0.wp.com\/blogdoeloiltoncajuhy.com.br\/site\/wp-content\/uploads\/2021\/05\/Reservatorio-apoiado-do-Alto-da-Maravilha_500-metros-cubicos-scaled.jpg?resize=2048%2C1537&amp;ssl=1 2048w, https:\/\/i0.wp.com\/blogdoeloiltoncajuhy.com.br\/site\/wp-content\/uploads\/2021\/05\/Reservatorio-apoiado-do-Alto-da-Maravilha_500-metros-cubicos-scaled.jpg?w=1600 1600w, https:\/\/i0.wp.com\/blogdoeloiltoncajuhy.com.br\/site\/wp-content\/uploads\/2021\/05\/Reservatorio-apoiado-do-Alto-da-Maravilha_500-metros-cubicos-scaled.jpg?w=2400 2400w\" sizes=\"(max-width: 800px) 100vw, 800px\" \/><\/a><\/figure><\/div>\n\n\n\n<p>Est\u00e1 em fase avan\u00e7ada a obra que vai permitir a amplia\u00e7\u00e3o e melhoria do abastecimento de \u00e1gua no munic\u00edpio de Senhor do Bonfim. O investimento ultrapassa R$ 3,3 milh\u00f5es com recursos da Sudene (Superintend\u00eancia de Desenvolvimento do Nordeste) e consiste na constru\u00e7\u00e3o de duas esta\u00e7\u00f5es elevat\u00f3rias de \u00e1gua e tr\u00eas reservat\u00f3rios, sendo um elevado de 200 metros c\u00fabicos e dois com capacidade para armazenar 500 metros c\u00fabicos de \u00e1gua, al\u00e9m da implanta\u00e7\u00e3o de linhas e redes de distribui\u00e7\u00e3o em diversos bairros da sede municipal, totalizando quase 14 quil\u00f4metros (km) de extens\u00e3o.<\/p>\n\n\n\n<p><em>\u201cEsta obra \u00e9 de suma import\u00e2ncia para o sistema integrado, pois vai permitir escoar \u00e1gua com melhor fluxo e regularidade para v\u00e1rios pontos da sede de Senhor do Bonfim, al\u00e9m de beneficiar os munic\u00edpios de Jaguarari e Andorinha, que passar\u00e3o a receber maior quantidade de \u00e1gua ap\u00f3s a conclus\u00e3o da obra\u201d<\/em>, destacou o gerente da Embasa regional de Senhor do Bonfim, Raimundo Nonato.<\/p>\n\n\n\n<p class=\"has-black-color has-text-color has-medium-font-size\"><strong>Universaliza\u00e7\u00e3o do acesso<\/strong><\/p>\n\n\n\n<div class=\"wp-block-image\"><figure class=\"aligncenter size-large\"><a href=\"https:\/\/i0.wp.com\/blogdoeloiltoncajuhy.com.br\/site\/wp-content\/uploads\/2021\/05\/Reservatorio-elevado-do-Alto-da-Rainha_200-metros-cubicos-scaled.jpg\"><img data-recalc-dims=\"1\" decoding=\"async\" width=\"800\" height=\"601\" src=\"https:\/\/i0.wp.com\/blogdoeloiltoncajuhy.com.br\/site\/wp-content\/uploads\/2021\/05\/Reservatorio-elevado-do-Alto-da-Rainha_200-metros-cubicos.jpg?resize=800%2C601\" alt=\"\" class=\"wp-image-56792\" srcset=\"https:\/\/i0.wp.com\/blogdoeloiltoncajuhy.com.br\/site\/wp-content\/uploads\/2021\/05\/Reservatorio-elevado-do-Alto-da-Rainha_200-metros-cubicos-scaled.jpg?resize=1024%2C769&amp;ssl=1 1024w, https:\/\/i0.wp.com\/blogdoeloiltoncajuhy.com.br\/site\/wp-content\/uploads\/2021\/05\/Reservatorio-elevado-do-Alto-da-Rainha_200-metros-cubicos-scaled.jpg?resize=300%2C225&amp;ssl=1 300w, https:\/\/i0.wp.com\/blogdoeloiltoncajuhy.com.br\/site\/wp-content\/uploads\/2021\/05\/Reservatorio-elevado-do-Alto-da-Rainha_200-metros-cubicos-scaled.jpg?resize=768%2C577&amp;ssl=1 768w, https:\/\/i0.wp.com\/blogdoeloiltoncajuhy.com.br\/site\/wp-content\/uploads\/2021\/05\/Reservatorio-elevado-do-Alto-da-Rainha_200-metros-cubicos-scaled.jpg?resize=1536%2C1153&amp;ssl=1 1536w, https:\/\/i0.wp.com\/blogdoeloiltoncajuhy.com.br\/site\/wp-content\/uploads\/2021\/05\/Reservatorio-elevado-do-Alto-da-Rainha_200-metros-cubicos-scaled.jpg?resize=2048%2C1537&amp;ssl=1 2048w, https:\/\/i0.wp.com\/blogdoeloiltoncajuhy.com.br\/site\/wp-content\/uploads\/2021\/05\/Reservatorio-elevado-do-Alto-da-Rainha_200-metros-cubicos-scaled.jpg?w=1600 1600w, https:\/\/i0.wp.com\/blogdoeloiltoncajuhy.com.br\/site\/wp-content\/uploads\/2021\/05\/Reservatorio-elevado-do-Alto-da-Rainha_200-metros-cubicos-scaled.jpg?w=2400 2400w\" sizes=\"(max-width: 800px) 100vw, 800px\" \/><\/a><\/figure><\/div>\n\n\n\n<p>A obra em andamento \u00e9 mais uma a\u00e7\u00e3o da Embasa visando \u00e0 universaliza\u00e7\u00e3o do acesso ao abastecimento de \u00e1gua em Senhor do Bonfim. Atualmente, o \u00edndice de atendimento do servi\u00e7o no munic\u00edpio j\u00e1 alcan\u00e7a 98%. Chegar nesse patamar s\u00f3 foi poss\u00edvel gra\u00e7as aos diversos investimentos realizados nos \u00faltimos anos, especialmente com a implanta\u00e7\u00e3o do Sistema Integrado de Abastecimento de \u00c1gua de Senhor do Bonfim, obra conclu\u00edda em 2014 que tamb\u00e9m beneficiou os munic\u00edpios de Andorinha, Jaguarari, Iti\u00faba, Filad\u00e9lfia, Caldeir\u00e3o Grande e Ponto Novo.<\/p>\n\n\n\n<p>A obra teve investimento de mais de R$ 62 milh\u00f5es, com recursos do PAC I e pr\u00f3prios da Embasa, e \u00e9 considerada um grande empreendimento que ampliou a capacidade de capta\u00e7\u00e3o, tratamento, reserva\u00e7\u00e3o e distribui\u00e7\u00e3o de \u00e1gua tratada para quase 300 mil pessoas dos sete munic\u00edpios atendidos e, principalmente, proveu essa regi\u00e3o semi\u00e1rida de infraestrutura h\u00eddrica capaz de trazer maior oferta de \u00e1gua atrav\u00e9s da Barragem de Ponto Novo e, assim, garantir a continuidade do abastecimento mesmo durante longas estiagens.<\/p>\n","protected":false},"excerpt":{"rendered":"<p>Est\u00e1 em fase avan\u00e7ada a obra que vai permitir a amplia\u00e7\u00e3o e melhoria do abastecimento de \u00e1gua no munic\u00edpio de Senhor do Bonfim. O investimento ultrapassa R$ 3,3 milh\u00f5es com recursos da Sudene (Superintend\u00eancia de Desenvolvimento do Nordeste) e consiste na constru\u00e7\u00e3o de duas esta\u00e7\u00f5es elevat\u00f3rias de \u00e1gua e tr\u00eas reservat\u00f3rios, sendo um elevado de [&hellip;]<\/p>\n","protected":false},"author":2,"featured_media":56792,"comment_status":"open","ping_status":"open","sticky":false,"template":"","format":"standard","meta":{"_acf_changed":false,"_monsterinsights_skip_tracking":false,"_monsterinsights_sitenote_active":false,"_monsterinsights_sitenote_note":"","_monsterinsights_sitenote_category":0,"_jetpack_memberships_contains_paid_content":false,"footnotes":"","jetpack_publicize_message":"","jetpack_publicize_feature_enabled":true,"jetpack_social_post_already_shared":false,"jetpack_social_options":{"image_generator_settings":{"template":"highway","default_image_id":0,"font":"","enabled":false},"version":2}},"categories":[4],"tags":[],"class_list":["post-56790","post","type-post","status-publish","format-standard","has-post-thumbnail","hentry","category-local"],"acf":[],"jetpack_publicize_connections":[],"jetpack_featured_media_url":"https:\/\/i0.wp.com\/blogdoeloiltoncajuhy.com.br\/site\/wp-content\/uploads\/2021\/05\/Reservatorio-elevado-do-Alto-da-Rainha_200-metros-cubicos-scaled.jpg?fit=2560%2C1922&ssl=1","jetpack_sharing_enabled":true,"publishpress_future_workflow_manual_trigger":{"enabledWorkflows":[]},"_links":{"self":[{"href":"https:\/\/blogdoeloiltoncajuhy.com.br\/site\/wp-json\/wp\/v2\/posts\/56790","targetHints":{"allow":["GET"]}}],"collection":[{"href":"https:\/\/blogdoeloiltoncajuhy.com.br\/site\/wp-json\/wp\/v2\/posts"}],"about":[{"href":"https:\/\/blogdoeloiltoncajuhy.com.br\/site\/wp-json\/wp\/v2\/types\/post"}],"author":[{"embeddable":true,"href":"https:\/\/blogdoeloiltoncajuhy.com.br\/site\/wp-json\/wp\/v2\/users\/2"}],"replies":[{"embeddable":true,"href":"https:\/\/blogdoeloiltoncajuhy.com.br\/site\/wp-json\/wp\/v2\/comments?post=56790"}],"version-history":[{"count":1,"href":"https:\/\/blogdoeloiltoncajuhy.com.br\/site\/wp-json\/wp\/v2\/posts\/56790\/revisions"}],"predecessor-version":[{"id":56793,"href":"https:\/\/blogdoeloiltoncajuhy.com.br\/site\/wp-json\/wp\/v2\/posts\/56790\/revisions\/56793"}],"wp:featuredmedia":[{"embeddable":true,"href":"https:\/\/blogdoeloiltoncajuhy.com.br\/site\/wp-json\/wp\/v2\/media\/56792"}],"wp:attachment":[{"href":"https:\/\/blogdoeloiltoncajuhy.com.br\/site\/wp-json\/wp\/v2\/media?parent=56790"}],"wp:term":[{"taxonomy":"category","embeddable":true,"href":"https:\/\/blogdoeloiltoncajuhy.com.br\/site\/wp-json\/wp\/v2\/categories?post=56790"},{"taxonomy":"post_tag","embeddable":true,"href":"https:\/\/blogdoeloiltoncajuhy.com.br\/site\/wp-json\/wp\/v2\/tags?post=56790"}],"curies":[{"name":"wp","href":"https:\/\/api.w.org\/{rel}","templated":true}]}}