{"id":56785,"date":"2021-05-28T11:54:20","date_gmt":"2021-05-28T14:54:20","guid":{"rendered":"http:\/\/blogdoeloiltoncajuhy.com.br\/site\/?p=56785"},"modified":"2021-05-28T11:55:16","modified_gmt":"2021-05-28T14:55:16","slug":"homenagem-do-nucleo-territorial-de-educacao-nte-25-veja-o-video","status":"publish","type":"post","link":"https:\/\/blogdoeloiltoncajuhy.com.br\/site\/homenagem-do-nucleo-territorial-de-educacao-nte-25-veja-o-video\/","title":{"rendered":"Homenagem do N\u00facleo Territorial de Educa\u00e7\u00e3o (NTE-25); veja o v\u00eddeo"},"content":{"rendered":"\n<div class=\"wp-block-image\"><figure class=\"aligncenter size-large\"><a href=\"https:\/\/i0.wp.com\/blogdoeloiltoncajuhy.com.br\/site\/wp-content\/uploads\/2021\/05\/Senhor-do-Bonfim-136-anos.png\"><img data-recalc-dims=\"1\" fetchpriority=\"high\" decoding=\"async\" width=\"800\" height=\"448\" src=\"https:\/\/i0.wp.com\/blogdoeloiltoncajuhy.com.br\/site\/wp-content\/uploads\/2021\/05\/Senhor-do-Bonfim-136-anos.png?resize=800%2C448\" alt=\"\" class=\"wp-image-56786\" srcset=\"https:\/\/i0.wp.com\/blogdoeloiltoncajuhy.com.br\/site\/wp-content\/uploads\/2021\/05\/Senhor-do-Bonfim-136-anos.png?resize=1024%2C573&amp;ssl=1 1024w, https:\/\/i0.wp.com\/blogdoeloiltoncajuhy.com.br\/site\/wp-content\/uploads\/2021\/05\/Senhor-do-Bonfim-136-anos.png?resize=300%2C168&amp;ssl=1 300w, https:\/\/i0.wp.com\/blogdoeloiltoncajuhy.com.br\/site\/wp-content\/uploads\/2021\/05\/Senhor-do-Bonfim-136-anos.png?resize=768%2C430&amp;ssl=1 768w, https:\/\/i0.wp.com\/blogdoeloiltoncajuhy.com.br\/site\/wp-content\/uploads\/2021\/05\/Senhor-do-Bonfim-136-anos.png?w=1128&amp;ssl=1 1128w\" sizes=\"(max-width: 800px) 100vw, 800px\" \/><\/a><\/figure><\/div>\n\n\n\n<p>O N\u00facleo Territorial de Educa\u00e7\u00e3o -NTE 25, e todas as Unidades Escolares da Rede Estadual do munic\u00edpio de Senhor do Bonfim, parabenizam a nossa cidade que completa 136 anos de sua emancipa\u00e7\u00e3o pol\u00edtica de muitas hist\u00f3rias, muitas belezas e batalhas vencidas.<\/p>\n\n\n\n<p><em>&#8220;Este anivers\u00e1rio, de modo especial, passaremos exercendo o cuidado com o outro, sendo solid\u00e1rios e realizando nossas homenagens e festividades no virtual\u201d!<\/em><\/p>\n\n\n\n<p class=\"has-black-color has-text-color has-medium-font-size\"><strong>Clique no link abaixo e assista ao v\u00eddeo:<\/strong><\/p>\n\n\n\n<p><a href=\"https:\/\/youtu.be\/wBjwqm22VYY\" target=\"_blank\" rel=\"noreferrer noopener\">https:\/\/youtu.be\/wBjwqm22VYY<\/a><\/p>\n","protected":false},"excerpt":{"rendered":"<p>O N\u00facleo Territorial de Educa\u00e7\u00e3o -NTE 25, e todas as Unidades Escolares da Rede Estadual do munic\u00edpio de Senhor do Bonfim, parabenizam a nossa cidade que completa 136 anos de sua emancipa\u00e7\u00e3o pol\u00edtica de muitas hist\u00f3rias, muitas belezas e batalhas vencidas. &#8220;Este anivers\u00e1rio, de modo especial, passaremos exercendo o cuidado com o outro, sendo solid\u00e1rios [&hellip;]<\/p>\n","protected":false},"author":2,"featured_media":56786,"comment_status":"open","ping_status":"open","sticky":false,"template":"","format":"standard","meta":{"_acf_changed":false,"_monsterinsights_skip_tracking":false,"_monsterinsights_sitenote_active":false,"_monsterinsights_sitenote_note":"","_monsterinsights_sitenote_category":0,"_jetpack_memberships_contains_paid_content":false,"footnotes":"","jetpack_publicize_message":"","jetpack_publicize_feature_enabled":true,"jetpack_social_post_already_shared":false,"jetpack_social_options":{"image_generator_settings":{"template":"highway","default_image_id":0,"font":"","enabled":false},"version":2}},"categories":[4],"tags":[],"class_list":["post-56785","post","type-post","status-publish","format-standard","has-post-thumbnail","hentry","category-local"],"acf":[],"jetpack_publicize_connections":[],"jetpack_featured_media_url":"https:\/\/i0.wp.com\/blogdoeloiltoncajuhy.com.br\/site\/wp-content\/uploads\/2021\/05\/Senhor-do-Bonfim-136-anos.png?fit=1128%2C631&ssl=1","jetpack_sharing_enabled":true,"publishpress_future_workflow_manual_trigger":{"enabledWorkflows":[]},"_links":{"self":[{"href":"https:\/\/blogdoeloiltoncajuhy.com.br\/site\/wp-json\/wp\/v2\/posts\/56785","targetHints":{"allow":["GET"]}}],"collection":[{"href":"https:\/\/blogdoeloiltoncajuhy.com.br\/site\/wp-json\/wp\/v2\/posts"}],"about":[{"href":"https:\/\/blogdoeloiltoncajuhy.com.br\/site\/wp-json\/wp\/v2\/types\/post"}],"author":[{"embeddable":true,"href":"https:\/\/blogdoeloiltoncajuhy.com.br\/site\/wp-json\/wp\/v2\/users\/2"}],"replies":[{"embeddable":true,"href":"https:\/\/blogdoeloiltoncajuhy.com.br\/site\/wp-json\/wp\/v2\/comments?post=56785"}],"version-history":[{"count":3,"href":"https:\/\/blogdoeloiltoncajuhy.com.br\/site\/wp-json\/wp\/v2\/posts\/56785\/revisions"}],"predecessor-version":[{"id":56789,"href":"https:\/\/blogdoeloiltoncajuhy.com.br\/site\/wp-json\/wp\/v2\/posts\/56785\/revisions\/56789"}],"wp:featuredmedia":[{"embeddable":true,"href":"https:\/\/blogdoeloiltoncajuhy.com.br\/site\/wp-json\/wp\/v2\/media\/56786"}],"wp:attachment":[{"href":"https:\/\/blogdoeloiltoncajuhy.com.br\/site\/wp-json\/wp\/v2\/media?parent=56785"}],"wp:term":[{"taxonomy":"category","embeddable":true,"href":"https:\/\/blogdoeloiltoncajuhy.com.br\/site\/wp-json\/wp\/v2\/categories?post=56785"},{"taxonomy":"post_tag","embeddable":true,"href":"https:\/\/blogdoeloiltoncajuhy.com.br\/site\/wp-json\/wp\/v2\/tags?post=56785"}],"curies":[{"name":"wp","href":"https:\/\/api.w.org\/{rel}","templated":true}]}}