{"id":56770,"date":"2021-05-27T06:44:50","date_gmt":"2021-05-27T09:44:50","guid":{"rendered":"http:\/\/blogdoeloiltoncajuhy.com.br\/site\/?p=56770"},"modified":"2021-05-27T06:44:52","modified_gmt":"2021-05-27T09:44:52","slug":"drauzio-varella-fico-pessoalmente-ofendido-quando-falam-mal-do-sus","status":"publish","type":"post","link":"https:\/\/blogdoeloiltoncajuhy.com.br\/site\/drauzio-varella-fico-pessoalmente-ofendido-quando-falam-mal-do-sus\/","title":{"rendered":"Dr\u00e1uzio Varella: &#8220;Fico pessoalmente ofendido quando falam mal do SUS&#8221;"},"content":{"rendered":"\n<h5 class=\"has-text-align-center wp-block-heading\"><em>O m\u00e9dico mais famoso do pa\u00eds, refer\u00eancia absoluta quando se fala em sa\u00fade p\u00fablica, questionou a atua\u00e7\u00e3o do governo brasileiro no processo de vacina\u00e7\u00e3o, e disse que o pa\u00eds sabe sim como fazer a imuniza\u00e7\u00e3o em massa acontecer<\/em><\/h5>\n\n\n\n<div class=\"wp-block-image\"><figure class=\"aligncenter size-large\"><a href=\"https:\/\/i0.wp.com\/blogdoeloiltoncajuhy.com.br\/site\/wp-content\/uploads\/2018\/01\/drauzio-varella.jpg\"><img data-recalc-dims=\"1\" fetchpriority=\"high\" decoding=\"async\" width=\"696\" height=\"463\" src=\"https:\/\/i0.wp.com\/blogdoeloiltoncajuhy.com.br\/site\/wp-content\/uploads\/2018\/01\/drauzio-varella.jpg?resize=696%2C463\" alt=\"\" class=\"wp-image-22484\" srcset=\"https:\/\/i0.wp.com\/blogdoeloiltoncajuhy.com.br\/site\/wp-content\/uploads\/2018\/01\/drauzio-varella.jpg?w=696&amp;ssl=1 696w, https:\/\/i0.wp.com\/blogdoeloiltoncajuhy.com.br\/site\/wp-content\/uploads\/2018\/01\/drauzio-varella.jpg?resize=300%2C200&amp;ssl=1 300w, https:\/\/i0.wp.com\/blogdoeloiltoncajuhy.com.br\/site\/wp-content\/uploads\/2018\/01\/drauzio-varella.jpg?resize=250%2C166&amp;ssl=1 250w\" sizes=\"(max-width: 696px) 100vw, 696px\" \/><\/a><\/figure><\/div>\n\n\n\n<p>Um \u00fanico homem na programa\u00e7\u00e3o de todo o Power Trip Summit. A exce\u00e7\u00e3o \u00e9 especial, j\u00e1 que estamos falando do oncologista Dr\u00e1uzio Varella, um dos m\u00e9dicos mais famosos e celebrados do pa\u00eds, refer\u00eancia absoluta quando se fala em sa\u00fade p\u00fablica. Al\u00e9m de atuar na medicina, ele \u00e9 radialista, palestrante, youtuber, colunista, autor de best-seller. E ainda sobra tempo para pensar em como ajudar o Brasil na quest\u00e3o das vacinas contra a covid-19.<\/p>\n\n\n\n<p><em>\u201cO Brasil foi exemplo para o mundo no combate \u00e0 AIDS, por conta da a\u00e7\u00e3o do governo da \u00e9poca. N\u00f3s mostramos para v\u00e1rios pa\u00edses como \u00e9 que se fazia um combate eficiente. As decis\u00f5es t\u00eam que vir do Governo Federal, algo que deveria acontecer desde o come\u00e7o da crise do coronav\u00edrus. Hoje, n\u00e3o temos um comando que fa\u00e7a isso\u201d<\/em>, refor\u00e7ou ele, uma das principais vozes do projeto de conscientiza\u00e7\u00e3o sobre o HIV no Brasil.<\/p>\n\n\n\n<p>Segundo ele, a campanha pela vacina\u00e7\u00e3o contra a covid-19 foi bem feita, mas n\u00e3o <em>&#8220;convenceu&#8221;<\/em> a popula\u00e7\u00e3o. <em>\u201cN\u00f3s n\u00e3o falhamos na comunica\u00e7\u00e3o. Assim que a OMS, a Organiza\u00e7\u00e3o Mundial da Sa\u00fade, constatou que a m\u00e1scara protegia, n\u00f3s disseminamos a informa\u00e7\u00e3o. Mas, quem define como o combate deve ser conduzido s\u00e3o os pol\u00edticos. S\u00e3o eles que precisam dar os caminhos. Quando combatemos a pandemia de HIV, o governo da \u00e9poca montou um grupo de especialistas para correr atr\u00e1s da solu\u00e7\u00e3o. E olha que o Brasil era mais pobre e o SUS era muito recente e sem tantos recursos\u201d<\/em>, relembra ele, que se diz ofendido quando algu\u00e9m reclama do Sistema \u00danico de Sa\u00fade. <em>\u201cFico pessoalmente ofendido quando falam mal do SUS. Podemos apontar os defeitos e procurar solucionar, mas falar que o SUS \u00e9 uma porcaria, n\u00e3o admito\u201d<\/em>.<\/p>\n\n\n\n<p>Quanto ao futuro da pandemia, Dr\u00e1uzio \u00e9 enf\u00e1tico: enquanto n\u00e3o convencermos a popula\u00e7\u00e3o da import\u00e2ncia do uso da m\u00e1scara e do distanciamento social, n\u00e3o teremos <em>&#8220;fim&#8221;<\/em> da crise. <em>\u201cSeria ideal convencer a popula\u00e7\u00e3o a usar m\u00e1scara e ficar em casa massivamente. \u00c9 claro que a situa\u00e7\u00e3o econ\u00f4mica fica ruim e n\u00e3o d\u00e1 para segurar por muito tempo, mas esse \u2018vai e volta\u2019 de restri\u00e7\u00f5es n\u00e3o funciona. \u00c9 como enxugar gelo. Se fecha tudo, os casos diminuem. Ent\u00e3o, abre tudo e os casos voltam a aumentar. Essa trag\u00e9dia sanfona n\u00e3o funciona. O que vai resolver a pandemia n\u00e3o \u00e9 s\u00f3 a vacina\u00e7\u00e3o, mas a m\u00e1scara, o distanciamento e atitudes dos \u00f3rg\u00e3os p\u00fablicos\u201d<\/em>, finalizou ele.<\/p>\n","protected":false},"excerpt":{"rendered":"<p>O m\u00e9dico mais famoso do pa\u00eds, refer\u00eancia absoluta quando se fala em sa\u00fade p\u00fablica, questionou a atua\u00e7\u00e3o do governo brasileiro no processo de vacina\u00e7\u00e3o, e disse que o pa\u00eds sabe sim como fazer a imuniza\u00e7\u00e3o em massa acontecer Um \u00fanico homem na programa\u00e7\u00e3o de todo o Power Trip Summit. A exce\u00e7\u00e3o \u00e9 especial, j\u00e1 que [&hellip;]<\/p>\n","protected":false},"author":2,"featured_media":22484,"comment_status":"open","ping_status":"open","sticky":false,"template":"","format":"standard","meta":{"_acf_changed":false,"_monsterinsights_skip_tracking":false,"_monsterinsights_sitenote_active":false,"_monsterinsights_sitenote_note":"","_monsterinsights_sitenote_category":0,"_jetpack_memberships_contains_paid_content":false,"footnotes":"","jetpack_publicize_message":"","jetpack_publicize_feature_enabled":true,"jetpack_social_post_already_shared":false,"jetpack_social_options":{"image_generator_settings":{"template":"highway","default_image_id":0,"font":"","enabled":false},"version":2}},"categories":[7],"tags":[],"class_list":["post-56770","post","type-post","status-publish","format-standard","has-post-thumbnail","hentry","category-saude"],"acf":[],"jetpack_publicize_connections":[],"jetpack_featured_media_url":"https:\/\/i0.wp.com\/blogdoeloiltoncajuhy.com.br\/site\/wp-content\/uploads\/2018\/01\/drauzio-varella.jpg?fit=696%2C463&ssl=1","jetpack_sharing_enabled":true,"publishpress_future_workflow_manual_trigger":{"enabledWorkflows":[]},"_links":{"self":[{"href":"https:\/\/blogdoeloiltoncajuhy.com.br\/site\/wp-json\/wp\/v2\/posts\/56770","targetHints":{"allow":["GET"]}}],"collection":[{"href":"https:\/\/blogdoeloiltoncajuhy.com.br\/site\/wp-json\/wp\/v2\/posts"}],"about":[{"href":"https:\/\/blogdoeloiltoncajuhy.com.br\/site\/wp-json\/wp\/v2\/types\/post"}],"author":[{"embeddable":true,"href":"https:\/\/blogdoeloiltoncajuhy.com.br\/site\/wp-json\/wp\/v2\/users\/2"}],"replies":[{"embeddable":true,"href":"https:\/\/blogdoeloiltoncajuhy.com.br\/site\/wp-json\/wp\/v2\/comments?post=56770"}],"version-history":[{"count":2,"href":"https:\/\/blogdoeloiltoncajuhy.com.br\/site\/wp-json\/wp\/v2\/posts\/56770\/revisions"}],"predecessor-version":[{"id":56772,"href":"https:\/\/blogdoeloiltoncajuhy.com.br\/site\/wp-json\/wp\/v2\/posts\/56770\/revisions\/56772"}],"wp:featuredmedia":[{"embeddable":true,"href":"https:\/\/blogdoeloiltoncajuhy.com.br\/site\/wp-json\/wp\/v2\/media\/22484"}],"wp:attachment":[{"href":"https:\/\/blogdoeloiltoncajuhy.com.br\/site\/wp-json\/wp\/v2\/media?parent=56770"}],"wp:term":[{"taxonomy":"category","embeddable":true,"href":"https:\/\/blogdoeloiltoncajuhy.com.br\/site\/wp-json\/wp\/v2\/categories?post=56770"},{"taxonomy":"post_tag","embeddable":true,"href":"https:\/\/blogdoeloiltoncajuhy.com.br\/site\/wp-json\/wp\/v2\/tags?post=56770"}],"curies":[{"name":"wp","href":"https:\/\/api.w.org\/{rel}","templated":true}]}}