{"id":56766,"date":"2021-05-27T06:21:11","date_gmt":"2021-05-27T09:21:11","guid":{"rendered":"http:\/\/blogdoeloiltoncajuhy.com.br\/site\/?p=56766"},"modified":"2021-05-27T06:21:12","modified_gmt":"2021-05-27T09:21:12","slug":"opiniao-um-presidente-fragilizado","status":"publish","type":"post","link":"https:\/\/blogdoeloiltoncajuhy.com.br\/site\/opiniao-um-presidente-fragilizado\/","title":{"rendered":"Opini\u00e3o: Um presidente fragilizado"},"content":{"rendered":"\n<div class=\"wp-block-image\"><figure class=\"aligncenter size-large\"><a href=\"https:\/\/i0.wp.com\/blogdoeloiltoncajuhy.com.br\/site\/wp-content\/uploads\/2021\/05\/Bolsonaro-GettyImages.jpeg\"><img data-recalc-dims=\"1\" fetchpriority=\"high\" decoding=\"async\" width=\"680\" height=\"453\" src=\"https:\/\/i0.wp.com\/blogdoeloiltoncajuhy.com.br\/site\/wp-content\/uploads\/2021\/05\/Bolsonaro-GettyImages.jpeg?resize=680%2C453\" alt=\"\" class=\"wp-image-56767\" srcset=\"https:\/\/i0.wp.com\/blogdoeloiltoncajuhy.com.br\/site\/wp-content\/uploads\/2021\/05\/Bolsonaro-GettyImages.jpeg?w=680&amp;ssl=1 680w, https:\/\/i0.wp.com\/blogdoeloiltoncajuhy.com.br\/site\/wp-content\/uploads\/2021\/05\/Bolsonaro-GettyImages.jpeg?resize=300%2C200&amp;ssl=1 300w\" sizes=\"(max-width: 680px) 100vw, 680px\" \/><\/a><figcaption><em><sub>Presidente Jair Bolsonaro (EVARISTO SA\/AFP\/Getty Images)<\/sub><\/em><\/figcaption><\/figure><\/div>\n\n\n\n<p>O capit\u00e3o Jair Messias Bolsonaro n\u00e3o goza mais da alta popularidade que o elegeu presidente. Ele chegou ao auge de sua carreira pol\u00edtica surfando na onda do antipetismo. Hoje, o mandat\u00e1rio se v\u00ea cada dia mais desidratado. Fragilizado pelas den\u00fancias que surgiram contra ele ao longo do mandato, o presidente chega ao seu pior momento da gest\u00e3o, acusado pela CPI de ser omisso e negligente na pandemia, assim como de ter-se tornado um dos respons\u00e1veis pelo caos sanit\u00e1rio que o pa\u00eds vive. No momento em que o Brasil ultrapassa a marca de 452 mil mortos pelo coronav\u00edrus, o presidente v\u00ea sua prefer\u00eancia eleitoral despencar, de fato, entre os eleitores.<\/p>\n\n\n\n<p>A 17 meses das elei\u00e7\u00f5es, as pesquisas eleitorais j\u00e1 mostram esse quadro negativo para o presidente, indicando que a situa\u00e7\u00e3o pode piorar ainda mais, \u00e0 medida em que a CPI avance e deixe ainda mais cristalino o envolvimento do capit\u00e3o nas irregularidades praticadas na ina\u00e7\u00e3o do governo no combate ao v\u00edrus. As pesquisas apontam que, se as elei\u00e7\u00f5es fossem hoje, o mandat\u00e1rio seria derrotado por Lula, o inimigo que ele combateu para se eleger. No levantamento mais recente realizado pelo Instituto Datafolha, o ex-presidente petista aparece com vantagem expressiva sobre Bolsonaro, tanto no primeiro turno, quanto no segundo.<\/p>\n\n\n\n<p>Os resultados preliminares podem ser interpretados \u00e0 luz de suas perspectivas. A primeira delas parte do princ\u00edpio de que o anti-petismo se diluiu e isso favorece Lula. Apesar do ex-presidente ter sido preso na Lava Jato, o que teria um efeito negativo sobre sua candidatura, as condena\u00e7\u00f5es impostas a ele por corrup\u00e7\u00e3o foram anuladas pelo Supremo Tribunal Federal (STF), o que o devolveu ao jogo pol\u00edtico. E ele recupera os direitos pol\u00edticos para ser candidato no exato momento em que o anti-bolsonarismo tamb\u00e9m come\u00e7a a se intensificar, sobretudo por conta dos que o chamam de genocida. Essa pecha est\u00e1 cada vez mais se consolidando entre grande parte do eleitorado.<\/p>\n\n\n\n<p>Cientes disso tudo, os advers\u00e1rios do capit\u00e3o j\u00e1 come\u00e7aram a se movimentar pensando na disputa presidencial do ano que vem e parece claro que a oposi\u00e7\u00e3o a Bolsonaro ter\u00e1 que se unir para impedir que ele se reeleja e mantenha sua pol\u00edtica negacionista que tanto mal est\u00e1 fazendo ao Pa\u00eds. At\u00e9 pouco tempo, dirigentes da esquerda falavam em uni\u00e3o para derrot\u00e1-lo, mas isso acabou ficando s\u00f3 nas inten\u00e7\u00f5es, mais para ingl\u00eas ver. Ap\u00f3s o retorno de Lula ao jogo, a velha divis\u00e3o nas esquerdas voltou a se manifestar, inclusive com ataques de Ciro Gomes ao petista, o que inviabiliza a alian\u00e7a nesse espectro pol\u00edtico. Em 2018, a mesma divis\u00e3o nas esquerdas possibilitou a vit\u00f3ria de Bolsonaro. Deu no que deu. Ser\u00e1 que o erro vai se repetir mais uma vez?<\/p>\n","protected":false},"excerpt":{"rendered":"<p>O capit\u00e3o Jair Messias Bolsonaro n\u00e3o goza mais da alta popularidade que o elegeu presidente. Ele chegou ao auge de sua carreira pol\u00edtica surfando na onda do antipetismo. Hoje, o mandat\u00e1rio se v\u00ea cada dia mais desidratado. Fragilizado pelas den\u00fancias que surgiram contra ele ao longo do mandato, o presidente chega ao seu pior momento [&hellip;]<\/p>\n","protected":false},"author":2,"featured_media":56767,"comment_status":"open","ping_status":"open","sticky":false,"template":"","format":"standard","meta":{"_acf_changed":false,"_monsterinsights_skip_tracking":false,"_monsterinsights_sitenote_active":false,"_monsterinsights_sitenote_note":"","_monsterinsights_sitenote_category":0,"_jetpack_memberships_contains_paid_content":false,"footnotes":"","jetpack_publicize_message":"","jetpack_publicize_feature_enabled":true,"jetpack_social_post_already_shared":false,"jetpack_social_options":{"image_generator_settings":{"template":"highway","default_image_id":0,"font":"","enabled":false},"version":2}},"categories":[3],"tags":[],"class_list":["post-56766","post","type-post","status-publish","format-standard","has-post-thumbnail","hentry","category-politica"],"acf":[],"jetpack_publicize_connections":[],"jetpack_featured_media_url":"https:\/\/i0.wp.com\/blogdoeloiltoncajuhy.com.br\/site\/wp-content\/uploads\/2021\/05\/Bolsonaro-GettyImages.jpeg?fit=680%2C453&ssl=1","jetpack_sharing_enabled":true,"publishpress_future_workflow_manual_trigger":{"enabledWorkflows":[]},"_links":{"self":[{"href":"https:\/\/blogdoeloiltoncajuhy.com.br\/site\/wp-json\/wp\/v2\/posts\/56766","targetHints":{"allow":["GET"]}}],"collection":[{"href":"https:\/\/blogdoeloiltoncajuhy.com.br\/site\/wp-json\/wp\/v2\/posts"}],"about":[{"href":"https:\/\/blogdoeloiltoncajuhy.com.br\/site\/wp-json\/wp\/v2\/types\/post"}],"author":[{"embeddable":true,"href":"https:\/\/blogdoeloiltoncajuhy.com.br\/site\/wp-json\/wp\/v2\/users\/2"}],"replies":[{"embeddable":true,"href":"https:\/\/blogdoeloiltoncajuhy.com.br\/site\/wp-json\/wp\/v2\/comments?post=56766"}],"version-history":[{"count":2,"href":"https:\/\/blogdoeloiltoncajuhy.com.br\/site\/wp-json\/wp\/v2\/posts\/56766\/revisions"}],"predecessor-version":[{"id":56769,"href":"https:\/\/blogdoeloiltoncajuhy.com.br\/site\/wp-json\/wp\/v2\/posts\/56766\/revisions\/56769"}],"wp:featuredmedia":[{"embeddable":true,"href":"https:\/\/blogdoeloiltoncajuhy.com.br\/site\/wp-json\/wp\/v2\/media\/56767"}],"wp:attachment":[{"href":"https:\/\/blogdoeloiltoncajuhy.com.br\/site\/wp-json\/wp\/v2\/media?parent=56766"}],"wp:term":[{"taxonomy":"category","embeddable":true,"href":"https:\/\/blogdoeloiltoncajuhy.com.br\/site\/wp-json\/wp\/v2\/categories?post=56766"},{"taxonomy":"post_tag","embeddable":true,"href":"https:\/\/blogdoeloiltoncajuhy.com.br\/site\/wp-json\/wp\/v2\/tags?post=56766"}],"curies":[{"name":"wp","href":"https:\/\/api.w.org\/{rel}","templated":true}]}}