{"id":56759,"date":"2021-05-26T22:01:20","date_gmt":"2021-05-27T01:01:20","guid":{"rendered":"http:\/\/blogdoeloiltoncajuhy.com.br\/site\/?p=56759"},"modified":"2021-05-26T22:01:21","modified_gmt":"2021-05-27T01:01:21","slug":"prefeitura-de-andorinha-suspende-temporariamente-atendimento-ao-publico","status":"publish","type":"post","link":"https:\/\/blogdoeloiltoncajuhy.com.br\/site\/prefeitura-de-andorinha-suspende-temporariamente-atendimento-ao-publico\/","title":{"rendered":"Prefeitura de Andorinha suspende temporariamente atendimento ao p\u00fablico"},"content":{"rendered":"\n<div class=\"wp-block-image\"><figure class=\"aligncenter size-large is-resized\"><a href=\"https:\/\/i0.wp.com\/blogdoeloiltoncajuhy.com.br\/site\/wp-content\/uploads\/2021\/05\/PMA_Prefeitura-Fechada.jpeg\"><img data-recalc-dims=\"1\" fetchpriority=\"high\" decoding=\"async\" src=\"https:\/\/i0.wp.com\/blogdoeloiltoncajuhy.com.br\/site\/wp-content\/uploads\/2021\/05\/PMA_Prefeitura-Fechada.jpeg?resize=623%2C623\" alt=\"\" class=\"wp-image-56760\" width=\"623\" height=\"623\" srcset=\"https:\/\/i0.wp.com\/blogdoeloiltoncajuhy.com.br\/site\/wp-content\/uploads\/2021\/05\/PMA_Prefeitura-Fechada.jpeg?resize=1024%2C1024&amp;ssl=1 1024w, https:\/\/i0.wp.com\/blogdoeloiltoncajuhy.com.br\/site\/wp-content\/uploads\/2021\/05\/PMA_Prefeitura-Fechada.jpeg?resize=300%2C300&amp;ssl=1 300w, https:\/\/i0.wp.com\/blogdoeloiltoncajuhy.com.br\/site\/wp-content\/uploads\/2021\/05\/PMA_Prefeitura-Fechada.jpeg?resize=150%2C150&amp;ssl=1 150w, https:\/\/i0.wp.com\/blogdoeloiltoncajuhy.com.br\/site\/wp-content\/uploads\/2021\/05\/PMA_Prefeitura-Fechada.jpeg?resize=768%2C768&amp;ssl=1 768w, https:\/\/i0.wp.com\/blogdoeloiltoncajuhy.com.br\/site\/wp-content\/uploads\/2021\/05\/PMA_Prefeitura-Fechada.jpeg?w=1043&amp;ssl=1 1043w\" sizes=\"(max-width: 623px) 100vw, 623px\" \/><\/a><\/figure><\/div>\n\n\n\n<p>A Prefeitura Municipal de Andorinha comunica a popula\u00e7\u00e3o que o atendimento ao p\u00fablico est\u00e1 suspenso at\u00e9 o dia 28 de maio, em raz\u00e3o da confirma\u00e7\u00e3o de casos de Covid-19 em servidores p\u00fablicos das secretarias de Administra\u00e7\u00e3o e Finan\u00e7as.<\/p>\n\n\n\n<p>De forma a evitar a dissemina\u00e7\u00e3o do cont\u00e1gio do coronav\u00edrus, o pr\u00e9dio da prefeitura estar\u00e1 funcionando somente com expediente interno. Demais \u00f3rg\u00e3os municipais seguem funcionando normalmente.<\/p>\n","protected":false},"excerpt":{"rendered":"<p>A Prefeitura Municipal de Andorinha comunica a popula\u00e7\u00e3o que o atendimento ao p\u00fablico est\u00e1 suspenso at\u00e9 o dia 28 de maio, em raz\u00e3o da confirma\u00e7\u00e3o de casos de Covid-19 em servidores p\u00fablicos das secretarias de Administra\u00e7\u00e3o e Finan\u00e7as. De forma a evitar a dissemina\u00e7\u00e3o do cont\u00e1gio do coronav\u00edrus, o pr\u00e9dio da prefeitura estar\u00e1 funcionando somente [&hellip;]<\/p>\n","protected":false},"author":2,"featured_media":56760,"comment_status":"open","ping_status":"open","sticky":false,"template":"","format":"standard","meta":{"_acf_changed":false,"_monsterinsights_skip_tracking":false,"_monsterinsights_sitenote_active":false,"_monsterinsights_sitenote_note":"","_monsterinsights_sitenote_category":0,"_jetpack_memberships_contains_paid_content":false,"footnotes":"","jetpack_publicize_message":"","jetpack_publicize_feature_enabled":true,"jetpack_social_post_already_shared":false,"jetpack_social_options":{"image_generator_settings":{"template":"highway","default_image_id":0,"font":"","enabled":false},"version":2}},"categories":[11],"tags":[],"class_list":["post-56759","post","type-post","status-publish","format-standard","has-post-thumbnail","hentry","category-regional"],"acf":[],"jetpack_publicize_connections":[],"jetpack_featured_media_url":"https:\/\/i0.wp.com\/blogdoeloiltoncajuhy.com.br\/site\/wp-content\/uploads\/2021\/05\/PMA_Prefeitura-Fechada.jpeg?fit=1043%2C1043&ssl=1","jetpack_sharing_enabled":true,"publishpress_future_workflow_manual_trigger":{"enabledWorkflows":[]},"_links":{"self":[{"href":"https:\/\/blogdoeloiltoncajuhy.com.br\/site\/wp-json\/wp\/v2\/posts\/56759","targetHints":{"allow":["GET"]}}],"collection":[{"href":"https:\/\/blogdoeloiltoncajuhy.com.br\/site\/wp-json\/wp\/v2\/posts"}],"about":[{"href":"https:\/\/blogdoeloiltoncajuhy.com.br\/site\/wp-json\/wp\/v2\/types\/post"}],"author":[{"embeddable":true,"href":"https:\/\/blogdoeloiltoncajuhy.com.br\/site\/wp-json\/wp\/v2\/users\/2"}],"replies":[{"embeddable":true,"href":"https:\/\/blogdoeloiltoncajuhy.com.br\/site\/wp-json\/wp\/v2\/comments?post=56759"}],"version-history":[{"count":2,"href":"https:\/\/blogdoeloiltoncajuhy.com.br\/site\/wp-json\/wp\/v2\/posts\/56759\/revisions"}],"predecessor-version":[{"id":56762,"href":"https:\/\/blogdoeloiltoncajuhy.com.br\/site\/wp-json\/wp\/v2\/posts\/56759\/revisions\/56762"}],"wp:featuredmedia":[{"embeddable":true,"href":"https:\/\/blogdoeloiltoncajuhy.com.br\/site\/wp-json\/wp\/v2\/media\/56760"}],"wp:attachment":[{"href":"https:\/\/blogdoeloiltoncajuhy.com.br\/site\/wp-json\/wp\/v2\/media?parent=56759"}],"wp:term":[{"taxonomy":"category","embeddable":true,"href":"https:\/\/blogdoeloiltoncajuhy.com.br\/site\/wp-json\/wp\/v2\/categories?post=56759"},{"taxonomy":"post_tag","embeddable":true,"href":"https:\/\/blogdoeloiltoncajuhy.com.br\/site\/wp-json\/wp\/v2\/tags?post=56759"}],"curies":[{"name":"wp","href":"https:\/\/api.w.org\/{rel}","templated":true}]}}