{"id":56751,"date":"2021-05-26T21:30:44","date_gmt":"2021-05-27T00:30:44","guid":{"rendered":"http:\/\/blogdoeloiltoncajuhy.com.br\/site\/?p=56751"},"modified":"2021-05-26T21:30:46","modified_gmt":"2021-05-27T00:30:46","slug":"braulio-bessa-do-encontro-esta-internado-com-covid-19","status":"publish","type":"post","link":"https:\/\/blogdoeloiltoncajuhy.com.br\/site\/braulio-bessa-do-encontro-esta-internado-com-covid-19\/","title":{"rendered":"Br\u00e1ulio Bessa, do &#8216;Encontro&#8217; est\u00e1 internado com Covid-19"},"content":{"rendered":"\n<h5 class=\"has-text-align-center wp-block-heading\"><em>Poeta que participa de programa de F\u00e1tima Bernardes est\u00e1 em hospital de Fortaleza com complica\u00e7\u00f5es da doen\u00e7a; ele chegou a precisar ir para UTI<\/em><\/h5>\n\n\n\n<div class=\"wp-block-image\"><figure class=\"aligncenter size-large is-resized\"><a href=\"https:\/\/i0.wp.com\/blogdoeloiltoncajuhy.com.br\/site\/wp-content\/uploads\/2021\/05\/Braulio-Bessa.jpg\"><img data-recalc-dims=\"1\" fetchpriority=\"high\" decoding=\"async\" src=\"https:\/\/i0.wp.com\/blogdoeloiltoncajuhy.com.br\/site\/wp-content\/uploads\/2021\/05\/Braulio-Bessa.jpg?resize=618%2C617\" alt=\"\" class=\"wp-image-56752\" width=\"618\" height=\"617\" srcset=\"https:\/\/i0.wp.com\/blogdoeloiltoncajuhy.com.br\/site\/wp-content\/uploads\/2021\/05\/Braulio-Bessa.jpg?resize=1024%2C1024&amp;ssl=1 1024w, https:\/\/i0.wp.com\/blogdoeloiltoncajuhy.com.br\/site\/wp-content\/uploads\/2021\/05\/Braulio-Bessa.jpg?resize=300%2C300&amp;ssl=1 300w, https:\/\/i0.wp.com\/blogdoeloiltoncajuhy.com.br\/site\/wp-content\/uploads\/2021\/05\/Braulio-Bessa.jpg?resize=150%2C150&amp;ssl=1 150w, https:\/\/i0.wp.com\/blogdoeloiltoncajuhy.com.br\/site\/wp-content\/uploads\/2021\/05\/Braulio-Bessa.jpg?resize=768%2C768&amp;ssl=1 768w, https:\/\/i0.wp.com\/blogdoeloiltoncajuhy.com.br\/site\/wp-content\/uploads\/2021\/05\/Braulio-Bessa.jpg?w=1080&amp;ssl=1 1080w\" sizes=\"(max-width: 618px) 100vw, 618px\" \/><\/a><figcaption><em><sub>Br\u00e1ulio Bessa (Foto: Reprodu\u00e7\u00e3o Instagram)<\/sub><\/em><\/figcaption><\/figure><\/div>\n\n\n\n<p><strong>Br\u00e1ulio Bessa<\/strong>, poeta de 35 anos que participa do Encontro com F\u00e1tima Bernardes, est\u00e1 internado com complica\u00e7\u00f5es da Covid-19 em um hospital de Fortaleza, no Cear\u00e1, onde deu entrada na tarde de ter\u00e7a-feira (25). Ele teve os primeiros sintomas da doen\u00e7a na semana passada, quando testou positivo para o coronav\u00edrus, e chegou a ir para UTI devido \u00e0 devido a baixa satura\u00e7\u00e3o de oxig\u00eanio.<\/p>\n\n\n\n<p>Br\u00e1ulio, que \u00e9 uma das atra\u00e7\u00f5es mais queridas do programa de F\u00e1tima Bernardes, j\u00e1 deixou a unidade e est\u00e1 no quarto, mas ainda n\u00e3o tem previs\u00e3o de alta.<\/p>\n\n\n\n<p><em>&#8220;Informamos que no dia 16 de maio, Br\u00e1ulio Bessa sentiu sintomas relacionados \u00e0 Covid-19, sendo testado positivo logo no dia seguinte. No dia 25 de maio, com baixa satura\u00e7\u00e3o e sentindo cansa\u00e7o, deu entrada no hospital, sendo internado na UTI por precau\u00e7\u00e3o&#8221;<\/em>, dizia o comunicado oficial liberado por sua assessoria de imprensa na noite desta quarta-feira (26).<\/p>\n\n\n\n<p><em>&#8220;J\u00e1 no dia seguinte, com sinais de melhora, recebeu alta da UTI e foi transferido para um leito, onde se encontra agora, assistido pela equipe m\u00e9dica e com quadro est\u00e1vel. Logo que tivermos novas informa\u00e7\u00f5es, atualizaremos sobre o assunto\u201d<\/em>, finalizava a nota.<\/p>\n\n\n\n<div class=\"wp-block-image\"><figure class=\"aligncenter size-large is-resized\"><a href=\"https:\/\/i0.wp.com\/blogdoeloiltoncajuhy.com.br\/site\/wp-content\/uploads\/2021\/05\/Braulio-Bessa-e-Fatima.jpg\"><img data-recalc-dims=\"1\" decoding=\"async\" src=\"https:\/\/i0.wp.com\/blogdoeloiltoncajuhy.com.br\/site\/wp-content\/uploads\/2021\/05\/Braulio-Bessa-e-Fatima.jpg?resize=650%2C768\" alt=\"\" class=\"wp-image-56753\" width=\"650\" height=\"768\" srcset=\"https:\/\/i0.wp.com\/blogdoeloiltoncajuhy.com.br\/site\/wp-content\/uploads\/2021\/05\/Braulio-Bessa-e-Fatima.jpg?resize=866%2C1024&amp;ssl=1 866w, https:\/\/i0.wp.com\/blogdoeloiltoncajuhy.com.br\/site\/wp-content\/uploads\/2021\/05\/Braulio-Bessa-e-Fatima.jpg?resize=254%2C300&amp;ssl=1 254w, https:\/\/i0.wp.com\/blogdoeloiltoncajuhy.com.br\/site\/wp-content\/uploads\/2021\/05\/Braulio-Bessa-e-Fatima.jpg?resize=768%2C908&amp;ssl=1 768w, https:\/\/i0.wp.com\/blogdoeloiltoncajuhy.com.br\/site\/wp-content\/uploads\/2021\/05\/Braulio-Bessa-e-Fatima.jpg?w=1080&amp;ssl=1 1080w\" sizes=\"(max-width: 650px) 100vw, 650px\" \/><\/a><figcaption><em><sub>Br\u00e1ulio Bessa e F\u00e1tima Bernardes (Foto: Reprodu\u00e7\u00e3o Instagram)<\/sub><\/em><\/figcaption><\/figure><\/div>\n","protected":false},"excerpt":{"rendered":"<p>Poeta que participa de programa de F\u00e1tima Bernardes est\u00e1 em hospital de Fortaleza com complica\u00e7\u00f5es da doen\u00e7a; ele chegou a precisar ir para UTI Br\u00e1ulio Bessa, poeta de 35 anos que participa do Encontro com F\u00e1tima Bernardes, est\u00e1 internado com complica\u00e7\u00f5es da Covid-19 em um hospital de Fortaleza, no Cear\u00e1, onde deu entrada na tarde [&hellip;]<\/p>\n","protected":false},"author":2,"featured_media":56753,"comment_status":"open","ping_status":"open","sticky":false,"template":"","format":"standard","meta":{"_acf_changed":false,"_monsterinsights_skip_tracking":false,"_monsterinsights_sitenote_active":false,"_monsterinsights_sitenote_note":"","_monsterinsights_sitenote_category":0,"_jetpack_memberships_contains_paid_content":false,"footnotes":"","jetpack_publicize_message":"","jetpack_publicize_feature_enabled":true,"jetpack_social_post_already_shared":false,"jetpack_social_options":{"image_generator_settings":{"template":"highway","default_image_id":0,"font":"","enabled":false},"version":2}},"categories":[8],"tags":[],"class_list":["post-56751","post","type-post","status-publish","format-standard","has-post-thumbnail","hentry","category-cultura"],"acf":[],"jetpack_publicize_connections":[],"jetpack_featured_media_url":"https:\/\/i0.wp.com\/blogdoeloiltoncajuhy.com.br\/site\/wp-content\/uploads\/2021\/05\/Braulio-Bessa-e-Fatima.jpg?fit=1080%2C1277&ssl=1","jetpack_sharing_enabled":true,"publishpress_future_workflow_manual_trigger":{"enabledWorkflows":[]},"_links":{"self":[{"href":"https:\/\/blogdoeloiltoncajuhy.com.br\/site\/wp-json\/wp\/v2\/posts\/56751","targetHints":{"allow":["GET"]}}],"collection":[{"href":"https:\/\/blogdoeloiltoncajuhy.com.br\/site\/wp-json\/wp\/v2\/posts"}],"about":[{"href":"https:\/\/blogdoeloiltoncajuhy.com.br\/site\/wp-json\/wp\/v2\/types\/post"}],"author":[{"embeddable":true,"href":"https:\/\/blogdoeloiltoncajuhy.com.br\/site\/wp-json\/wp\/v2\/users\/2"}],"replies":[{"embeddable":true,"href":"https:\/\/blogdoeloiltoncajuhy.com.br\/site\/wp-json\/wp\/v2\/comments?post=56751"}],"version-history":[{"count":2,"href":"https:\/\/blogdoeloiltoncajuhy.com.br\/site\/wp-json\/wp\/v2\/posts\/56751\/revisions"}],"predecessor-version":[{"id":56755,"href":"https:\/\/blogdoeloiltoncajuhy.com.br\/site\/wp-json\/wp\/v2\/posts\/56751\/revisions\/56755"}],"wp:featuredmedia":[{"embeddable":true,"href":"https:\/\/blogdoeloiltoncajuhy.com.br\/site\/wp-json\/wp\/v2\/media\/56753"}],"wp:attachment":[{"href":"https:\/\/blogdoeloiltoncajuhy.com.br\/site\/wp-json\/wp\/v2\/media?parent=56751"}],"wp:term":[{"taxonomy":"category","embeddable":true,"href":"https:\/\/blogdoeloiltoncajuhy.com.br\/site\/wp-json\/wp\/v2\/categories?post=56751"},{"taxonomy":"post_tag","embeddable":true,"href":"https:\/\/blogdoeloiltoncajuhy.com.br\/site\/wp-json\/wp\/v2\/tags?post=56751"}],"curies":[{"name":"wp","href":"https:\/\/api.w.org\/{rel}","templated":true}]}}