{"id":56742,"date":"2021-05-26T11:48:58","date_gmt":"2021-05-26T14:48:58","guid":{"rendered":"http:\/\/blogdoeloiltoncajuhy.com.br\/site\/?p=56742"},"modified":"2021-05-26T11:51:45","modified_gmt":"2021-05-26T14:51:45","slug":"prefeitura-de-andorinha-realiza-entrega-de-colirios-a-pacientes-do-programa-de-combate-ao-glaucoma","status":"publish","type":"post","link":"https:\/\/blogdoeloiltoncajuhy.com.br\/site\/prefeitura-de-andorinha-realiza-entrega-de-colirios-a-pacientes-do-programa-de-combate-ao-glaucoma\/","title":{"rendered":"Prefeitura de Andorinha realiza entrega de col\u00edrios a pacientes do programa de combate ao Glaucoma"},"content":{"rendered":"\n<div class=\"wp-block-image\"><figure class=\"aligncenter size-large is-resized\"><a href=\"https:\/\/i0.wp.com\/blogdoeloiltoncajuhy.com.br\/site\/wp-content\/uploads\/2021\/05\/PMA_Glaucoma_2021.jpeg\"><img data-recalc-dims=\"1\" fetchpriority=\"high\" decoding=\"async\" src=\"https:\/\/i0.wp.com\/blogdoeloiltoncajuhy.com.br\/site\/wp-content\/uploads\/2021\/05\/PMA_Glaucoma_2021.jpeg?resize=576%2C768\" alt=\"\" class=\"wp-image-56743\" width=\"576\" height=\"768\" srcset=\"https:\/\/i0.wp.com\/blogdoeloiltoncajuhy.com.br\/site\/wp-content\/uploads\/2021\/05\/PMA_Glaucoma_2021.jpeg?resize=768%2C1024&amp;ssl=1 768w, https:\/\/i0.wp.com\/blogdoeloiltoncajuhy.com.br\/site\/wp-content\/uploads\/2021\/05\/PMA_Glaucoma_2021.jpeg?resize=225%2C300&amp;ssl=1 225w, https:\/\/i0.wp.com\/blogdoeloiltoncajuhy.com.br\/site\/wp-content\/uploads\/2021\/05\/PMA_Glaucoma_2021.jpeg?w=780&amp;ssl=1 780w\" sizes=\"(max-width: 576px) 100vw, 576px\" \/><\/a><\/figure><\/div>\n\n\n\n<p>Nesta quarta-feira, 26, \u00e9 comemorado o Dia Nacional de Combate ao Glaucoma. Em refer\u00eancia a data, a Prefeitura de Andorinha, atrav\u00e9s da Secretaria de Sa\u00fade, informa a popula\u00e7\u00e3o que os pacientes que s\u00e3o acompanhados no Programa de Glaucoma j\u00e1 podem procurar a Central de Marca\u00e7\u00e3o para receber os col\u00edrios.<\/p>\n\n\n\n<p>Na \u00faltima sexta-feira, 21, o munic\u00edpio de Andorinha, atrav\u00e9s da Secretaria de Sa\u00fade, participou de mais uma etapa do mutir\u00e3o de glaucoma, no munic\u00edpio de Senhor do Bonfim. Em virtude do per\u00edodo da pandemia, no momento n\u00e3o est\u00e1 tendo avalia\u00e7\u00e3o presencial dos pacientes pela equipe da Oftalmodiagnose. Diante disso, a Secretaria de Sa\u00fade encaminhou a funcion\u00e1ria da Central de Marca\u00e7\u00e3o, Gracione Rocha, para receber os col\u00edrios dos pacientes de Andorinha.<\/p>\n\n\n\n<p>A redistribui\u00e7\u00e3o dos col\u00edrios vem acontecendo gradativamente aos pacientes atendidos pelo programa na Central de Marca\u00e7\u00e3o, de segunda a sexta das 8h \u00e0s 14h. Atualmente, temos 74 pacientes que participam do programa pelo munic\u00edpio. As entregas dos col\u00edrios acontecem trimestralmente, tendo avalia\u00e7\u00e3o da press\u00e3o ocular, mapeamento do est\u00e1gio da doen\u00e7a e oferta de col\u00edrios.<\/p>\n\n\n\n<p><em>\u201cInfelizmente ainda estamos passando por esse momento dif\u00edcil de pandemia. Alguns programas, como esse do glaucoma, est\u00e3o sendo reorganizados para poder atender a popula\u00e7\u00e3o. O glaucoma \u00e9 uma doen\u00e7a s\u00e9ria, o tratamento deve ser levado tamb\u00e9m a s\u00e9rio e o uso desse medicamento \u00e9 essencial para as pessoas que j\u00e1 foram diagnosticadas com a doen\u00e7a\u201d<\/em>, pontuou o Prefeito Renato Brand\u00e3o.<\/p>\n","protected":false},"excerpt":{"rendered":"<p>Nesta quarta-feira, 26, \u00e9 comemorado o Dia Nacional de Combate ao Glaucoma. Em refer\u00eancia a data, a Prefeitura de Andorinha, atrav\u00e9s da Secretaria de Sa\u00fade, informa a popula\u00e7\u00e3o que os pacientes que s\u00e3o acompanhados no Programa de Glaucoma j\u00e1 podem procurar a Central de Marca\u00e7\u00e3o para receber os col\u00edrios. Na \u00faltima sexta-feira, 21, o munic\u00edpio [&hellip;]<\/p>\n","protected":false},"author":2,"featured_media":56743,"comment_status":"open","ping_status":"open","sticky":false,"template":"","format":"standard","meta":{"_acf_changed":false,"_monsterinsights_skip_tracking":false,"_monsterinsights_sitenote_active":false,"_monsterinsights_sitenote_note":"","_monsterinsights_sitenote_category":0,"_jetpack_memberships_contains_paid_content":false,"footnotes":"","jetpack_publicize_message":"","jetpack_publicize_feature_enabled":true,"jetpack_social_post_already_shared":false,"jetpack_social_options":{"image_generator_settings":{"template":"highway","default_image_id":0,"font":"","enabled":false},"version":2}},"categories":[11],"tags":[],"class_list":["post-56742","post","type-post","status-publish","format-standard","has-post-thumbnail","hentry","category-regional"],"acf":[],"jetpack_publicize_connections":[],"jetpack_featured_media_url":"https:\/\/i0.wp.com\/blogdoeloiltoncajuhy.com.br\/site\/wp-content\/uploads\/2021\/05\/PMA_Glaucoma_2021.jpeg?fit=780%2C1040&ssl=1","jetpack_sharing_enabled":true,"publishpress_future_workflow_manual_trigger":{"enabledWorkflows":[]},"_links":{"self":[{"href":"https:\/\/blogdoeloiltoncajuhy.com.br\/site\/wp-json\/wp\/v2\/posts\/56742","targetHints":{"allow":["GET"]}}],"collection":[{"href":"https:\/\/blogdoeloiltoncajuhy.com.br\/site\/wp-json\/wp\/v2\/posts"}],"about":[{"href":"https:\/\/blogdoeloiltoncajuhy.com.br\/site\/wp-json\/wp\/v2\/types\/post"}],"author":[{"embeddable":true,"href":"https:\/\/blogdoeloiltoncajuhy.com.br\/site\/wp-json\/wp\/v2\/users\/2"}],"replies":[{"embeddable":true,"href":"https:\/\/blogdoeloiltoncajuhy.com.br\/site\/wp-json\/wp\/v2\/comments?post=56742"}],"version-history":[{"count":2,"href":"https:\/\/blogdoeloiltoncajuhy.com.br\/site\/wp-json\/wp\/v2\/posts\/56742\/revisions"}],"predecessor-version":[{"id":56746,"href":"https:\/\/blogdoeloiltoncajuhy.com.br\/site\/wp-json\/wp\/v2\/posts\/56742\/revisions\/56746"}],"wp:featuredmedia":[{"embeddable":true,"href":"https:\/\/blogdoeloiltoncajuhy.com.br\/site\/wp-json\/wp\/v2\/media\/56743"}],"wp:attachment":[{"href":"https:\/\/blogdoeloiltoncajuhy.com.br\/site\/wp-json\/wp\/v2\/media?parent=56742"}],"wp:term":[{"taxonomy":"category","embeddable":true,"href":"https:\/\/blogdoeloiltoncajuhy.com.br\/site\/wp-json\/wp\/v2\/categories?post=56742"},{"taxonomy":"post_tag","embeddable":true,"href":"https:\/\/blogdoeloiltoncajuhy.com.br\/site\/wp-json\/wp\/v2\/tags?post=56742"}],"curies":[{"name":"wp","href":"https:\/\/api.w.org\/{rel}","templated":true}]}}