{"id":56736,"date":"2021-05-26T09:18:13","date_gmt":"2021-05-26T12:18:13","guid":{"rendered":"http:\/\/blogdoeloiltoncajuhy.com.br\/site\/?p=56736"},"modified":"2021-05-26T09:18:14","modified_gmt":"2021-05-26T12:18:14","slug":"policia-investiga-desaparecimento-de-medico-no-interior-da-ba-carro-foi-encontrado-as-margens-da-br-101-em-conceicao-do-jacuipe","status":"publish","type":"post","link":"https:\/\/blogdoeloiltoncajuhy.com.br\/site\/policia-investiga-desaparecimento-de-medico-no-interior-da-ba-carro-foi-encontrado-as-margens-da-br-101-em-conceicao-do-jacuipe\/","title":{"rendered":"Pol\u00edcia investiga desaparecimento de m\u00e9dico no interior da BA; carro foi encontrado \u00e0s margens da BR-101, em Concei\u00e7\u00e3o do Jacu\u00edpe"},"content":{"rendered":"\n<h5 class=\"has-text-align-center wp-block-heading\"><em>Andrade Lopes Santana foi visto pela \u00faltima vez na segunda-feira (24), quando saiu de casa com destino a Feira de Santana<\/em><\/h5>\n\n\n\n<div class=\"wp-block-image\"><figure class=\"aligncenter size-large\"><a href=\"https:\/\/i0.wp.com\/blogdoeloiltoncajuhy.com.br\/site\/wp-content\/uploads\/2021\/05\/Andrade-medico-desaparecido.jpg\"><img data-recalc-dims=\"1\" fetchpriority=\"high\" decoding=\"async\" width=\"800\" height=\"685\" src=\"https:\/\/i0.wp.com\/blogdoeloiltoncajuhy.com.br\/site\/wp-content\/uploads\/2021\/05\/Andrade-medico-desaparecido.jpg?resize=800%2C685\" alt=\"\" class=\"wp-image-56737\" srcset=\"https:\/\/i0.wp.com\/blogdoeloiltoncajuhy.com.br\/site\/wp-content\/uploads\/2021\/05\/Andrade-medico-desaparecido.jpg?w=984&amp;ssl=1 984w, https:\/\/i0.wp.com\/blogdoeloiltoncajuhy.com.br\/site\/wp-content\/uploads\/2021\/05\/Andrade-medico-desaparecido.jpg?resize=300%2C257&amp;ssl=1 300w, https:\/\/i0.wp.com\/blogdoeloiltoncajuhy.com.br\/site\/wp-content\/uploads\/2021\/05\/Andrade-medico-desaparecido.jpg?resize=768%2C658&amp;ssl=1 768w\" sizes=\"(max-width: 800px) 100vw, 800px\" \/><\/a><figcaption><em><sub>M\u00e9dico desapareceu ap\u00f3s sair de casa com destino a Feira de Santana \u2014 Foto: Reprodu\u00e7\u00e3o\/Redes sociais<\/sub><\/em><\/figcaption><\/figure><\/div>\n\n\n\n<p>A pol\u00edcia investiga o desaparecimento do m\u00e9dico <strong>Andrade Lopes Santana<\/strong>, de 32 anos. Ele foi visto pela \u00faltima vez na segunda-feira (24). O carro dele foi encontrado nesta ter\u00e7a (25) pela Pol\u00edcia Rodovi\u00e1ria Federal, \u00e0s margens da BR-101, nas imedia\u00e7\u00f5es de Concei\u00e7\u00e3o do Jacu\u00edpe.<\/p>\n\n\n\n<p>Andrade mora no munic\u00edpio de Araci e trabalha em localidas da reigi\u00e3o nordeste da Bahia (Tucano, Caldas do Jorro e S\u00e3o Domingos, al\u00e9m de Araci).<\/p>\n\n\n\n<p>Ele saiu de casa sozinho, com destino a Feira de Santana, pouco depois de meio-dia de segunda, para comprar uma moto aqu\u00e1tica. Desde ent\u00e3o n\u00e3o foi mais visto e nem deu not\u00edcias.<\/p>\n\n\n\n<p>O ve\u00edculo dirigido pelo m\u00e9dico foi achado por policiais rodovi\u00e1rios na regi\u00e3o de Concei\u00e7\u00e3o do Jacu\u00edpe, na BR-101. O carro estava ao lado de um barranco, trancado e sem marcas de acidente.<\/p>\n\n\n\n<p>As informa\u00e7\u00f5es foram dadas por amigos, que procuraram a pol\u00edcia, pois o m\u00e9dico \u00e9 acreano e n\u00e3o tem parentes na Bahia. O caso foi registrado na 2\u00aa Delegacia de Feira de Santana.<\/p>\n\n\n\n<p>Quem tiver informa\u00e7\u00f5es sobre o paradeiro de Andrade pode entrar em contato com a pol\u00edcia atrav\u00e9s do n\u00famero 190.<\/p>\n","protected":false},"excerpt":{"rendered":"<p>Andrade Lopes Santana foi visto pela \u00faltima vez na segunda-feira (24), quando saiu de casa com destino a Feira de Santana A pol\u00edcia investiga o desaparecimento do m\u00e9dico Andrade Lopes Santana, de 32 anos. Ele foi visto pela \u00faltima vez na segunda-feira (24). O carro dele foi encontrado nesta ter\u00e7a (25) pela Pol\u00edcia Rodovi\u00e1ria Federal, [&hellip;]<\/p>\n","protected":false},"author":2,"featured_media":56737,"comment_status":"open","ping_status":"open","sticky":false,"template":"","format":"standard","meta":{"_acf_changed":false,"_monsterinsights_skip_tracking":false,"_monsterinsights_sitenote_active":false,"_monsterinsights_sitenote_note":"","_monsterinsights_sitenote_category":0,"_jetpack_memberships_contains_paid_content":false,"footnotes":"","jetpack_publicize_message":"","jetpack_publicize_feature_enabled":true,"jetpack_social_post_already_shared":false,"jetpack_social_options":{"image_generator_settings":{"template":"highway","default_image_id":0,"font":"","enabled":false},"version":2}},"categories":[15],"tags":[],"class_list":["post-56736","post","type-post","status-publish","format-standard","has-post-thumbnail","hentry","category-policia"],"acf":[],"jetpack_publicize_connections":[],"jetpack_featured_media_url":"https:\/\/i0.wp.com\/blogdoeloiltoncajuhy.com.br\/site\/wp-content\/uploads\/2021\/05\/Andrade-medico-desaparecido.jpg?fit=984%2C843&ssl=1","jetpack_sharing_enabled":true,"publishpress_future_workflow_manual_trigger":{"enabledWorkflows":[]},"_links":{"self":[{"href":"https:\/\/blogdoeloiltoncajuhy.com.br\/site\/wp-json\/wp\/v2\/posts\/56736","targetHints":{"allow":["GET"]}}],"collection":[{"href":"https:\/\/blogdoeloiltoncajuhy.com.br\/site\/wp-json\/wp\/v2\/posts"}],"about":[{"href":"https:\/\/blogdoeloiltoncajuhy.com.br\/site\/wp-json\/wp\/v2\/types\/post"}],"author":[{"embeddable":true,"href":"https:\/\/blogdoeloiltoncajuhy.com.br\/site\/wp-json\/wp\/v2\/users\/2"}],"replies":[{"embeddable":true,"href":"https:\/\/blogdoeloiltoncajuhy.com.br\/site\/wp-json\/wp\/v2\/comments?post=56736"}],"version-history":[{"count":2,"href":"https:\/\/blogdoeloiltoncajuhy.com.br\/site\/wp-json\/wp\/v2\/posts\/56736\/revisions"}],"predecessor-version":[{"id":56739,"href":"https:\/\/blogdoeloiltoncajuhy.com.br\/site\/wp-json\/wp\/v2\/posts\/56736\/revisions\/56739"}],"wp:featuredmedia":[{"embeddable":true,"href":"https:\/\/blogdoeloiltoncajuhy.com.br\/site\/wp-json\/wp\/v2\/media\/56737"}],"wp:attachment":[{"href":"https:\/\/blogdoeloiltoncajuhy.com.br\/site\/wp-json\/wp\/v2\/media?parent=56736"}],"wp:term":[{"taxonomy":"category","embeddable":true,"href":"https:\/\/blogdoeloiltoncajuhy.com.br\/site\/wp-json\/wp\/v2\/categories?post=56736"},{"taxonomy":"post_tag","embeddable":true,"href":"https:\/\/blogdoeloiltoncajuhy.com.br\/site\/wp-json\/wp\/v2\/tags?post=56736"}],"curies":[{"name":"wp","href":"https:\/\/api.w.org\/{rel}","templated":true}]}}