{"id":56732,"date":"2021-05-26T08:58:27","date_gmt":"2021-05-26T11:58:27","guid":{"rendered":"http:\/\/blogdoeloiltoncajuhy.com.br\/site\/?p=56732"},"modified":"2021-05-26T08:58:28","modified_gmt":"2021-05-26T11:58:28","slug":"mulher-denuncia-professor-por-estupro-de-vulneravel-em-colegio-particular-de-salvador-roubou-inocencia-da-minha-filha","status":"publish","type":"post","link":"https:\/\/blogdoeloiltoncajuhy.com.br\/site\/mulher-denuncia-professor-por-estupro-de-vulneravel-em-colegio-particular-de-salvador-roubou-inocencia-da-minha-filha\/","title":{"rendered":"Mulher denuncia professor por estupro de vulner\u00e1vel em col\u00e9gio particular de Salvador: &#8216;Roubou inoc\u00eancia da minha filha&#8217;"},"content":{"rendered":"\n<h5 class=\"has-text-align-center wp-block-heading\"><em>Menina chegou a desenvolver s\u00edndrome do p\u00e2nico e depress\u00e3o por causa dos abusos. Por meio de nota, a Escola Adventista de Paripe informou que ele foi ouvido pelo conselho escolar e negou as acusa\u00e7\u00f5es<\/em><\/h5>\n\n\n\n<div class=\"wp-block-image\"><figure class=\"aligncenter size-large\"><a href=\"https:\/\/i0.wp.com\/blogdoeloiltoncajuhy.com.br\/site\/wp-content\/uploads\/2021\/05\/SSA_DERCCA.jpeg\"><img data-recalc-dims=\"1\" fetchpriority=\"high\" decoding=\"async\" width=\"800\" height=\"533\" src=\"https:\/\/i0.wp.com\/blogdoeloiltoncajuhy.com.br\/site\/wp-content\/uploads\/2021\/05\/SSA_DERCCA.jpeg?resize=800%2C533\" alt=\"\" class=\"wp-image-56733\" srcset=\"https:\/\/i0.wp.com\/blogdoeloiltoncajuhy.com.br\/site\/wp-content\/uploads\/2021\/05\/SSA_DERCCA.jpeg?w=984&amp;ssl=1 984w, https:\/\/i0.wp.com\/blogdoeloiltoncajuhy.com.br\/site\/wp-content\/uploads\/2021\/05\/SSA_DERCCA.jpeg?resize=300%2C200&amp;ssl=1 300w, https:\/\/i0.wp.com\/blogdoeloiltoncajuhy.com.br\/site\/wp-content\/uploads\/2021\/05\/SSA_DERCCA.jpeg?resize=768%2C512&amp;ssl=1 768w\" sizes=\"(max-width: 800px) 100vw, 800px\" \/><\/a><figcaption><em><sub>Delegacia Especial de Repress\u00e3o aos Crimes Contra Crian\u00e7a e o Adolescente (Dercca) de Salvador \u2014 Foto: Haeckel Dias\/Pol\u00edcia Civil<\/sub><\/em><\/figcaption><\/figure><\/div>\n\n\n\n<p>Uma mulher denunciou um professor da Escola Adventista de Paripe, em Salvador, por estupro de vulner\u00e1vel. Segundo ela, a filha foi abusada quando tinha 10 anos, assim que chegou na institui\u00e7\u00e3o de ensino, no ano de 2016. <em>&#8220;Roubou a inoc\u00eancia da minha filha&#8221;<\/em>, disse em entrevista ao <strong>G1<\/strong>. De acordo com a escola, o suspeito nega todas as acusa\u00e7\u00f5es.<\/p>\n\n\n\n<p>O Minist\u00e9rio P\u00fablico do Estado da Bahia (MP-BA) requisitou no dia 16 de fevereiro a instaura\u00e7\u00e3o de um inqu\u00e9rito policial \u00e0 Delegacia Especializada de Repress\u00e3o aos Crimes Contra \u00e0 Crian\u00e7a e o Adolescente (Dercca). O inqu\u00e9rito foi encaminhado ao MP-BA e ser\u00e1 distribu\u00eddo a um promotor de Justi\u00e7a criminal para a devida avalia\u00e7\u00e3o das conclus\u00f5es e apura\u00e7\u00f5es policiais.<\/p>\n\n\n\n<p>O MP-BA tamb\u00e9m informou que apura, na esfera n\u00e3o criminal, a viola\u00e7\u00e3o de direito \u00e0 educa\u00e7\u00e3o, em raz\u00e3o de suposto abuso sexual f\u00edsico e ps\u00edquico, por meio de procedimento instaurado no dia 14 abril, prorrogado no dia 13 de maio, e solicitou mais informa\u00e7\u00f5es \u00e0 denunciante e \u00e0 unidade escolar.<\/p>\n\n\n\n<p>Em nota enviada ao <strong>G1<\/strong>, a Escola Adventista de Paripe informou que apura os fatos relativos \u00e0 den\u00fancia de ass\u00e9dio envolvendo um funcion\u00e1rio. A institui\u00e7\u00e3o disse que afastou o professor suspeito ap\u00f3s comunica\u00e7\u00e3o detalhada da parte da m\u00e3e da v\u00edtima e, posteriormente, realizou a demiss\u00e3o dele. A escola n\u00e3o informou quando ocorreu a demiss\u00e3o do suspeito.<\/p>\n\n\n\n<p>A institui\u00e7\u00e3o tamb\u00e9m informou que colabora com as autoridades policiais. O col\u00e9gio ainda disse que \u00e9 contra qualquer tipo de abuso e que se posiciona veementemente contra agress\u00f5es dessa natureza.<\/p>\n\n\n\n<p>Ainda segundo a institui\u00e7\u00e3o, a Escola Adventista prestou solidariedade \u00e0 fam\u00edlia e se colocou \u00e0 disposi\u00e7\u00e3o para oferecer todo o apoio necess\u00e1rio.<\/p>\n\n\n\n<p>De acordo com a Pol\u00edcia Civil, o caso foi apurado pela Delegacia Especializada de Repress\u00e3o aos Crimes Contra \u00e0 Crian\u00e7a e o Adolescente (Dercca), que concluiu o inqu\u00e9rito e remeteu ao MP-BA, no dia 11 de maio. O suspeito foi indiciado por estupro de vulner\u00e1vel.<\/p>\n\n\n\n<p>O <strong>G1<\/strong> tentou contato com o professor por telefone, mas as liga\u00e7\u00f5es n\u00e3o foram atendidas at\u00e9 a \u00faltima atualiza\u00e7\u00e3o desta reportagem.<\/p>\n\n\n\n<p class=\"has-black-color has-text-color has-medium-font-size\"><strong>M\u00e3e percebeu comportamento diferente<\/strong><\/p>\n\n\n\n<p>De acordo com a m\u00e3e da v\u00edtima, a filha come\u00e7ou a apresentar um comportamento diferente em casa e as notas come\u00e7aram a cair no col\u00e9gio.<\/p>\n\n\n\n<p><em>&#8220;Quando ela baixou as notas, eu procurei ele para entender o que estava acontecendo, porque ela sempre foi uma aluna com notas muito boas. Ele falou para mim que as notas tinham baixado porque ela conversava demais na sala de aula&#8221;<\/em>, disse.<\/p>\n\n\n\n<p>A mulher tamb\u00e9m chegou a procurar a dire\u00e7\u00e3o da escola. No entanto, segundo ela, a dire\u00e7\u00e3o dizia que era quest\u00e3o de adapta\u00e7\u00e3o, porque a menina vinha de um col\u00e9gio pequeno e que era uma quest\u00e3o de transi\u00e7\u00e3o.<\/p>\n\n\n\n<p><em>&#8220;A dire\u00e7\u00e3o dizia que esse comportamento era natural por causa da mudan\u00e7a&#8221;<\/em>, comentou.<\/p>\n\n\n\n<p>Ainda de acordo com a mulher, o comportamento diferente da filha evoluiu durante dois anos e a menina chegou a se mutilar. <em>&#8220;Ela n\u00e3o queria mais ter contato com as pessoas&#8221;<\/em>, explicou.<\/p>\n\n\n\n<p class=\"has-black-color has-text-color has-medium-font-size\"><strong>Abusos aconteciam nos corredores<\/strong><\/p>\n\n\n\n<p>Ao <strong>G1<\/strong>, a m\u00e3e da v\u00edtima relatou que os abusos come\u00e7aram no in\u00edcio de 2016 e duraram por cerca de dois anos, at\u00e9 o final de 2018, quando a menina mudou de col\u00e9gio.<\/p>\n\n\n\n<p><em>&#8220;Ela teve que sair da escola, porque eu mudei de bairro. At\u00e9 ent\u00e3o eu n\u00e3o sabia o que estava acontecendo com minha filha, mas como troquei de endere\u00e7o, tive que tirar ela da escola e colocar em uma nova por conta da mudan\u00e7a&#8221;<\/em>, falou.<\/p>\n\n\n\n<p>A mulher tamb\u00e9m disse que s\u00f3 teve conhecimento dos abusos que a menina sofria quatro anos ap\u00f3s o ocorrido, em dezembro de 2020, quando a filha relatou para ela.<\/p>\n\n\n\n<p><em>&#8220;Eu fiquei sabendo depois de muitas idas e vindas ao m\u00e9dico. Ela apresentou quadros que aparentemente eram f\u00edsicos, pois passava mal, eu levava para o hospital, emerg\u00eancia, voltava e tudo mais, at\u00e9 que um dia ela passou mal, eu levei ela na emerg\u00eancia e pedi para que a m\u00e9dica a encaminhasse para uma avalia\u00e7\u00e3o neurol\u00f3gica&#8221;<\/em>, explicou.<\/p>\n\n\n\n<p>Segundo a m\u00e3e, ela achava que a filha poderia ter algum problema neurol\u00f3gico, por\u00e9m, ap\u00f3s avalia\u00e7\u00e3o foi constatado que estava tudo normal. Posteriormente, em outra avalia\u00e7\u00e3o m\u00e9dica, a mulher descobriu que a menina estava com s\u00edndrome do p\u00e2nico.<\/p>\n\n\n\n<p><em>&#8220;Durante essa crise muito forte, que foi uma das crises mais fortes que ela teve, foi que eu sentei com ela em casa e eu perguntei para ela: &#8216;cad\u00ea aquela filhinha linda, aquela filhinha que pegava florzinha para dar para a mam\u00e3e?&#8217;, a\u00ed foi quando ela falou para mim que aquela crian\u00e7a tinha morrido. Foi quando ela come\u00e7ou a me relatar&#8221;<\/em>, disse a m\u00e3e.<\/p>\n\n\n\n<figure class=\"wp-block-pullquote\"><blockquote><p><em>&#8220;Os abusos ocorriam nos corredores, no momento que n\u00e3o tinham monitores, justamente em pontos que ficavam de dif\u00edcil visibilidade, at\u00e9 porque na \u00e9poca tinham c\u00e2meras [de seguran\u00e7a], mas elas n\u00e3o funcionavam. [Tamb\u00e9m aconteceram] algumas vezes na sala de aula de uma forma velada, disfar\u00e7ada&#8221;<\/em>, relatou.<\/p><\/blockquote><\/figure>\n\n\n\n<p>Ap\u00f3s o relato da filha, a mulher relatou que ficou com a sensa\u00e7\u00e3o de impon\u00eancia e decidiu registrar um boletim de ocorr\u00eancia em uma delegacia de Salvador.<\/p>\n\n\n\n<figure class=\"wp-block-pullquote\"><blockquote><p><em>&#8220;No primeiro momento [o que senti foi], a dor de que algu\u00e9m roubou algo que minha filha nunca mais vai ter, que \u00e9 a inoc\u00eancia dela&#8221;<\/em>, lamentou.<\/p><\/blockquote><\/figure>\n\n\n\n<p>Ainda de acordo com a mulher, a menina chegou a desenvolver depress\u00e3o por causa dos abusos. Atualmente, a menina tem 15 anos e segue em acompanhamento psicol\u00f3gico.<\/p>\n\n\n\n<p class=\"has-black-color has-text-color has-medium-font-size\"><strong>&#8216;Professor tinha comportamento inadequado&#8217;<\/strong><\/p>\n\n\n\n<p>Ainda durante a entrevista, a mulher relatou que o professor apresentava um comportamento inadequado com as alunas. Ela disse que soube da informa\u00e7\u00e3o atrav\u00e9s de testemunhas.<\/p>\n\n\n\n<p><em>&#8220;Ele j\u00e1 vinha mostrando durante muito tempo, o comportamento diferente na sala de aula s\u00f3 com rela\u00e7\u00e3o \u00e0s meninas e, por conta disso, ele utilizava da persuas\u00e3o, por ser um professor de uma mat\u00e9ria muito necess\u00e1ria&#8221;<\/em>, relatou.<\/p>\n\n\n\n<figure class=\"wp-block-pullquote\"><blockquote><p><em>&#8220;Inclusive houve relato de um aluno que foi fazer queixa com rela\u00e7\u00e3o ao comportamento e ao ass\u00e9dio que esse professor fazia na sala de aula com rela\u00e7\u00e3o \u00e0s meninas&#8221;<\/em>, disse a m\u00e3e.<\/p><\/blockquote><\/figure>\n\n\n\n<p>A mulher ainda detalhou que, segundo uma testemunha, a dire\u00e7\u00e3o do col\u00e9gio teria sido informada sobre a conduta do profissional.<\/p>\n\n\n\n<p><em>&#8220;Chegou ao meu conhecimento que uma testemunha teve conhecimento, justamente desse professor, de um comportamento totalmente inadequado e participou \u00e0 dire\u00e7\u00e3o do tratamento dele com rela\u00e7\u00e3o \u00e0s colegas em sala de aula, mas a dire\u00e7\u00e3o n\u00e3o tomou nenhuma provid\u00eancia&#8221;<\/em>, comentou.<\/p>\n\n\n\n<p class=\"has-black-color has-text-color has-medium-font-size\"><strong>O que diz a escola<\/strong><\/p>\n\n\n\n<p>De acordo com a institui\u00e7\u00e3o, essa foi a primeira vez em que a escola soube de um caso relacionado a esse professor. A escola ainda informou que o contato que ainda mant\u00e9m com o professor \u00e9 para as tratativas sobre demiss\u00e3o.<\/p>\n\n\n\n<p>Ap\u00f3s a den\u00fancia realizada pela m\u00e3e da v\u00edtima, a Escola Adventista disse que vai reestruturar a central de relacionamento j\u00e1 existente, para melhorar o di\u00e1logo com pais e alunos, inclusive com aqueles que j\u00e1 fizeram parte da unidade escolar, e n\u00e3o est\u00e3o mais na institui\u00e7\u00e3o, como \u00e9 o caso desta den\u00fancia especificamente. A ideia \u00e9 ampliar possibilidades de escuta e de assist\u00eancia aos pais em situa\u00e7\u00f5es semelhantes.<\/p>\n\n\n\n<p>Al\u00e9m disso, como parte do Plano de Ensino, j\u00e1 ocorre o trabalho com temas que combatem toda e qualquer forma de abuso, segundo a institui\u00e7\u00e3o. Isso envolve o cuidado na ado\u00e7\u00e3o do material did\u00e1tico, que refor\u00e7a a conscientiza\u00e7\u00e3o aos alunos, como, tamb\u00e9m, a realiza\u00e7\u00e3o de oficinas, palestras, escolas de pais e forma\u00e7\u00f5es docentes que abordem esses temas importantes para a forma\u00e7\u00e3o integral do indiv\u00edduo.<\/p>\n\n\n\n<p>J\u00e1 em rela\u00e7\u00e3o a relatos de outras testemunhas, sobre a suposta exist\u00eancia de outras alunas v\u00edtimas do mesmo professor, a Escola Adventista informou que v\u00ea com grande preocupa\u00e7\u00e3o, e se coloca \u00e0 disposi\u00e7\u00e3o, al\u00e9m de incentivar os pais a apresentarem den\u00fancias para ajudar na apura\u00e7\u00e3o e no enfrentamento ao problema.<\/p>\n","protected":false},"excerpt":{"rendered":"<p>Menina chegou a desenvolver s\u00edndrome do p\u00e2nico e depress\u00e3o por causa dos abusos. Por meio de nota, a Escola Adventista de Paripe informou que ele foi ouvido pelo conselho escolar e negou as acusa\u00e7\u00f5es Uma mulher denunciou um professor da Escola Adventista de Paripe, em Salvador, por estupro de vulner\u00e1vel. Segundo ela, a filha foi [&hellip;]<\/p>\n","protected":false},"author":2,"featured_media":56733,"comment_status":"open","ping_status":"open","sticky":false,"template":"","format":"standard","meta":{"_acf_changed":false,"_monsterinsights_skip_tracking":false,"_monsterinsights_sitenote_active":false,"_monsterinsights_sitenote_note":"","_monsterinsights_sitenote_category":0,"_jetpack_memberships_contains_paid_content":false,"footnotes":"","jetpack_publicize_message":"","jetpack_publicize_feature_enabled":true,"jetpack_social_post_already_shared":false,"jetpack_social_options":{"image_generator_settings":{"template":"highway","default_image_id":0,"font":"","enabled":false},"version":2}},"categories":[15],"tags":[],"class_list":["post-56732","post","type-post","status-publish","format-standard","has-post-thumbnail","hentry","category-policia"],"acf":[],"jetpack_publicize_connections":[],"jetpack_featured_media_url":"https:\/\/i0.wp.com\/blogdoeloiltoncajuhy.com.br\/site\/wp-content\/uploads\/2021\/05\/SSA_DERCCA.jpeg?fit=984%2C656&ssl=1","jetpack_sharing_enabled":true,"publishpress_future_workflow_manual_trigger":{"enabledWorkflows":[]},"_links":{"self":[{"href":"https:\/\/blogdoeloiltoncajuhy.com.br\/site\/wp-json\/wp\/v2\/posts\/56732","targetHints":{"allow":["GET"]}}],"collection":[{"href":"https:\/\/blogdoeloiltoncajuhy.com.br\/site\/wp-json\/wp\/v2\/posts"}],"about":[{"href":"https:\/\/blogdoeloiltoncajuhy.com.br\/site\/wp-json\/wp\/v2\/types\/post"}],"author":[{"embeddable":true,"href":"https:\/\/blogdoeloiltoncajuhy.com.br\/site\/wp-json\/wp\/v2\/users\/2"}],"replies":[{"embeddable":true,"href":"https:\/\/blogdoeloiltoncajuhy.com.br\/site\/wp-json\/wp\/v2\/comments?post=56732"}],"version-history":[{"count":2,"href":"https:\/\/blogdoeloiltoncajuhy.com.br\/site\/wp-json\/wp\/v2\/posts\/56732\/revisions"}],"predecessor-version":[{"id":56735,"href":"https:\/\/blogdoeloiltoncajuhy.com.br\/site\/wp-json\/wp\/v2\/posts\/56732\/revisions\/56735"}],"wp:featuredmedia":[{"embeddable":true,"href":"https:\/\/blogdoeloiltoncajuhy.com.br\/site\/wp-json\/wp\/v2\/media\/56733"}],"wp:attachment":[{"href":"https:\/\/blogdoeloiltoncajuhy.com.br\/site\/wp-json\/wp\/v2\/media?parent=56732"}],"wp:term":[{"taxonomy":"category","embeddable":true,"href":"https:\/\/blogdoeloiltoncajuhy.com.br\/site\/wp-json\/wp\/v2\/categories?post=56732"},{"taxonomy":"post_tag","embeddable":true,"href":"https:\/\/blogdoeloiltoncajuhy.com.br\/site\/wp-json\/wp\/v2\/tags?post=56732"}],"curies":[{"name":"wp","href":"https:\/\/api.w.org\/{rel}","templated":true}]}}