{"id":56730,"date":"2021-05-26T08:28:41","date_gmt":"2021-05-26T11:28:41","guid":{"rendered":"http:\/\/blogdoeloiltoncajuhy.com.br\/site\/?p=56730"},"modified":"2021-05-26T08:28:43","modified_gmt":"2021-05-26T11:28:43","slug":"homem-reage-a-abordagem-policial-e-morre-em-confronto-com-a-pm-de-bonfim","status":"publish","type":"post","link":"https:\/\/blogdoeloiltoncajuhy.com.br\/site\/homem-reage-a-abordagem-policial-e-morre-em-confronto-com-a-pm-de-bonfim\/","title":{"rendered":"Homem reage \u00e0 abordagem policial e morre em confronto com a PM de Bonfim"},"content":{"rendered":"\n<div class=\"wp-block-image\"><figure class=\"aligncenter size-full is-resized\"><a href=\"https:\/\/i0.wp.com\/blogdoeloiltoncajuhy.com.br\/site\/wp-content\/uploads\/2021\/02\/Policia-Noticia-Sirene.jpeg\"><img data-recalc-dims=\"1\" fetchpriority=\"high\" decoding=\"async\" src=\"https:\/\/i0.wp.com\/blogdoeloiltoncajuhy.com.br\/site\/wp-content\/uploads\/2021\/02\/Policia-Noticia-Sirene.jpeg?resize=706%2C366\" alt=\"\" class=\"wp-image-54323\" width=\"706\" height=\"366\" srcset=\"https:\/\/i0.wp.com\/blogdoeloiltoncajuhy.com.br\/site\/wp-content\/uploads\/2021\/02\/Policia-Noticia-Sirene.jpeg?w=599&amp;ssl=1 599w, https:\/\/i0.wp.com\/blogdoeloiltoncajuhy.com.br\/site\/wp-content\/uploads\/2021\/02\/Policia-Noticia-Sirene.jpeg?resize=300%2C156&amp;ssl=1 300w\" sizes=\"(max-width: 706px) 100vw, 706px\" \/><\/a><\/figure><\/div>\n\n\n\n<p>Uma guarni\u00e7\u00e3o da Pol\u00edcia Militar de Senhor do Bonfim, ao realizar rondas ostensivas, nesta ter\u00e7a-feira, 25, avistou dois homens em atitudes suspeitas, na estrada que liga a sede ao distrito de Quic\u00e9, \u00e1rea do lix\u00e3o da cidade.<\/p>\n\n\n\n<p>Os dois ocupavam uma moto Broz preta e atiraram contra os policiais que tentavam abord\u00e1-los. No revide, um dos indiv\u00edduos foi atingido e o outro fugiu pelo mato disparando contra a guarni\u00e7\u00e3o. Os policiais prestaram socorro ao homem que foi alvejado, sendo constatado \u00f3bito no Hospital Dom Ant\u00f4nio Monteiro (HDAM).<\/p>\n\n\n\n<p>Ele foi identificado como <strong>Leonadson Alves Marques<\/strong>, de 38 anos, mais conhecido como <strong>\u201cL\u00e9o Peruca\u201d<\/strong>.<\/p>\n","protected":false},"excerpt":{"rendered":"<p>Uma guarni\u00e7\u00e3o da Pol\u00edcia Militar de Senhor do Bonfim, ao realizar rondas ostensivas, nesta ter\u00e7a-feira, 25, avistou dois homens em atitudes suspeitas, na estrada que liga a sede ao distrito de Quic\u00e9, \u00e1rea do lix\u00e3o da cidade. Os dois ocupavam uma moto Broz preta e atiraram contra os policiais que tentavam abord\u00e1-los. No revide, um [&hellip;]<\/p>\n","protected":false},"author":2,"featured_media":54323,"comment_status":"open","ping_status":"open","sticky":false,"template":"","format":"standard","meta":{"_acf_changed":false,"_monsterinsights_skip_tracking":false,"_monsterinsights_sitenote_active":false,"_monsterinsights_sitenote_note":"","_monsterinsights_sitenote_category":0,"_jetpack_memberships_contains_paid_content":false,"footnotes":"","jetpack_publicize_message":"","jetpack_publicize_feature_enabled":true,"jetpack_social_post_already_shared":false,"jetpack_social_options":{"image_generator_settings":{"template":"highway","default_image_id":0,"font":"","enabled":false},"version":2}},"categories":[15],"tags":[],"class_list":["post-56730","post","type-post","status-publish","format-standard","has-post-thumbnail","hentry","category-policia"],"acf":[],"jetpack_publicize_connections":[],"jetpack_featured_media_url":"https:\/\/i0.wp.com\/blogdoeloiltoncajuhy.com.br\/site\/wp-content\/uploads\/2021\/02\/Policia-Noticia-Sirene.jpeg?fit=599%2C311&ssl=1","jetpack_sharing_enabled":true,"publishpress_future_workflow_manual_trigger":{"enabledWorkflows":[]},"_links":{"self":[{"href":"https:\/\/blogdoeloiltoncajuhy.com.br\/site\/wp-json\/wp\/v2\/posts\/56730","targetHints":{"allow":["GET"]}}],"collection":[{"href":"https:\/\/blogdoeloiltoncajuhy.com.br\/site\/wp-json\/wp\/v2\/posts"}],"about":[{"href":"https:\/\/blogdoeloiltoncajuhy.com.br\/site\/wp-json\/wp\/v2\/types\/post"}],"author":[{"embeddable":true,"href":"https:\/\/blogdoeloiltoncajuhy.com.br\/site\/wp-json\/wp\/v2\/users\/2"}],"replies":[{"embeddable":true,"href":"https:\/\/blogdoeloiltoncajuhy.com.br\/site\/wp-json\/wp\/v2\/comments?post=56730"}],"version-history":[{"count":1,"href":"https:\/\/blogdoeloiltoncajuhy.com.br\/site\/wp-json\/wp\/v2\/posts\/56730\/revisions"}],"predecessor-version":[{"id":56731,"href":"https:\/\/blogdoeloiltoncajuhy.com.br\/site\/wp-json\/wp\/v2\/posts\/56730\/revisions\/56731"}],"wp:featuredmedia":[{"embeddable":true,"href":"https:\/\/blogdoeloiltoncajuhy.com.br\/site\/wp-json\/wp\/v2\/media\/54323"}],"wp:attachment":[{"href":"https:\/\/blogdoeloiltoncajuhy.com.br\/site\/wp-json\/wp\/v2\/media?parent=56730"}],"wp:term":[{"taxonomy":"category","embeddable":true,"href":"https:\/\/blogdoeloiltoncajuhy.com.br\/site\/wp-json\/wp\/v2\/categories?post=56730"},{"taxonomy":"post_tag","embeddable":true,"href":"https:\/\/blogdoeloiltoncajuhy.com.br\/site\/wp-json\/wp\/v2\/tags?post=56730"}],"curies":[{"name":"wp","href":"https:\/\/api.w.org\/{rel}","templated":true}]}}