{"id":56720,"date":"2021-05-25T08:31:58","date_gmt":"2021-05-25T11:31:58","guid":{"rendered":"http:\/\/blogdoeloiltoncajuhy.com.br\/site\/?p=56720"},"modified":"2021-05-25T08:31:59","modified_gmt":"2021-05-25T11:31:59","slug":"camara-debate-situacao-dos-agentes-comunitarios-de-saude-na-pandemia","status":"publish","type":"post","link":"https:\/\/blogdoeloiltoncajuhy.com.br\/site\/camara-debate-situacao-dos-agentes-comunitarios-de-saude-na-pandemia\/","title":{"rendered":"C\u00e2mara debate Situa\u00e7\u00e3o dos Agentes Comunit\u00e1rios de Sa\u00fade na pandemia"},"content":{"rendered":"\n<h5 class=\"has-text-align-center wp-block-heading\"><em>Evento que debate situa\u00e7\u00e3o dos Agentes Comunit\u00e1rios de Sa\u00fade ser\u00e1 transmitido pela internet<\/em><\/h5>\n\n\n\n<div class=\"wp-block-image\"><figure class=\"aligncenter size-full is-resized\"><a href=\"https:\/\/i0.wp.com\/blogdoeloiltoncajuhy.com.br\/site\/wp-content\/uploads\/2020\/01\/Agentes_comunit%C3%A1rios_de_sa%C3%BAde.jpg\"><img data-recalc-dims=\"1\" fetchpriority=\"high\" decoding=\"async\" src=\"https:\/\/i0.wp.com\/blogdoeloiltoncajuhy.com.br\/site\/wp-content\/uploads\/2020\/01\/Agentes_comunit%C3%A1rios_de_sa%C3%BAde.jpg?resize=774%2C398\" alt=\"\" class=\"wp-image-40376\" width=\"774\" height=\"398\" srcset=\"https:\/\/i0.wp.com\/blogdoeloiltoncajuhy.com.br\/site\/wp-content\/uploads\/2020\/01\/Agentes_comunit%C3%A1rios_de_sa%C3%BAde.jpg?w=680&amp;ssl=1 680w, https:\/\/i0.wp.com\/blogdoeloiltoncajuhy.com.br\/site\/wp-content\/uploads\/2020\/01\/Agentes_comunit%C3%A1rios_de_sa%C3%BAde.jpg?resize=300%2C154&amp;ssl=1 300w, https:\/\/i0.wp.com\/blogdoeloiltoncajuhy.com.br\/site\/wp-content\/uploads\/2020\/01\/Agentes_comunit%C3%A1rios_de_sa%C3%BAde.jpg?resize=250%2C129&amp;ssl=1 250w\" sizes=\"(max-width: 774px) 100vw, 774px\" \/><\/a><\/figure><\/div>\n\n\n\n<p>A Comiss\u00e3o de Seguridade Social e Fam\u00edlia da C\u00e2mara dos Deputados promove uma audi\u00eancia p\u00fablica, na pr\u00f3xima sexta-feira (28), para discutir a situa\u00e7\u00e3o dos Agentes Comunit\u00e1rios de Sa\u00fade (ACSs) e dos Agentes de Combates \u00e0s Endemias (ACEs), em meio \u00e0 pandemia da Covid-19.<\/p>\n\n\n\n<p>A iniciativa \u00e9 do deputado Alexandre Padilha (PT-SP). Segundo ele, esses profissionais t\u00eam sofrido com demiss\u00f5es em massa, precariza\u00e7\u00e3o do v\u00ednculo de trabalho com as prefeituras, al\u00e9m de in\u00fameros casos de viol\u00eancia. O parlamentar tamb\u00e9m destaca a Lei 13.595\/18, que inclui a categoria entre os profissionais considerados essenciais e obrigat\u00f3rios na Aten\u00e7\u00e3o Prim\u00e1ria e Vigil\u00e2ncia em Sa\u00fade.<\/p>\n\n\n\n<p class=\"has-black-color has-text-color\"><strong>Segundo informa\u00e7\u00f5es da Ag\u00eancia C\u00e2mara de Not\u00edcias, foram convidados para a audi\u00eancia:<\/strong><\/p>\n\n\n\n<ul class=\"wp-block-list\"><li>Marivalda dos Santos Pereira Ara\u00fajo, presidente do F\u00f3rum Nacional das Representa\u00e7\u00f5es dos ACS e ACE;<br><\/li><\/ul>\n\n\n\n<ul class=\"wp-block-list\"><li>Elane Alves, assessora jur\u00eddica do F\u00f3rum Nacional das Representa\u00e7\u00f5es dos ACS e ACE e coordenadora do movimento das trabalhadoras ACS e ACE sem medo de viol\u00eancia;<br><\/li><\/ul>\n\n\n\n<ul class=\"wp-block-list\"><li>Claudia Almeida, coordenadora do Movimento Nacional da Federaliza\u00e7\u00e3o\/Desprecariza\u00e7\u00e3o;<br><\/li><\/ul>\n\n\n\n<ul class=\"wp-block-list\"><li>Ilda Ang\u00e9lica Correia, presidente da Confedera\u00e7\u00e3o Nacional dos Agentes Comunit\u00e1rios de Sa\u00fade e dos Agentes de Combate \u00e0s Endemias;<br><\/li><\/ul>\n\n\n\n<ul class=\"wp-block-list\"><li>Lu\u00eds Claudio de Souza, conhecido como &#8220;Lu\u00eds Claudio da Sa\u00fade&#8221;, presidente da Federa\u00e7\u00e3o Nacional dos Agentes de Sa\u00fade e Endemias.<br><\/li><\/ul>\n\n\n\n<p>A audi\u00eancia p\u00fablica ser\u00e1 realizada a partir das 9h30, com transmiss\u00e3o ao vivo pelo portal e-Democracia, pelo qual os participantes podem enviar perguntas e coment\u00e1rios.<\/p>\n","protected":false},"excerpt":{"rendered":"<p>Evento que debate situa\u00e7\u00e3o dos Agentes Comunit\u00e1rios de Sa\u00fade ser\u00e1 transmitido pela internet A Comiss\u00e3o de Seguridade Social e Fam\u00edlia da C\u00e2mara dos Deputados promove uma audi\u00eancia p\u00fablica, na pr\u00f3xima sexta-feira (28), para discutir a situa\u00e7\u00e3o dos Agentes Comunit\u00e1rios de Sa\u00fade (ACSs) e dos Agentes de Combates \u00e0s Endemias (ACEs), em meio \u00e0 pandemia da [&hellip;]<\/p>\n","protected":false},"author":2,"featured_media":19711,"comment_status":"open","ping_status":"open","sticky":false,"template":"","format":"standard","meta":{"_acf_changed":false,"_monsterinsights_skip_tracking":false,"_monsterinsights_sitenote_active":false,"_monsterinsights_sitenote_note":"","_monsterinsights_sitenote_category":0,"_jetpack_memberships_contains_paid_content":false,"footnotes":"","jetpack_publicize_message":"","jetpack_publicize_feature_enabled":true,"jetpack_social_post_already_shared":false,"jetpack_social_options":{"image_generator_settings":{"template":"highway","default_image_id":0,"font":"","enabled":false},"version":2}},"categories":[3],"tags":[],"class_list":["post-56720","post","type-post","status-publish","format-standard","has-post-thumbnail","hentry","category-politica"],"acf":[],"jetpack_publicize_connections":[],"jetpack_featured_media_url":"https:\/\/i0.wp.com\/blogdoeloiltoncajuhy.com.br\/site\/wp-content\/uploads\/2017\/08\/agentes-comunitarios-de-saude.jpg?fit=275%2C183&ssl=1","jetpack_sharing_enabled":true,"publishpress_future_workflow_manual_trigger":{"enabledWorkflows":[]},"_links":{"self":[{"href":"https:\/\/blogdoeloiltoncajuhy.com.br\/site\/wp-json\/wp\/v2\/posts\/56720","targetHints":{"allow":["GET"]}}],"collection":[{"href":"https:\/\/blogdoeloiltoncajuhy.com.br\/site\/wp-json\/wp\/v2\/posts"}],"about":[{"href":"https:\/\/blogdoeloiltoncajuhy.com.br\/site\/wp-json\/wp\/v2\/types\/post"}],"author":[{"embeddable":true,"href":"https:\/\/blogdoeloiltoncajuhy.com.br\/site\/wp-json\/wp\/v2\/users\/2"}],"replies":[{"embeddable":true,"href":"https:\/\/blogdoeloiltoncajuhy.com.br\/site\/wp-json\/wp\/v2\/comments?post=56720"}],"version-history":[{"count":2,"href":"https:\/\/blogdoeloiltoncajuhy.com.br\/site\/wp-json\/wp\/v2\/posts\/56720\/revisions"}],"predecessor-version":[{"id":56722,"href":"https:\/\/blogdoeloiltoncajuhy.com.br\/site\/wp-json\/wp\/v2\/posts\/56720\/revisions\/56722"}],"wp:featuredmedia":[{"embeddable":true,"href":"https:\/\/blogdoeloiltoncajuhy.com.br\/site\/wp-json\/wp\/v2\/media\/19711"}],"wp:attachment":[{"href":"https:\/\/blogdoeloiltoncajuhy.com.br\/site\/wp-json\/wp\/v2\/media?parent=56720"}],"wp:term":[{"taxonomy":"category","embeddable":true,"href":"https:\/\/blogdoeloiltoncajuhy.com.br\/site\/wp-json\/wp\/v2\/categories?post=56720"},{"taxonomy":"post_tag","embeddable":true,"href":"https:\/\/blogdoeloiltoncajuhy.com.br\/site\/wp-json\/wp\/v2\/tags?post=56720"}],"curies":[{"name":"wp","href":"https:\/\/api.w.org\/{rel}","templated":true}]}}