{"id":56716,"date":"2021-05-25T07:11:40","date_gmt":"2021-05-25T10:11:40","guid":{"rendered":"http:\/\/blogdoeloiltoncajuhy.com.br\/site\/?p=56716"},"modified":"2021-05-25T07:11:41","modified_gmt":"2021-05-25T10:11:41","slug":"dia-nacional-da-adocao-numero-de-interessados-em-adotar-caiu-durante-a-pandemia","status":"publish","type":"post","link":"https:\/\/blogdoeloiltoncajuhy.com.br\/site\/dia-nacional-da-adocao-numero-de-interessados-em-adotar-caiu-durante-a-pandemia\/","title":{"rendered":"Dia Nacional da Ado\u00e7\u00e3o: n\u00famero de interessados em adotar caiu durante a pandemia"},"content":{"rendered":"\n<h5 class=\"has-text-align-center wp-block-heading\"><em>S\u00e3o 4.260 crian\u00e7as e adolescentes dispon\u00edveis para ado\u00e7\u00e3o no pa\u00eds e 32.863 pessoas interessadas em se tornar tutor legal. Em 2020, o n\u00famero de interessados em adotar era de 35.128<\/em><\/h5>\n\n\n\n<div class=\"wp-block-image\"><figure class=\"aligncenter size-large\"><a href=\"https:\/\/i0.wp.com\/blogdoeloiltoncajuhy.com.br\/site\/wp-content\/uploads\/2021\/05\/adocao.jpg\"><img data-recalc-dims=\"1\" fetchpriority=\"high\" decoding=\"async\" width=\"800\" height=\"530\" src=\"https:\/\/i0.wp.com\/blogdoeloiltoncajuhy.com.br\/site\/wp-content\/uploads\/2021\/05\/adocao.jpg?resize=800%2C530\" alt=\"\" class=\"wp-image-56717\" srcset=\"https:\/\/i0.wp.com\/blogdoeloiltoncajuhy.com.br\/site\/wp-content\/uploads\/2021\/05\/adocao.jpg?w=860&amp;ssl=1 860w, https:\/\/i0.wp.com\/blogdoeloiltoncajuhy.com.br\/site\/wp-content\/uploads\/2021\/05\/adocao.jpg?resize=300%2C199&amp;ssl=1 300w, https:\/\/i0.wp.com\/blogdoeloiltoncajuhy.com.br\/site\/wp-content\/uploads\/2021\/05\/adocao.jpg?resize=768%2C509&amp;ssl=1 768w\" sizes=\"(max-width: 800px) 100vw, 800px\" \/><\/a><figcaption><em><sub>Foto: Ag\u00eancia Senado<\/sub><\/em><\/figcaption><\/figure><\/div>\n\n\n\n<p>O Dia Nacional da Ado\u00e7\u00e3o \u00e9 celebrado nesta ter\u00e7a-feira (25) e foi institu\u00eddo no Brasil por Lei em 2002. A data \u00e9 um chamado \u00e0 conscientiza\u00e7\u00e3o e \u00e0 reflex\u00e3o sobre a import\u00e2ncia de adotar. De acordo com o Sistema Nacional de Ado\u00e7\u00e3o e Acolhimento s\u00e3o 4.260 crian\u00e7as e adolescentes dispon\u00edveis para ado\u00e7\u00e3o no pa\u00eds e 32.863 pessoas interessadas em se tornar tutor legal. Em 2020, o n\u00famero de interessados em adotar era de 35.128.<\/p>\n\n\n\n<p>Ainda assim, existem mais pessoas querendo adotar do que crian\u00e7as e adolescentes dispon\u00edveis para ado\u00e7\u00e3o no Brasil. Segundo a especialista em direito de fam\u00edlia Anne Ramos, isso se d\u00e1 em raz\u00e3o da diferen\u00e7a entre o perfil desejado pelos adotantes e o perfil dos indiv\u00edduos dispon\u00edveis para serem adotados. <em>\u201cO perfil desejado pelos adotantes \u00e9 que os futuros filhos tenham at\u00e9 tr\u00eas anos de idade. Assim, quanto mais avan\u00e7ada a idade da crian\u00e7a, menos chances ela tem de ser adotada. Al\u00e9m disso, a maioria dos adotantes n\u00e3o aceita adotar irm\u00e3os\u201d<\/em>.<\/p>\n\n\n\n<p>Ainda de acordo com a advogada, para solucionar a quest\u00e3o \u00e9 preciso que haja uma conscientiza\u00e7\u00e3o pela mudan\u00e7a desse perfil. <em>\u201cA vontade dos adotantes deve ser sempre respeitada, mas temos que enfatizar sempre que o amor deve estar acima de balizas et\u00e1rias ou de n\u00famero de irm\u00e3os, pois essas prefer\u00eancias t\u00eam feito com que muitas vidas permane\u00e7am em institui\u00e7\u00f5es\u201d<\/em>, afirma.<\/p>\n\n\n\n<p>Neste ano, v\u00e1rias propostas de projetos de lei est\u00e3o em tramita\u00e7\u00e3o e an\u00e1lise para o aperfei\u00e7oamento do processo de ado\u00e7\u00e3o. Em nota enviada \u00e0 reportagem, o Minist\u00e9rio da Mulher, da Fam\u00edlia e dos Direitos Humanos (MMFDH) informou que est\u00e1 <em>\u201celaborando um plano de a\u00e7\u00e3o para promover o instituto da fam\u00edlia acolhedora, com foco nos \u00f3rf\u00e3os da Covid-19 e tamb\u00e9m pretendem incentivar as pol\u00edticas de acolhimento familiar como alternativa \u00e0 institucionaliza\u00e7\u00e3o de crian\u00e7as e adolescentes\u201d<\/em>.<\/p>\n\n\n\n<p class=\"has-black-color has-text-color has-medium-font-size\"><strong>Apoio aos \u00f3rf\u00e3os da pandemia<\/strong><\/p>\n\n\n\n<p>No in\u00edcio da pandemia do novo coronav\u00edrus no Brasil, um grupo formado por v\u00e1rias organiza\u00e7\u00f5es da sociedade civil, profissionais e demais volunt\u00e1rios criaram a Rede de Apoio e Amigos de V\u00edtimas Fatais da Covid-19 no Brasil.<\/p>\n\n\n\n<p><em>\u201cN\u00f3s temos casos de crian\u00e7as que perderam os pais e sofreram uma mudan\u00e7a dr\u00e1stica em suas vidas. Muitas vezes tiveram que ficar com parentes pr\u00f3ximos, pela perda da m\u00e3e ou do pai. O efeito disso \u00e9 devastador\u201d<\/em>, comenta o membro da Coordena\u00e7\u00e3o da Rede de Apoio, professor Paulo Pedrine.<\/p>\n\n\n\n<p>Ainda segundo o professor, durante o per\u00edodo de pandemia, a Rede oferece diversos tipos de suporte. <em>\u201cPrincipalmente atrav\u00e9s do trabalho de amparo psicol\u00f3gico. \u00c0s vezes, eventualmente, aparece um caso ou outro de um apoio pontual ou \u00e0s vezes at\u00e9 material. Mas a maioria dos apoios \u00e9 de ordem psicol\u00f3gica\u201d<\/em>.<\/p>\n\n\n\n<p>O estado com o maior n\u00famero de crian\u00e7as e adolescentes na fila para ado\u00e7\u00e3o \u00e9 S\u00e3o Paulo, com 974. Minas Gerais ocupa o segundo lugar com 718 e o Rio Grande do Sul completa o ranking dos tr\u00eas estados com 644.<\/p>\n\n\n\n<p>Na faixa et\u00e1ria para ado\u00e7\u00e3o, as crian\u00e7as com menos de 3 anos est\u00e3o em menor quantidade, s\u00e3o 673. J\u00e1 a lista com adolescentes com mais de 15 anos soma 1.123 \u00e0 espera de um lar.&nbsp;<\/p>\n\n\n\n<p class=\"has-black-color has-text-color has-medium-font-size\"><strong>Dificuldades em adotar durante a pandemia<\/strong><\/p>\n\n\n\n<p>A especialista em direito de fam\u00edlia Anne Ramos, explica que o processo de ado\u00e7\u00e3o durante a pandemia do coronav\u00edrus passou por adapta\u00e7\u00f5es<em>. \u201cAs institui\u00e7\u00f5es de acolhimento tiveram que utilizar o meio virtual para realizar as entrevistas e os procedimentos. Assim, os trabalhos dos psic\u00f3logos e assistentes sociais tiveram que ser reformulados e adaptados, o que gerou uma demora maior e uma consequente redu\u00e7\u00e3o nas ado\u00e7\u00f5es no \u00faltimo ano\u201d<\/em>.\u00a0<\/p>\n\n\n\n<p>Desde a adolesc\u00eancia, a empres\u00e1ria Su\u00eania Dantas, 38, sonhava em adotar uma crian\u00e7a. Pouco antes da pandemia, ela entrou para a fila de adotantes e se tornou apta, mas por conta da circula\u00e7\u00e3o do coronav\u00edrus, o processo se tornou mais lento. <em>\u201cA gente n\u00e3o podia ter contato f\u00edsico. Acabou que eu n\u00e3o visitei nenhuma crian\u00e7a, mas eu j\u00e1 estou com tudo regularizado para que assim que surja a oportunidade, encontre o meu filho e o processo se viabilize\u201d<\/em>, explica.<\/p>\n\n\n\n<p>A empres\u00e1ria diz n\u00e3o se importar com o sexo da crian\u00e7a. <em>\u201cN\u00e3o tenho prefer\u00eancia, pode ser menino ou menina, o que vier ser\u00e1 bem-vindo. Mas gostaria que fosse uma crian\u00e7a de quatro a nove anos de idade\u201d<\/em>.<\/p>\n\n\n\n<h2 class=\"wp-block-heading\">Lista de ado\u00e7\u00f5es e pretendentes por estado<\/h2>\n\n\n\n<figure class=\"wp-block-table\"><table><tbody><tr><th>UF<\/th><th>Dispon\u00edvel &#8211; vinculada a pretendente<\/th><th>Dispon\u00edvel &#8211; n\u00e3o vinculada a pretendente<\/th><th>Fila de ado\u00e7\u00e3o<\/th><th>Pretendentes Dispon\u00edveis<\/th><\/tr><tr><td>AC<\/td><td>7<\/td><td>3<\/td><td>10<\/td><td>63<\/td><\/tr><tr><td>AL<\/td><td>38<\/td><td>6<\/td><td>44<\/td><td>348<\/td><\/tr><tr><td>AM<\/td><td>37<\/td><td>43<\/td><td>80<\/td><td>122<\/td><\/tr><tr><td>AP<\/td><td>21<\/td><td>0<\/td><td>21<\/td><td>111<\/td><\/tr><tr><td>BA<\/td><td>112<\/td><td>52<\/td><td>164<\/td><td>1.152<\/td><\/tr><tr><td>CE<\/td><td>99<\/td><td>101<\/td><td>200<\/td><td>814<\/td><\/tr><tr><td>DF<\/td><td>31<\/td><td>35<\/td><td>66<\/td><td>359<\/td><\/tr><tr><td>ES<\/td><td>62<\/td><td>44<\/td><td>106<\/td><td>690<\/td><\/tr><tr><td>GO<\/td><td>99<\/td><td>25<\/td><td>124<\/td><td>972<\/td><\/tr><tr><td>MA<\/td><td>32<\/td><td>22<\/td><td>54<\/td><td>191<\/td><\/tr><tr><td>MG<\/td><td>468<\/td><td>250<\/td><td>718<\/td><td>4.045<\/td><\/tr><tr><td>MS<\/td><td>61<\/td><td>65<\/td><td>126<\/td><td>305<\/td><\/tr><tr><td>MT<\/td><td>25<\/td><td>35<\/td><td>60<\/td><td>627<\/td><\/tr><tr><td>PA<\/td><td>54<\/td><td>23<\/td><td>77<\/td><td>293<\/td><\/tr><tr><td>PB<\/td><td>26<\/td><td>28<\/td><td>54<\/td><td>435<\/td><\/tr><tr><td>PE<\/td><td>59<\/td><td>91<\/td><td>150<\/td><td>965<\/td><\/tr><tr><td>PI<\/td><td>42<\/td><td>22<\/td><td>64<\/td><td>104<\/td><\/tr><tr><td>PR<\/td><td>186<\/td><td>246<\/td><td>432<\/td><td>2.523<\/td><\/tr><tr><td>RJ<\/td><td>381<\/td><td>110<\/td><td>491<\/td><td>3.413<\/td><\/tr><tr><td>RN<\/td><td>36<\/td><td>17<\/td><td>53<\/td><td>424<\/td><\/tr><tr><td>RO<\/td><td>11<\/td><td>14<\/td><td>25<\/td><td>237<\/td><\/tr><tr><td>RR<\/td><td>5<\/td><td>8<\/td><td>13<\/td><td>47<\/td><\/tr><tr><td>RS<\/td><td>333<\/td><td>311<\/td><td>644<\/td><td>3.836<\/td><\/tr><tr><td>SC<\/td><td>58<\/td><td>95<\/td><td>153<\/td><td>2.699<\/td><\/tr><tr><td>SE<\/td><td>26<\/td><td>17<\/td><td>43<\/td><td>299<\/td><\/tr><tr><td>SP<\/td><td>620<\/td><td>354<\/td><td>974<\/td><td>7.633<\/td><\/tr><tr><td>TO<\/td><td>9<\/td><td>8<\/td><td>17<\/td><td>156<\/td><\/tr><\/tbody><\/table><\/figure>\n\n\n\n<p>Fonte: <a href=\"https:\/\/brasil61.com\/n\/dia-nacional-da-adocao-numero-de-interessados-em-adotar-caiu-durante-a-pandemia-bras215112\" target=\"_blank\" rel=\"noreferrer noopener\">Brasil 61<\/a><\/p>\n","protected":false},"excerpt":{"rendered":"<p>S\u00e3o 4.260 crian\u00e7as e adolescentes dispon\u00edveis para ado\u00e7\u00e3o no pa\u00eds e 32.863 pessoas interessadas em se tornar tutor legal. Em 2020, o n\u00famero de interessados em adotar era de 35.128 O Dia Nacional da Ado\u00e7\u00e3o \u00e9 celebrado nesta ter\u00e7a-feira (25) e foi institu\u00eddo no Brasil por Lei em 2002. A data \u00e9 um chamado \u00e0 [&hellip;]<\/p>\n","protected":false},"author":2,"featured_media":56717,"comment_status":"open","ping_status":"open","sticky":false,"template":"","format":"standard","meta":{"_acf_changed":false,"_monsterinsights_skip_tracking":false,"_monsterinsights_sitenote_active":false,"_monsterinsights_sitenote_note":"","_monsterinsights_sitenote_category":0,"_jetpack_memberships_contains_paid_content":false,"footnotes":"","jetpack_publicize_message":"","jetpack_publicize_feature_enabled":true,"jetpack_social_post_already_shared":false,"jetpack_social_options":{"image_generator_settings":{"template":"highway","default_image_id":0,"font":"","enabled":false},"version":2}},"categories":[5],"tags":[],"class_list":["post-56716","post","type-post","status-publish","format-standard","has-post-thumbnail","hentry","category-cotidiano"],"acf":[],"jetpack_publicize_connections":[],"jetpack_featured_media_url":"https:\/\/i0.wp.com\/blogdoeloiltoncajuhy.com.br\/site\/wp-content\/uploads\/2021\/05\/adocao.jpg?fit=860%2C570&ssl=1","jetpack_sharing_enabled":true,"publishpress_future_workflow_manual_trigger":{"enabledWorkflows":[]},"_links":{"self":[{"href":"https:\/\/blogdoeloiltoncajuhy.com.br\/site\/wp-json\/wp\/v2\/posts\/56716","targetHints":{"allow":["GET"]}}],"collection":[{"href":"https:\/\/blogdoeloiltoncajuhy.com.br\/site\/wp-json\/wp\/v2\/posts"}],"about":[{"href":"https:\/\/blogdoeloiltoncajuhy.com.br\/site\/wp-json\/wp\/v2\/types\/post"}],"author":[{"embeddable":true,"href":"https:\/\/blogdoeloiltoncajuhy.com.br\/site\/wp-json\/wp\/v2\/users\/2"}],"replies":[{"embeddable":true,"href":"https:\/\/blogdoeloiltoncajuhy.com.br\/site\/wp-json\/wp\/v2\/comments?post=56716"}],"version-history":[{"count":2,"href":"https:\/\/blogdoeloiltoncajuhy.com.br\/site\/wp-json\/wp\/v2\/posts\/56716\/revisions"}],"predecessor-version":[{"id":56719,"href":"https:\/\/blogdoeloiltoncajuhy.com.br\/site\/wp-json\/wp\/v2\/posts\/56716\/revisions\/56719"}],"wp:featuredmedia":[{"embeddable":true,"href":"https:\/\/blogdoeloiltoncajuhy.com.br\/site\/wp-json\/wp\/v2\/media\/56717"}],"wp:attachment":[{"href":"https:\/\/blogdoeloiltoncajuhy.com.br\/site\/wp-json\/wp\/v2\/media?parent=56716"}],"wp:term":[{"taxonomy":"category","embeddable":true,"href":"https:\/\/blogdoeloiltoncajuhy.com.br\/site\/wp-json\/wp\/v2\/categories?post=56716"},{"taxonomy":"post_tag","embeddable":true,"href":"https:\/\/blogdoeloiltoncajuhy.com.br\/site\/wp-json\/wp\/v2\/tags?post=56716"}],"curies":[{"name":"wp","href":"https:\/\/api.w.org\/{rel}","templated":true}]}}