{"id":56712,"date":"2021-05-25T06:53:06","date_gmt":"2021-05-25T09:53:06","guid":{"rendered":"http:\/\/blogdoeloiltoncajuhy.com.br\/site\/?p=56712"},"modified":"2021-05-25T06:53:07","modified_gmt":"2021-05-25T09:53:07","slug":"chegada-do-5g-deve-transformar-atendimento-medico-com-a-telemedicina","status":"publish","type":"post","link":"https:\/\/blogdoeloiltoncajuhy.com.br\/site\/chegada-do-5g-deve-transformar-atendimento-medico-com-a-telemedicina\/","title":{"rendered":"Chegada do 5G deve transformar atendimento m\u00e9dico com a telemedicina"},"content":{"rendered":"\n<h5 class=\"has-text-align-center wp-block-heading\"><em>Regi\u00f5es remotas do Pa\u00eds, ribeirinhos e os moradores do campo tendem a ser beneficiados com a cobertura da nova tecnologia<\/em><\/h5>\n\n\n\n<div class=\"wp-block-image\"><figure class=\"aligncenter size-large\"><a href=\"https:\/\/i0.wp.com\/blogdoeloiltoncajuhy.com.br\/site\/wp-content\/uploads\/2021\/05\/centro_cirurgico.jpg\"><img data-recalc-dims=\"1\" fetchpriority=\"high\" decoding=\"async\" width=\"800\" height=\"478\" src=\"https:\/\/i0.wp.com\/blogdoeloiltoncajuhy.com.br\/site\/wp-content\/uploads\/2021\/05\/centro_cirurgico.jpg?resize=800%2C478\" alt=\"\" class=\"wp-image-56713\" srcset=\"https:\/\/i0.wp.com\/blogdoeloiltoncajuhy.com.br\/site\/wp-content\/uploads\/2021\/05\/centro_cirurgico.jpg?resize=1024%2C612&amp;ssl=1 1024w, https:\/\/i0.wp.com\/blogdoeloiltoncajuhy.com.br\/site\/wp-content\/uploads\/2021\/05\/centro_cirurgico.jpg?resize=300%2C179&amp;ssl=1 300w, https:\/\/i0.wp.com\/blogdoeloiltoncajuhy.com.br\/site\/wp-content\/uploads\/2021\/05\/centro_cirurgico.jpg?resize=768%2C459&amp;ssl=1 768w, https:\/\/i0.wp.com\/blogdoeloiltoncajuhy.com.br\/site\/wp-content\/uploads\/2021\/05\/centro_cirurgico.jpg?resize=1536%2C919&amp;ssl=1 1536w, https:\/\/i0.wp.com\/blogdoeloiltoncajuhy.com.br\/site\/wp-content\/uploads\/2021\/05\/centro_cirurgico.jpg?w=2040&amp;ssl=1 2040w, https:\/\/i0.wp.com\/blogdoeloiltoncajuhy.com.br\/site\/wp-content\/uploads\/2021\/05\/centro_cirurgico.jpg?w=1600 1600w\" sizes=\"(max-width: 800px) 100vw, 800px\" \/><\/a><figcaption><em><sub>Centro cir\u00fargico. Foto: Ag\u00eancia Brasil<\/sub><\/em><\/figcaption><\/figure><\/div>\n\n\n\n<p>A nova gera\u00e7\u00e3o de internet m\u00f3vel, que promete uma revolu\u00e7\u00e3o, est\u00e1 prestes a chegar ao Brasil. O 5G tem conex\u00e3o com velocidade ultrarr\u00e1pida, trazendo uma evolu\u00e7\u00e3o nos sistemas da Internet das Coisas (IoT), o que deve facilitar ainda mais a conectividade das m\u00e1quinas, melhorando as formas de intera\u00e7\u00e3o e aumentando a velocidade e a seguran\u00e7a na troca de dados.<br>&nbsp;<br>J\u00e1 adotada em alguns pa\u00edses, a tecnologia \u00e9 20 vezes mais r\u00e1pida do que o 4G. Al\u00e9m de ter um tempo muito menor entre um clique e a resposta, seu alcance tamb\u00e9m \u00e9 um fator determinante. Regi\u00f5es remotas do pa\u00eds, ribeirinhos e os moradores do campo tendem a ser beneficiados com a cobertura da nova tecnologia. Mas \u00e9 principalmente o setor produtivo (ind\u00fastria e agroneg\u00f3cio, por exemplo) que est\u00e1 prestes a viver uma revolu\u00e7\u00e3o.<\/p>\n\n\n\n<p>Atualmente, as operadoras conectam, por exemplo, m\u00e1quinas de cart\u00e3o, monitoram caminh\u00f5es e ve\u00edculos, mas n\u00e3o v\u00e3o muito al\u00e9m disso. A ideia \u00e9 que o 5G ofere\u00e7a ferramentas para conectar outros produtos e a custos mais baixos. Tecnologias como os carros aut\u00f4nomos e a telemedicina devem avan\u00e7ar com sua implementa\u00e7\u00e3o, bem como a &#8220;ind\u00fastria 4.0&#8221;, com toda a linha de produ\u00e7\u00e3o automatizada.<br>\u00a0<br>Diante da pandemia da covid-19, a telemedicina se tornou uma op\u00e7\u00e3o para pacientes evitarem a exposi\u00e7\u00e3o ao v\u00edrus em centros hospitalares. A deputada federal Perp\u00e9tua Almeida (PCdoB\/AC), membro da Comiss\u00e3o de Ci\u00eancia e Tecnologia, Comunica\u00e7\u00e3o e Inform\u00e1tica, destacou os benef\u00edcios da iniciativa, que deve avan\u00e7ar com o 5G. <em>\u201cFazer com que um paciente que est\u00e1 em uma cidade possa ser atendido por um m\u00e9dico que esteja em outra, isso vai beneficiar muito a vida da popula\u00e7\u00e3o que est\u00e1 em regi\u00f5es com dificuldades de m\u00e9dicos\u201d<\/em>, afirmou.<br>\u00a0<br>No Brasil, foi estabelecida uma regula\u00e7\u00e3o provis\u00f3ria para a pr\u00e1tica. Embora o servi\u00e7o j\u00e1 seja realidade, a nova gera\u00e7\u00e3o de rede m\u00f3vel deve transformar dispositivos, incluindo aparelhos vest\u00edveis, implantes m\u00e9dicos, rastreadores e at\u00e9 escovas de dentes, em ferramentas importantes para fornecer informa\u00e7\u00f5es em tempo real do paciente para m\u00e9dicos.<br>\u00a0<br>A deputada citou ainda outros setores que devem ter ganhos com a revolu\u00e7\u00e3o tecnol\u00f3gica. <em>\u201c\u00c1reas como a educa\u00e7\u00e3o, a agricultura, a produ\u00e7\u00e3o e a automa\u00e7\u00e3o de f\u00e1bricas ter\u00e3o saltos nunca vistos\u201d<\/em>, disse. Entretanto, ela ressaltou que o Brasil poder\u00e1 usufruir dessa realidade se for preparado por inteiro.\u00a0<br>\u00a0<br>No edital do leil\u00e3o, que foi aprovado pela Ag\u00eancia Nacional de Telecomunica\u00e7\u00f5es (Anatel), est\u00e1 previsto que o 5G deve funcionar nas 26 capitais do Brasil e no Distrito Federal em julho de 2022. Para todas as cidades do Brasil com mais de 30 mil habitantes, o prazo \u00e9 julho de 2029.<\/p>\n\n\n\n<p>Para o presidente da Ag\u00eancia Brasileira de Desenvolvimento Industrial (ABDI), Igor Nogueira Calvet, a popula\u00e7\u00e3o deve ser muito beneficiada pela nova tecnologia, sobretudo por meio das empresas. <em>\u201cTer\u00e1 um impacto, creio eu, at\u00e9 muito maior para as empresas. Porque o 5G \u00e9 uma tecnologia que vai permitir a comunica\u00e7\u00e3o n\u00e3o somente entre as pessoas, mas sobretudo, entre m\u00e1quinas. \u00c9 m\u00e1quina conversando com m\u00e1quina, \u00e9 m\u00e1quina conversando com a infraestrutura\u201d<\/em>, disse.<\/p>\n\n\n\n<p class=\"has-black-color has-text-color has-medium-font-size\"><strong>Rede privada<\/strong><\/p>\n\n\n\n<p>Uma portaria do Minist\u00e9rio das Comunica\u00e7\u00f5es com as diretrizes do leil\u00e3o para o 5G, que basearam o edital, exigiu a cria\u00e7\u00e3o de uma rede privada do governo. O objetivo \u00e9 que ela funcione como um canal seguro para a comunica\u00e7\u00e3o estrat\u00e9gica das autoridades.<br>\u00a0<br>As redes privadas n\u00e3o s\u00e3o concorrentes das p\u00fablicas; ao contr\u00e1rio, juntam-se ao esfor\u00e7o de dar mais celeridade para o sistema. As configura\u00e7\u00f5es desses sistemas podem variar segundo as necessidades espec\u00edficas de cada setor ou empresa, com n\u00edveis pr\u00f3prios de seguran\u00e7a.<br>\u00a0<br>A ind\u00fastria tamb\u00e9m v\u00ea necessidade de assegurar uma frequ\u00eancia privada para o segmento, a exemplo do que acontece em pa\u00edses como Alemanha, Estados Unidos e Jap\u00e3o. A preocupa\u00e7\u00e3o \u00e9 assegurar que o Brasil tenha as mesmas condi\u00e7\u00f5es de custos, cobertura e rapidez na implanta\u00e7\u00e3o de que disp\u00f5em os concorrentes no mercado internacional.<\/p>\n\n\n\n<p class=\"has-black-color has-text-color has-medium-font-size\"><strong>Leil\u00e3o de frequ\u00eancias<\/strong><\/p>\n\n\n\n<p>O leil\u00e3o das frequ\u00eancias \u00e9 o pontap\u00e9 inicial para o processo de implementa\u00e7\u00e3o do 5G no Brasil. As regras do edital (exig\u00eancias, metas e contrapartidas daqueles que comprarem as faixas) foram aprovadas pela Anatel e ainda passar\u00e3o pelo Tribunal de Contas da Uni\u00e3o (TCU).<br>\u00a0<br>O prazo regimental para essa an\u00e1lise do TCU \u00e9 de 150 dias, mas o governo pediu para que o per\u00edodo fosse encurtado para 60 dias. Segundo o ministro das Comunica\u00e7\u00f5es, F\u00e1bio Faria, a expectativa \u00e9 de que o leil\u00e3o ocorra at\u00e9 o meio deste ano.\u00a0<br>\u00a0<br>No leil\u00e3o, ser\u00e3o ofertadas quatro faixas de frequ\u00eancia: 700 MHz; 2,3 GHz; 26 GHz; e 3,5 GHz. A faixa de 3,5 GHz \u00e9 a que desperta mais interesse das empresas de telefonia, por exigir menos investimentos para a implanta\u00e7\u00e3o da tecnologia. A expectativa de arrecada\u00e7\u00e3o da Anatel \u00e9 de R$ 35 bilh\u00f5es. A maior parte desse valor ser\u00e1 destinada para obriga\u00e7\u00f5es de investimentos pelas empresas vencedoras, ou seja, n\u00e3o deve ir para o caixa da Uni\u00e3o.<\/p>\n","protected":false},"excerpt":{"rendered":"<p>Regi\u00f5es remotas do Pa\u00eds, ribeirinhos e os moradores do campo tendem a ser beneficiados com a cobertura da nova tecnologia A nova gera\u00e7\u00e3o de internet m\u00f3vel, que promete uma revolu\u00e7\u00e3o, est\u00e1 prestes a chegar ao Brasil. O 5G tem conex\u00e3o com velocidade ultrarr\u00e1pida, trazendo uma evolu\u00e7\u00e3o nos sistemas da Internet das Coisas (IoT), o que [&hellip;]<\/p>\n","protected":false},"author":2,"featured_media":56713,"comment_status":"open","ping_status":"open","sticky":false,"template":"","format":"standard","meta":{"_acf_changed":false,"_monsterinsights_skip_tracking":false,"_monsterinsights_sitenote_active":false,"_monsterinsights_sitenote_note":"","_monsterinsights_sitenote_category":0,"_jetpack_memberships_contains_paid_content":false,"footnotes":"","jetpack_publicize_message":"","jetpack_publicize_feature_enabled":true,"jetpack_social_post_already_shared":false,"jetpack_social_options":{"image_generator_settings":{"template":"highway","default_image_id":0,"font":"","enabled":false},"version":2}},"categories":[7],"tags":[],"class_list":["post-56712","post","type-post","status-publish","format-standard","has-post-thumbnail","hentry","category-saude"],"acf":[],"jetpack_publicize_connections":[],"jetpack_featured_media_url":"https:\/\/i0.wp.com\/blogdoeloiltoncajuhy.com.br\/site\/wp-content\/uploads\/2021\/05\/centro_cirurgico.jpg?fit=2040%2C1220&ssl=1","jetpack_sharing_enabled":true,"publishpress_future_workflow_manual_trigger":{"enabledWorkflows":[]},"_links":{"self":[{"href":"https:\/\/blogdoeloiltoncajuhy.com.br\/site\/wp-json\/wp\/v2\/posts\/56712","targetHints":{"allow":["GET"]}}],"collection":[{"href":"https:\/\/blogdoeloiltoncajuhy.com.br\/site\/wp-json\/wp\/v2\/posts"}],"about":[{"href":"https:\/\/blogdoeloiltoncajuhy.com.br\/site\/wp-json\/wp\/v2\/types\/post"}],"author":[{"embeddable":true,"href":"https:\/\/blogdoeloiltoncajuhy.com.br\/site\/wp-json\/wp\/v2\/users\/2"}],"replies":[{"embeddable":true,"href":"https:\/\/blogdoeloiltoncajuhy.com.br\/site\/wp-json\/wp\/v2\/comments?post=56712"}],"version-history":[{"count":2,"href":"https:\/\/blogdoeloiltoncajuhy.com.br\/site\/wp-json\/wp\/v2\/posts\/56712\/revisions"}],"predecessor-version":[{"id":56715,"href":"https:\/\/blogdoeloiltoncajuhy.com.br\/site\/wp-json\/wp\/v2\/posts\/56712\/revisions\/56715"}],"wp:featuredmedia":[{"embeddable":true,"href":"https:\/\/blogdoeloiltoncajuhy.com.br\/site\/wp-json\/wp\/v2\/media\/56713"}],"wp:attachment":[{"href":"https:\/\/blogdoeloiltoncajuhy.com.br\/site\/wp-json\/wp\/v2\/media?parent=56712"}],"wp:term":[{"taxonomy":"category","embeddable":true,"href":"https:\/\/blogdoeloiltoncajuhy.com.br\/site\/wp-json\/wp\/v2\/categories?post=56712"},{"taxonomy":"post_tag","embeddable":true,"href":"https:\/\/blogdoeloiltoncajuhy.com.br\/site\/wp-json\/wp\/v2\/tags?post=56712"}],"curies":[{"name":"wp","href":"https:\/\/api.w.org\/{rel}","templated":true}]}}