{"id":56706,"date":"2021-05-24T22:28:18","date_gmt":"2021-05-25T01:28:18","guid":{"rendered":"http:\/\/blogdoeloiltoncajuhy.com.br\/site\/?p=56706"},"modified":"2021-05-24T22:28:25","modified_gmt":"2021-05-25T01:28:25","slug":"obrigado-edu-por-alex-barbosa","status":"publish","type":"post","link":"https:\/\/blogdoeloiltoncajuhy.com.br\/site\/obrigado-edu-por-alex-barbosa\/","title":{"rendered":"Obrigado, Edu! &#8211; Por Alex Barbosa"},"content":{"rendered":"\n<div class=\"wp-block-image\"><figure class=\"aligncenter size-large\"><a href=\"https:\/\/i0.wp.com\/blogdoeloiltoncajuhy.com.br\/site\/wp-content\/uploads\/2021\/05\/MC_Obrigado-Edu.jpeg\"><img data-recalc-dims=\"1\" fetchpriority=\"high\" decoding=\"async\" width=\"720\" height=\"540\" src=\"https:\/\/i0.wp.com\/blogdoeloiltoncajuhy.com.br\/site\/wp-content\/uploads\/2021\/05\/MC_Obrigado-Edu.jpeg?resize=720%2C540\" alt=\"\" class=\"wp-image-56707\" srcset=\"https:\/\/i0.wp.com\/blogdoeloiltoncajuhy.com.br\/site\/wp-content\/uploads\/2021\/05\/MC_Obrigado-Edu.jpeg?w=720&amp;ssl=1 720w, https:\/\/i0.wp.com\/blogdoeloiltoncajuhy.com.br\/site\/wp-content\/uploads\/2021\/05\/MC_Obrigado-Edu.jpeg?resize=300%2C225&amp;ssl=1 300w\" sizes=\"(max-width: 720px) 100vw, 720px\" \/><\/a><\/figure><\/div>\n\n\n\n<p>Conheci Edu h\u00e1 trinta anos, quando estud\u00e1vamos no Col\u00e9gio Isabel de Queiroz. Nos encontr\u00e1vamos muito nos per\u00edodos do esporte, eu na turma do futsal e ele com a galera do basquete ou do v\u00f4lei. Como a gente era mais novo, acab\u00e1vamos tendo que liberar a quadra para os mais velhos, mas o Edu sempre intermediava pra gente conseguir pelo menos terminar o baba. Quando passei a frequentar a Visconde, l\u00e1 estava ele sempre atencioso e com seu sorriso marcante.<\/p>\n\n\n\n<p>Acabei saindo de Bonfim, mas quando retornava o via com frequ\u00eancia, primeiro com a turma de minha irm\u00e3, depois em companhia de meu padrinho e seu grande amigo, Valmirz\u00e3o. Foram tantos encontros no Bar do Dinho, no Abrigo, no est\u00e1dio, durante o S\u00e3o Jo\u00e3o. Muita conversa boa, algumas goza\u00e7\u00f5es quando o Bahia ganhava ou perdia e umas resenhas com o Danilo. Vez ou outra me exaltava com algum assunto, mas ele com seu jeito tranquilo sabia contornar a situa\u00e7\u00e3o.<\/p>\n\n\n\n<p>Quando comecei a escrever sobre a hist\u00f3ria de Bonfim, Edu foi um dos primeiros a apoiar. Comentava com frequ\u00eancia, gostava quando eu publicava sobre personagens do povo, v\u00e1rias vezes enviou v\u00eddeos e me pedia para falar sobre o Quinzinho da Farm\u00e1cia. Infelizmente, n\u00e3o consegui atender seu pedido, mas o farei em breve. Por enquanto, escrevo essas linhas como forma de agradecimento a tudo que Edu foi e fez.<\/p>\n\n\n\n<p>Obrigado, Edu! Obrigado por ter sido esse sujeito t\u00e3o porreta! O eterno apaixonado por Ritinha, o pai amoroso de Juninho, o filho e irm\u00e3o querido, o servidor exemplar, o atleta vencedor, o homem de f\u00e9 e o grande amigo. S\u00e3o tantos os adjetivos que podem definir o Edu, muitos ditos nas milhares de manifesta\u00e7\u00f5es de pesar por seu falecimento. Mas, vou citar uma que meu amigo Harrison Aquino citou a pouco: Edu era um cara generoso! E essa generosidade vai fazer muita falta!<\/p>\n","protected":false},"excerpt":{"rendered":"<p>Conheci Edu h\u00e1 trinta anos, quando estud\u00e1vamos no Col\u00e9gio Isabel de Queiroz. Nos encontr\u00e1vamos muito nos per\u00edodos do esporte, eu na turma do futsal e ele com a galera do basquete ou do v\u00f4lei. Como a gente era mais novo, acab\u00e1vamos tendo que liberar a quadra para os mais velhos, mas o Edu sempre intermediava [&hellip;]<\/p>\n","protected":false},"author":2,"featured_media":56707,"comment_status":"open","ping_status":"open","sticky":false,"template":"","format":"standard","meta":{"_acf_changed":false,"_monsterinsights_skip_tracking":false,"_monsterinsights_sitenote_active":false,"_monsterinsights_sitenote_note":"","_monsterinsights_sitenote_category":0,"_jetpack_memberships_contains_paid_content":false,"footnotes":"","jetpack_publicize_message":"","jetpack_publicize_feature_enabled":true,"jetpack_social_post_already_shared":false,"jetpack_social_options":{"image_generator_settings":{"template":"highway","default_image_id":0,"font":"","enabled":false},"version":2}},"categories":[4],"tags":[],"class_list":["post-56706","post","type-post","status-publish","format-standard","has-post-thumbnail","hentry","category-local"],"acf":[],"jetpack_publicize_connections":[],"jetpack_featured_media_url":"https:\/\/i0.wp.com\/blogdoeloiltoncajuhy.com.br\/site\/wp-content\/uploads\/2021\/05\/MC_Obrigado-Edu.jpeg?fit=720%2C540&ssl=1","jetpack_sharing_enabled":true,"publishpress_future_workflow_manual_trigger":{"enabledWorkflows":[]},"_links":{"self":[{"href":"https:\/\/blogdoeloiltoncajuhy.com.br\/site\/wp-json\/wp\/v2\/posts\/56706","targetHints":{"allow":["GET"]}}],"collection":[{"href":"https:\/\/blogdoeloiltoncajuhy.com.br\/site\/wp-json\/wp\/v2\/posts"}],"about":[{"href":"https:\/\/blogdoeloiltoncajuhy.com.br\/site\/wp-json\/wp\/v2\/types\/post"}],"author":[{"embeddable":true,"href":"https:\/\/blogdoeloiltoncajuhy.com.br\/site\/wp-json\/wp\/v2\/users\/2"}],"replies":[{"embeddable":true,"href":"https:\/\/blogdoeloiltoncajuhy.com.br\/site\/wp-json\/wp\/v2\/comments?post=56706"}],"version-history":[{"count":1,"href":"https:\/\/blogdoeloiltoncajuhy.com.br\/site\/wp-json\/wp\/v2\/posts\/56706\/revisions"}],"predecessor-version":[{"id":56708,"href":"https:\/\/blogdoeloiltoncajuhy.com.br\/site\/wp-json\/wp\/v2\/posts\/56706\/revisions\/56708"}],"wp:featuredmedia":[{"embeddable":true,"href":"https:\/\/blogdoeloiltoncajuhy.com.br\/site\/wp-json\/wp\/v2\/media\/56707"}],"wp:attachment":[{"href":"https:\/\/blogdoeloiltoncajuhy.com.br\/site\/wp-json\/wp\/v2\/media?parent=56706"}],"wp:term":[{"taxonomy":"category","embeddable":true,"href":"https:\/\/blogdoeloiltoncajuhy.com.br\/site\/wp-json\/wp\/v2\/categories?post=56706"},{"taxonomy":"post_tag","embeddable":true,"href":"https:\/\/blogdoeloiltoncajuhy.com.br\/site\/wp-json\/wp\/v2\/tags?post=56706"}],"curies":[{"name":"wp","href":"https:\/\/api.w.org\/{rel}","templated":true}]}}