{"id":56700,"date":"2021-05-24T21:58:51","date_gmt":"2021-05-25T00:58:51","guid":{"rendered":"http:\/\/blogdoeloiltoncajuhy.com.br\/site\/?p=56700"},"modified":"2021-05-24T22:13:37","modified_gmt":"2021-05-25T01:13:37","slug":"jovem-suspeito-de-tres-assassinatos-em-serie-e-transferido-de-senhor-do-bonfim","status":"publish","type":"post","link":"https:\/\/blogdoeloiltoncajuhy.com.br\/site\/jovem-suspeito-de-tres-assassinatos-em-serie-e-transferido-de-senhor-do-bonfim\/","title":{"rendered":"Jovem suspeito de tr\u00eas assassinatos em s\u00e9rie \u00e9 transferido de Senhor do Bonfim"},"content":{"rendered":"\n<div class=\"wp-block-image\"><figure class=\"aligncenter size-full is-resized\"><a href=\"https:\/\/i0.wp.com\/blogdoeloiltoncajuhy.com.br\/site\/wp-content\/uploads\/2021\/05\/carlos-antonio.jpg\"><img data-recalc-dims=\"1\" fetchpriority=\"high\" decoding=\"async\" src=\"https:\/\/i0.wp.com\/blogdoeloiltoncajuhy.com.br\/site\/wp-content\/uploads\/2021\/05\/carlos-antonio.jpg?resize=800%2C447\" alt=\"\" class=\"wp-image-56701\" width=\"800\" height=\"447\" srcset=\"https:\/\/i0.wp.com\/blogdoeloiltoncajuhy.com.br\/site\/wp-content\/uploads\/2021\/05\/carlos-antonio.jpg?w=640&amp;ssl=1 640w, https:\/\/i0.wp.com\/blogdoeloiltoncajuhy.com.br\/site\/wp-content\/uploads\/2021\/05\/carlos-antonio.jpg?resize=300%2C168&amp;ssl=1 300w\" sizes=\"(max-width: 800px) 100vw, 800px\" \/><\/a><\/figure><\/div>\n\n\n\n<p><strong>Carlos Antonio Souza Ferreira<\/strong>, de 24 anos, acusado de praticar tr\u00eas assassinatos em s\u00e9rie na cidade de Senhor do Bonfim, foi transferido para um pres\u00eddio regional, na tarde desta segunda-feira (24), de acordo com informa\u00e7\u00e3o publicada pelo <strong>Blog do Netto Maravilha<\/strong>.<\/p>\n\n\n\n<p>Carlos foi preso pela Pol\u00edcia Militar neste domingo (23), como suspeito de ter matado o senhor Edimilson Batista dos Santos, de 67 anos, fato ocorrido nas proximidades do Hospital Dom Antonio Monteiro. Segundo informa\u00e7\u00f5es da pol\u00edcia, ele tamb\u00e9m est\u00e1 sendo acusado de matar Joseval de Souza, de 50 anos, crime ocorrido no dia 1\u00ba de maio, na Central de Alimenta\u00e7\u00e3o D. Lind\u00f4, na Pra\u00e7a Djalma Dutra, e Maninho Dias Gomes, de 41 anos, conhecido por Manga, fato registrado no dia 13 deste m\u00eas na Pra\u00e7a Castelo Branco, um dos pontos da feira livre da cidade.<\/p>\n\n\n\n<p>As tr\u00eas v\u00edtimas foram mortas a golpes de faca. Ainda segundo a pol\u00edcia, Carlos Antonio teria confessado os crimes e ainda teria informado que tinha outras pessoas na sua &#8220;lista&#8221; para matar. No dia de hoje, circulou nas redes sociais uma informa\u00e7\u00e3o de que o acusado teria sido solto, mas a pol\u00edcia desmentiu a informa\u00e7\u00e3o.<\/p>\n","protected":false},"excerpt":{"rendered":"<p>Carlos Antonio Souza Ferreira, de 24 anos, acusado de praticar tr\u00eas assassinatos em s\u00e9rie na cidade de Senhor do Bonfim, foi transferido para um pres\u00eddio regional, na tarde desta segunda-feira (24), de acordo com informa\u00e7\u00e3o publicada pelo Blog do Netto Maravilha. Carlos foi preso pela Pol\u00edcia Militar neste domingo (23), como suspeito de ter matado [&hellip;]<\/p>\n","protected":false},"author":2,"featured_media":56701,"comment_status":"open","ping_status":"open","sticky":false,"template":"","format":"standard","meta":{"_acf_changed":false,"_monsterinsights_skip_tracking":false,"_monsterinsights_sitenote_active":false,"_monsterinsights_sitenote_note":"","_monsterinsights_sitenote_category":0,"_jetpack_memberships_contains_paid_content":false,"footnotes":"","jetpack_publicize_message":"","jetpack_publicize_feature_enabled":true,"jetpack_social_post_already_shared":false,"jetpack_social_options":{"image_generator_settings":{"template":"highway","default_image_id":0,"font":"","enabled":false},"version":2}},"categories":[15],"tags":[],"class_list":["post-56700","post","type-post","status-publish","format-standard","has-post-thumbnail","hentry","category-policia"],"acf":[],"jetpack_publicize_connections":[],"jetpack_featured_media_url":"https:\/\/i0.wp.com\/blogdoeloiltoncajuhy.com.br\/site\/wp-content\/uploads\/2021\/05\/carlos-antonio.jpg?fit=640%2C358&ssl=1","jetpack_sharing_enabled":true,"publishpress_future_workflow_manual_trigger":{"enabledWorkflows":[]},"_links":{"self":[{"href":"https:\/\/blogdoeloiltoncajuhy.com.br\/site\/wp-json\/wp\/v2\/posts\/56700","targetHints":{"allow":["GET"]}}],"collection":[{"href":"https:\/\/blogdoeloiltoncajuhy.com.br\/site\/wp-json\/wp\/v2\/posts"}],"about":[{"href":"https:\/\/blogdoeloiltoncajuhy.com.br\/site\/wp-json\/wp\/v2\/types\/post"}],"author":[{"embeddable":true,"href":"https:\/\/blogdoeloiltoncajuhy.com.br\/site\/wp-json\/wp\/v2\/users\/2"}],"replies":[{"embeddable":true,"href":"https:\/\/blogdoeloiltoncajuhy.com.br\/site\/wp-json\/wp\/v2\/comments?post=56700"}],"version-history":[{"count":2,"href":"https:\/\/blogdoeloiltoncajuhy.com.br\/site\/wp-json\/wp\/v2\/posts\/56700\/revisions"}],"predecessor-version":[{"id":56703,"href":"https:\/\/blogdoeloiltoncajuhy.com.br\/site\/wp-json\/wp\/v2\/posts\/56700\/revisions\/56703"}],"wp:featuredmedia":[{"embeddable":true,"href":"https:\/\/blogdoeloiltoncajuhy.com.br\/site\/wp-json\/wp\/v2\/media\/56701"}],"wp:attachment":[{"href":"https:\/\/blogdoeloiltoncajuhy.com.br\/site\/wp-json\/wp\/v2\/media?parent=56700"}],"wp:term":[{"taxonomy":"category","embeddable":true,"href":"https:\/\/blogdoeloiltoncajuhy.com.br\/site\/wp-json\/wp\/v2\/categories?post=56700"},{"taxonomy":"post_tag","embeddable":true,"href":"https:\/\/blogdoeloiltoncajuhy.com.br\/site\/wp-json\/wp\/v2\/tags?post=56700"}],"curies":[{"name":"wp","href":"https:\/\/api.w.org\/{rel}","templated":true}]}}