{"id":567,"date":"2015-05-12T18:27:08","date_gmt":"2015-05-12T21:27:08","guid":{"rendered":"http:\/\/blogdoeloiltoncajuhy.com.br\/site\/?p=567"},"modified":"2015-05-12T18:27:08","modified_gmt":"2015-05-12T21:27:08","slug":"chico-alencar-quer-explicacoes-por-pagamento-de-cirurgia-de-aleluia-antes-da-posse","status":"publish","type":"post","link":"https:\/\/blogdoeloiltoncajuhy.com.br\/site\/chico-alencar-quer-explicacoes-por-pagamento-de-cirurgia-de-aleluia-antes-da-posse\/","title":{"rendered":"Chico Alencar quer explica\u00e7\u00f5es por pagamento de cirurgia de Aleluia antes da posse"},"content":{"rendered":"<figure id=\"attachment_568\" aria-describedby=\"caption-attachment-568\" style=\"width: 380px\" class=\"wp-caption aligncenter\"><a href=\"https:\/\/i0.wp.com\/blogdoeloiltoncajuhy.com.br\/site\/wp-content\/uploads\/2015\/05\/BN.jpg\"><img data-recalc-dims=\"1\" fetchpriority=\"high\" decoding=\"async\" class=\"wp-image-568 size-full\" src=\"https:\/\/i0.wp.com\/blogdoeloiltoncajuhy.com.br\/site\/wp-content\/uploads\/2015\/05\/BN.jpg?resize=380%2C280\" alt=\"Foto: Luis Macedo \/ Gustavo Lima \/ C\u00e2mara dos Deputados\" width=\"380\" height=\"280\" srcset=\"https:\/\/i0.wp.com\/blogdoeloiltoncajuhy.com.br\/site\/wp-content\/uploads\/2015\/05\/BN.jpg?w=380&amp;ssl=1 380w, https:\/\/i0.wp.com\/blogdoeloiltoncajuhy.com.br\/site\/wp-content\/uploads\/2015\/05\/BN.jpg?resize=300%2C221&amp;ssl=1 300w, https:\/\/i0.wp.com\/blogdoeloiltoncajuhy.com.br\/site\/wp-content\/uploads\/2015\/05\/BN.jpg?resize=250%2C184&amp;ssl=1 250w\" sizes=\"(max-width: 380px) 100vw, 380px\" \/><\/a><figcaption id=\"caption-attachment-568\" class=\"wp-caption-text\">Foto: Luis Macedo \/ Gustavo Lima \/ C\u00e2mara dos Deputados<\/figcaption><\/figure>\n<p>O argumento de que a cirurgia de cora\u00e7\u00e3o no valor de R$ 120 mil ressarcida ao deputado federal Jos\u00e9 Carlos Aleluia (DEM-BA) por ele ser um parlamentar diplomado est\u00e1 sendo questionado pelo companheiro de legislativo do PSOL, Chico Alencar (RJ).<\/p>\n<p>De acordo com o colunista Lauro Jardim, da revista Veja, a explica\u00e7\u00e3o dada pelo presidente da C\u00e2mara Federal, Eduardo Cunha (PMDB-RJ), de que a condi\u00e7\u00e3o de deputado diplomado habilitava Aleluia a receber o reembolso \u00e9 falsa. Significaria, de acordo com o colunista, que, em um determinado momento, o Brasil teve 736 deputados \u2013 os 513 da legislatura 2011 e 2015 e os novos, 223, que foram eleitos para o mandato entre 2015 e 2019.<\/p>\n<p>Para solicitar o ressarcimento, o democrata baiano apresentou, no total, onze notas referentes ao procedimento a que se submeteu \u2013 entre m\u00e9dico, anestesista, nutricionista, interna\u00e7\u00e3o e outros gastos.<\/p>\n<p>O montante de R$ 120.630 j\u00e1 foi pago, em tr\u00eas ordens banc\u00e1rias, por\u00e9m o corpo t\u00e9cnico da C\u00e2mara Federal se op\u00f4s ao pagamento, mas Cunha assumiu\u00a0o processo e autorizou, segundo a coluna. Tanto o presidente da C\u00e2mara quanto Aleluia se abstiveram de comentar o caso.<\/p>\n<p><em>*Bahia Not\u00edcias<\/em><\/p>\n","protected":false},"excerpt":{"rendered":"<p>O argumento de que a cirurgia de cora\u00e7\u00e3o no valor de R$ 120 mil ressarcida ao deputado federal Jos\u00e9 Carlos Aleluia (DEM-BA) por ele ser um parlamentar diplomado est\u00e1 sendo questionado pelo companheiro de legislativo do PSOL, Chico Alencar (RJ). De acordo com o colunista Lauro Jardim, da revista Veja, a explica\u00e7\u00e3o dada pelo presidente [&hellip;]<\/p>\n","protected":false},"author":2,"featured_media":568,"comment_status":"open","ping_status":"open","sticky":false,"template":"","format":"standard","meta":{"_acf_changed":false,"_monsterinsights_skip_tracking":false,"_monsterinsights_sitenote_active":false,"_monsterinsights_sitenote_note":"","_monsterinsights_sitenote_category":0,"_jetpack_memberships_contains_paid_content":false,"footnotes":"","jetpack_publicize_message":"","jetpack_publicize_feature_enabled":true,"jetpack_social_post_already_shared":true,"jetpack_social_options":{"image_generator_settings":{"template":"highway","default_image_id":0,"font":"","enabled":false},"version":2}},"categories":[1,3],"tags":[],"class_list":["post-567","post","type-post","status-publish","format-standard","has-post-thumbnail","hentry","category-noticias","category-politica"],"acf":[],"jetpack_publicize_connections":[],"jetpack_featured_media_url":"https:\/\/i0.wp.com\/blogdoeloiltoncajuhy.com.br\/site\/wp-content\/uploads\/2015\/05\/BN.jpg?fit=380%2C280&ssl=1","jetpack_sharing_enabled":true,"publishpress_future_workflow_manual_trigger":{"enabledWorkflows":[]},"_links":{"self":[{"href":"https:\/\/blogdoeloiltoncajuhy.com.br\/site\/wp-json\/wp\/v2\/posts\/567","targetHints":{"allow":["GET"]}}],"collection":[{"href":"https:\/\/blogdoeloiltoncajuhy.com.br\/site\/wp-json\/wp\/v2\/posts"}],"about":[{"href":"https:\/\/blogdoeloiltoncajuhy.com.br\/site\/wp-json\/wp\/v2\/types\/post"}],"author":[{"embeddable":true,"href":"https:\/\/blogdoeloiltoncajuhy.com.br\/site\/wp-json\/wp\/v2\/users\/2"}],"replies":[{"embeddable":true,"href":"https:\/\/blogdoeloiltoncajuhy.com.br\/site\/wp-json\/wp\/v2\/comments?post=567"}],"version-history":[{"count":1,"href":"https:\/\/blogdoeloiltoncajuhy.com.br\/site\/wp-json\/wp\/v2\/posts\/567\/revisions"}],"predecessor-version":[{"id":569,"href":"https:\/\/blogdoeloiltoncajuhy.com.br\/site\/wp-json\/wp\/v2\/posts\/567\/revisions\/569"}],"wp:featuredmedia":[{"embeddable":true,"href":"https:\/\/blogdoeloiltoncajuhy.com.br\/site\/wp-json\/wp\/v2\/media\/568"}],"wp:attachment":[{"href":"https:\/\/blogdoeloiltoncajuhy.com.br\/site\/wp-json\/wp\/v2\/media?parent=567"}],"wp:term":[{"taxonomy":"category","embeddable":true,"href":"https:\/\/blogdoeloiltoncajuhy.com.br\/site\/wp-json\/wp\/v2\/categories?post=567"},{"taxonomy":"post_tag","embeddable":true,"href":"https:\/\/blogdoeloiltoncajuhy.com.br\/site\/wp-json\/wp\/v2\/tags?post=567"}],"curies":[{"name":"wp","href":"https:\/\/api.w.org\/{rel}","templated":true}]}}