{"id":56697,"date":"2021-05-24T21:34:56","date_gmt":"2021-05-25T00:34:56","guid":{"rendered":"http:\/\/blogdoeloiltoncajuhy.com.br\/site\/?p=56697"},"modified":"2021-05-24T22:16:28","modified_gmt":"2021-05-25T01:16:28","slug":"homem-acusado-de-dois-homicidios-e-preso-pela-policia-civil-de-bonfim","status":"publish","type":"post","link":"https:\/\/blogdoeloiltoncajuhy.com.br\/site\/homem-acusado-de-dois-homicidios-e-preso-pela-policia-civil-de-bonfim\/","title":{"rendered":"Homem acusado de dois homic\u00eddios \u00e9 preso pela Pol\u00edcia Civil em Campo Formoso"},"content":{"rendered":"\n<div class=\"wp-block-image\"><figure class=\"aligncenter size-large is-resized\"><a href=\"https:\/\/i0.wp.com\/blogdoeloiltoncajuhy.com.br\/site\/wp-content\/uploads\/2021\/04\/Policia-Civil-2.jpeg\"><img data-recalc-dims=\"1\" fetchpriority=\"high\" decoding=\"async\" src=\"https:\/\/i0.wp.com\/blogdoeloiltoncajuhy.com.br\/site\/wp-content\/uploads\/2021\/04\/Policia-Civil-2.jpeg?resize=386%2C555\" alt=\"\" class=\"wp-image-55455\" width=\"386\" height=\"555\"\/><\/a><\/figure><\/div>\n\n\n\n<p>Um homem acusado de dois homic\u00eddios foi preso por volta das 17h desta segunda-feira (24) pela Pol\u00edcia Civil, no vizinho munic\u00edpio de Campo Formoso. O detido teve Mandado de Pris\u00e3o Tempor\u00e1ria expedido pelo Poder Judici\u00e1rio, atendendo a inqu\u00e9rito policial.<\/p>\n\n\n\n<p>Durante investiga\u00e7\u00f5es, a pol\u00edcia concluiu que o preso \u00e9 suspeito dos assassinatos de <strong>Danilo Milit\u00e3o Costa<\/strong>, ocorrido no \u00faltimo dia 05 de mar\u00e7o e de <strong>Denivaldo Ribeiro Pereira<\/strong>, em 02 de maio, ambos registrados em Campo Formoso.<\/p>\n\n\n\n<p>Com o suspeito, a pol\u00edcia apreendeu um rev\u00f3lver calibre .38, muni\u00e7\u00f5es e 14 trouxinhas de maconha. Ele foi autuado em flagrante e se encontra \u00e0 disposi\u00e7\u00e3o da Justi\u00e7a.<\/p>\n","protected":false},"excerpt":{"rendered":"<p>Um homem acusado de dois homic\u00eddios foi preso por volta das 17h desta segunda-feira (24) pela Pol\u00edcia Civil, no vizinho munic\u00edpio de Campo Formoso. O detido teve Mandado de Pris\u00e3o Tempor\u00e1ria expedido pelo Poder Judici\u00e1rio, atendendo a inqu\u00e9rito policial. Durante investiga\u00e7\u00f5es, a pol\u00edcia concluiu que o preso \u00e9 suspeito dos assassinatos de Danilo Milit\u00e3o Costa, [&hellip;]<\/p>\n","protected":false},"author":2,"featured_media":55455,"comment_status":"open","ping_status":"open","sticky":false,"template":"","format":"standard","meta":{"_acf_changed":false,"_monsterinsights_skip_tracking":false,"_monsterinsights_sitenote_active":false,"_monsterinsights_sitenote_note":"","_monsterinsights_sitenote_category":0,"_jetpack_memberships_contains_paid_content":false,"footnotes":"","jetpack_publicize_message":"","jetpack_publicize_feature_enabled":true,"jetpack_social_post_already_shared":false,"jetpack_social_options":{"image_generator_settings":{"template":"highway","default_image_id":0,"font":"","enabled":false},"version":2}},"categories":[15],"tags":[],"class_list":["post-56697","post","type-post","status-publish","format-standard","has-post-thumbnail","hentry","category-policia"],"acf":[],"jetpack_publicize_connections":[],"jetpack_featured_media_url":"https:\/\/i0.wp.com\/blogdoeloiltoncajuhy.com.br\/site\/wp-content\/uploads\/2021\/04\/Policia-Civil-2.jpeg?fit=760%2C1098&ssl=1","jetpack_sharing_enabled":true,"publishpress_future_workflow_manual_trigger":{"enabledWorkflows":[]},"_links":{"self":[{"href":"https:\/\/blogdoeloiltoncajuhy.com.br\/site\/wp-json\/wp\/v2\/posts\/56697","targetHints":{"allow":["GET"]}}],"collection":[{"href":"https:\/\/blogdoeloiltoncajuhy.com.br\/site\/wp-json\/wp\/v2\/posts"}],"about":[{"href":"https:\/\/blogdoeloiltoncajuhy.com.br\/site\/wp-json\/wp\/v2\/types\/post"}],"author":[{"embeddable":true,"href":"https:\/\/blogdoeloiltoncajuhy.com.br\/site\/wp-json\/wp\/v2\/users\/2"}],"replies":[{"embeddable":true,"href":"https:\/\/blogdoeloiltoncajuhy.com.br\/site\/wp-json\/wp\/v2\/comments?post=56697"}],"version-history":[{"count":3,"href":"https:\/\/blogdoeloiltoncajuhy.com.br\/site\/wp-json\/wp\/v2\/posts\/56697\/revisions"}],"predecessor-version":[{"id":56705,"href":"https:\/\/blogdoeloiltoncajuhy.com.br\/site\/wp-json\/wp\/v2\/posts\/56697\/revisions\/56705"}],"wp:featuredmedia":[{"embeddable":true,"href":"https:\/\/blogdoeloiltoncajuhy.com.br\/site\/wp-json\/wp\/v2\/media\/55455"}],"wp:attachment":[{"href":"https:\/\/blogdoeloiltoncajuhy.com.br\/site\/wp-json\/wp\/v2\/media?parent=56697"}],"wp:term":[{"taxonomy":"category","embeddable":true,"href":"https:\/\/blogdoeloiltoncajuhy.com.br\/site\/wp-json\/wp\/v2\/categories?post=56697"},{"taxonomy":"post_tag","embeddable":true,"href":"https:\/\/blogdoeloiltoncajuhy.com.br\/site\/wp-json\/wp\/v2\/tags?post=56697"}],"curies":[{"name":"wp","href":"https:\/\/api.w.org\/{rel}","templated":true}]}}