{"id":56690,"date":"2021-05-24T09:22:23","date_gmt":"2021-05-24T12:22:23","guid":{"rendered":"http:\/\/blogdoeloiltoncajuhy.com.br\/site\/?p=56690"},"modified":"2021-05-24T09:22:25","modified_gmt":"2021-05-24T12:22:25","slug":"santaluz-motorista-alcoolizado-e-preso-apos-atropelar-casal-com-bebe","status":"publish","type":"post","link":"https:\/\/blogdoeloiltoncajuhy.com.br\/site\/santaluz-motorista-alcoolizado-e-preso-apos-atropelar-casal-com-bebe\/","title":{"rendered":"Santaluz: Motorista alcoolizado \u00e9 preso ap\u00f3s atropelar casal com beb\u00ea"},"content":{"rendered":"\n<div class=\"wp-block-image\"><figure class=\"aligncenter size-large is-resized\"><a href=\"https:\/\/i0.wp.com\/blogdoeloiltoncajuhy.com.br\/site\/wp-content\/uploads\/2021\/05\/Acidente-Santaluz.jpg\"><img data-recalc-dims=\"1\" fetchpriority=\"high\" decoding=\"async\" src=\"https:\/\/i0.wp.com\/blogdoeloiltoncajuhy.com.br\/site\/wp-content\/uploads\/2021\/05\/Acidente-Santaluz.jpg?resize=630%2C464\" alt=\"\" class=\"wp-image-56691\" width=\"630\" height=\"464\" srcset=\"https:\/\/i0.wp.com\/blogdoeloiltoncajuhy.com.br\/site\/wp-content\/uploads\/2021\/05\/Acidente-Santaluz.jpg?w=380&amp;ssl=1 380w, https:\/\/i0.wp.com\/blogdoeloiltoncajuhy.com.br\/site\/wp-content\/uploads\/2021\/05\/Acidente-Santaluz.jpg?resize=300%2C221&amp;ssl=1 300w\" sizes=\"(max-width: 630px) 100vw, 630px\" \/><\/a><figcaption><em><sub>Foto: Reprodu\u00e7\u00e3o \/ Not\u00edcias de Santaluz<\/sub><\/em><\/figcaption><\/figure><\/div>\n\n\n\n<p>Um motorista foi preso na noite deste s\u00e1bado (22) ap\u00f3s atropelar um casal e o filho deles, um beb\u00ea de dois meses. O fato ocorreu em um trecho da BA-120 de Santaluz, na regi\u00e3o sisaleira. A m\u00e3e da crian\u00e7a, uma adolescente de 17 anos, sofreu fratura em uma das pernas. O pai e o beb\u00ea tiveram escoria\u00e7\u00f5es.<\/p>\n\n\n\n<p>Segundo o Calila Not\u00edcias, o homem, que apresentava embriaguez, chegou a fugir do local, mas foi alcan\u00e7ado por moradores e entregue \u00e0 Pol\u00edcia Militar.<\/p>\n\n\n\n<p>Ainda segundo informa\u00e7\u00f5es, o acusado, de 33 anos, seguia pela rodovia em um ve\u00edculo Fiat Uno quando atingiu as v\u00edtimas, que estavam em uma moto. A pol\u00edcia tamb\u00e9m informou que o motorista do carro tamb\u00e9m foi levado para o hospital, onde um m\u00e9dico plantonista atestou que ele estava embriagado.<\/p>\n\n\n\n<p>O homem \u2013 que reside na zona rural de Valente, na mesma regi\u00e3o \u2013 foi levado \u00e0 delegacia de Riach\u00e3o do Jacu\u00edpe, na Bacia do Jacu\u00edpe. O carro dele foi apreendido.<\/p>\n","protected":false},"excerpt":{"rendered":"<p>Um motorista foi preso na noite deste s\u00e1bado (22) ap\u00f3s atropelar um casal e o filho deles, um beb\u00ea de dois meses. O fato ocorreu em um trecho da BA-120 de Santaluz, na regi\u00e3o sisaleira. A m\u00e3e da crian\u00e7a, uma adolescente de 17 anos, sofreu fratura em uma das pernas. O pai e o beb\u00ea [&hellip;]<\/p>\n","protected":false},"author":2,"featured_media":56691,"comment_status":"open","ping_status":"open","sticky":false,"template":"","format":"standard","meta":{"_acf_changed":false,"_monsterinsights_skip_tracking":false,"_monsterinsights_sitenote_active":false,"_monsterinsights_sitenote_note":"","_monsterinsights_sitenote_category":0,"_jetpack_memberships_contains_paid_content":false,"footnotes":"","jetpack_publicize_message":"","jetpack_publicize_feature_enabled":true,"jetpack_social_post_already_shared":false,"jetpack_social_options":{"image_generator_settings":{"template":"highway","default_image_id":0,"font":"","enabled":false},"version":2}},"categories":[15],"tags":[],"class_list":["post-56690","post","type-post","status-publish","format-standard","has-post-thumbnail","hentry","category-policia"],"acf":[],"jetpack_publicize_connections":[],"jetpack_featured_media_url":"https:\/\/i0.wp.com\/blogdoeloiltoncajuhy.com.br\/site\/wp-content\/uploads\/2021\/05\/Acidente-Santaluz.jpg?fit=380%2C280&ssl=1","jetpack_sharing_enabled":true,"publishpress_future_workflow_manual_trigger":{"enabledWorkflows":[]},"_links":{"self":[{"href":"https:\/\/blogdoeloiltoncajuhy.com.br\/site\/wp-json\/wp\/v2\/posts\/56690","targetHints":{"allow":["GET"]}}],"collection":[{"href":"https:\/\/blogdoeloiltoncajuhy.com.br\/site\/wp-json\/wp\/v2\/posts"}],"about":[{"href":"https:\/\/blogdoeloiltoncajuhy.com.br\/site\/wp-json\/wp\/v2\/types\/post"}],"author":[{"embeddable":true,"href":"https:\/\/blogdoeloiltoncajuhy.com.br\/site\/wp-json\/wp\/v2\/users\/2"}],"replies":[{"embeddable":true,"href":"https:\/\/blogdoeloiltoncajuhy.com.br\/site\/wp-json\/wp\/v2\/comments?post=56690"}],"version-history":[{"count":2,"href":"https:\/\/blogdoeloiltoncajuhy.com.br\/site\/wp-json\/wp\/v2\/posts\/56690\/revisions"}],"predecessor-version":[{"id":56693,"href":"https:\/\/blogdoeloiltoncajuhy.com.br\/site\/wp-json\/wp\/v2\/posts\/56690\/revisions\/56693"}],"wp:featuredmedia":[{"embeddable":true,"href":"https:\/\/blogdoeloiltoncajuhy.com.br\/site\/wp-json\/wp\/v2\/media\/56691"}],"wp:attachment":[{"href":"https:\/\/blogdoeloiltoncajuhy.com.br\/site\/wp-json\/wp\/v2\/media?parent=56690"}],"wp:term":[{"taxonomy":"category","embeddable":true,"href":"https:\/\/blogdoeloiltoncajuhy.com.br\/site\/wp-json\/wp\/v2\/categories?post=56690"},{"taxonomy":"post_tag","embeddable":true,"href":"https:\/\/blogdoeloiltoncajuhy.com.br\/site\/wp-json\/wp\/v2\/tags?post=56690"}],"curies":[{"name":"wp","href":"https:\/\/api.w.org\/{rel}","templated":true}]}}