{"id":56665,"date":"2021-05-23T19:08:04","date_gmt":"2021-05-23T22:08:04","guid":{"rendered":"http:\/\/blogdoeloiltoncajuhy.com.br\/site\/?p=56665"},"modified":"2021-05-23T19:20:49","modified_gmt":"2021-05-23T22:20:49","slug":"um-coracao-puro-transforma-acoes-em-solidariedade-descansa-em-paz-tio-edu","status":"publish","type":"post","link":"https:\/\/blogdoeloiltoncajuhy.com.br\/site\/um-coracao-puro-transforma-acoes-em-solidariedade-descansa-em-paz-tio-edu\/","title":{"rendered":"Um cora\u00e7\u00e3o puro transforma a\u00e7\u00f5es em solidariedade; descansa em paz, &#8216;Tio Edu&#8217;"},"content":{"rendered":"\n<div class=\"wp-block-image\"><figure class=\"aligncenter size-full is-resized\"><a href=\"https:\/\/i0.wp.com\/blogdoeloiltoncajuhy.com.br\/site\/wp-content\/uploads\/2021\/05\/Edualdo-01.jpg\"><img data-recalc-dims=\"1\" fetchpriority=\"high\" decoding=\"async\" src=\"https:\/\/i0.wp.com\/blogdoeloiltoncajuhy.com.br\/site\/wp-content\/uploads\/2021\/05\/Edualdo-01.jpg?resize=603%2C486\" alt=\"\" class=\"wp-image-56666\" width=\"603\" height=\"486\"\/><\/a><figcaption><em><sub>Foto: Redes Sociais<\/sub><\/em><\/figcaption><\/figure><\/div>\n\n\n\n<p>Com muita tristeza, a cidade de Senhor do Bonfim recebeu na manh\u00e3 deste domingo (23) a not\u00edcia da morte de <strong>Edualdo de Oliveira Silva<\/strong>, de 47 anos, casado, pai de um filho, reconhecido profissionalmente e muito querido, especialmente pelos servidores p\u00fablicos municipais.<\/p>\n\n\n\n<p>Pessoa bastante humilde e de muito carisma, conhecido simplesmente por Edu, recebeu, do saudoso ex-prefeito Paulo Machado, o apelido carinhoso de &#8220;Tio Edu&#8221;, sendo assim chamado nos \u00faltimos anos por muitos de seus amigos.<\/p>\n\n\n\n<p>Edualdo Oliveira estava licenciado da prefeitura de Senhor do Bonfim, onde ocupava o cargo de Diretor de Recursos Humanos, h\u00e1 muitos anos. H\u00e1 quase um m\u00eas ficou doente e realizava exames entre Senhor do Bonfim e Petrolina-PE. No in\u00edcio desta semana, foi transferido para o Hospital Roberto Santos, em Salvador, onde teve seu quadro cl\u00ednico agravado.<\/p>\n\n\n\n<p>Neste s\u00e1bado (22), chegou a ser submetido a um procedimento cir\u00fargico, mas, infelizmente, por volta das 9h deste domingo, ele veio a falecer. O corpo de &#8220;Tio Edu&#8221; j\u00e1 est\u00e1 em nossa cidade, e ser\u00e1 velado das 7h \u00e0s 9h da manh\u00e3 desta segunda-feira, dia 24, na C\u00e2mara Municipal. O sepultamento ser\u00e1 realizado logo em seguida.<\/p>\n\n\n\n<div class=\"wp-block-image\"><figure class=\"aligncenter size-large\"><a href=\"https:\/\/i0.wp.com\/blogdoeloiltoncajuhy.com.br\/site\/wp-content\/uploads\/2021\/05\/Edualdo-e-esposa.jpg\"><img data-recalc-dims=\"1\" decoding=\"async\" width=\"800\" height=\"601\" src=\"https:\/\/i0.wp.com\/blogdoeloiltoncajuhy.com.br\/site\/wp-content\/uploads\/2021\/05\/Edualdo-e-esposa.jpg?resize=800%2C601\" alt=\"\" class=\"wp-image-56667\" srcset=\"https:\/\/i0.wp.com\/blogdoeloiltoncajuhy.com.br\/site\/wp-content\/uploads\/2021\/05\/Edualdo-e-esposa.jpg?w=855&amp;ssl=1 855w, https:\/\/i0.wp.com\/blogdoeloiltoncajuhy.com.br\/site\/wp-content\/uploads\/2021\/05\/Edualdo-e-esposa.jpg?resize=300%2C225&amp;ssl=1 300w, https:\/\/i0.wp.com\/blogdoeloiltoncajuhy.com.br\/site\/wp-content\/uploads\/2021\/05\/Edualdo-e-esposa.jpg?resize=768%2C577&amp;ssl=1 768w\" sizes=\"(max-width: 800px) 100vw, 800px\" \/><\/a><figcaption><em><sub>Edu e a esposa Rita de C\u00e1ssia &#8211; Foto: Reprodu\u00e7\u00e3o | Facebook<\/sub><\/em><\/figcaption><\/figure><\/div>\n\n\n\n<p>A prefeitura de Senhor do decretou Luto Oficial de tr\u00eas dias pelo falecimento de Edu. Nesta segunda-feira, o pr\u00e9dio da prefeitura estar\u00e1 fechado. Tamb\u00e9m em virtude do falecimento de Edualdo, a C\u00e2mara Municipal decretou Luto Oficial de tr\u00eas dias.<\/p>\n\n\n\n<p>Ao longo dos anos como Diretor de Recursos Humanos da prefeitura, Edualdo Oliveira se destacou pela forma competente e cordial como recebia os servidores municipais para diversos tipos de atendimento. Construiu muitas amizades e se tornou um verdadeiro amigo de todos. Sempre com muita paci\u00eancia, fazia quest\u00e3o de esclarecer todas as d\u00favidas dos funcion\u00e1rios da prefeitura.<\/p>\n\n\n\n<p>Muito religioso, tamb\u00e9m integrava o Ter\u00e7o dos Homens da Par\u00f3quia de Senhor do Bonfim e exercia intensa participa\u00e7\u00e3o nas a\u00e7\u00f5es da Igreja Cat\u00f3lica em nossa cidade.<\/p>\n\n\n\n<p>Nos quatro cantos da cidade, recebia o carinho e o afeto das pessoas, seja nos bares, nas pra\u00e7as e ruas, ou nos campos de futebol. Se dizia apaixonado por sua cidade e, sempre com um sorriso no rosto, dividia sua alegria de viver com todos que o rodeavam.<\/p>\n\n\n\n<p>Parte o corpo, a mat\u00e9ria. Ficam a simplicidade, o senso de amizade, o profissionalismo e, acima de tudo, a certeza de um ser humano de cora\u00e7\u00e3o puro e solid\u00e1rio.<\/p>\n\n\n\n<h4 class=\"has-text-align-center has-pale-cyan-blue-background-color has-background wp-block-heading\"><strong>&#8220;Tio Edu&#8221;, que Deus te conceda o c\u00e9u por descanso!<\/strong><\/h4>\n\n\n\n<div class=\"wp-block-image is-style-rounded\"><figure class=\"aligncenter size-full is-resized\"><a href=\"https:\/\/i0.wp.com\/blogdoeloiltoncajuhy.com.br\/site\/wp-content\/uploads\/2021\/05\/Edualdo-02.jpg\"><img data-recalc-dims=\"1\" decoding=\"async\" src=\"https:\/\/i0.wp.com\/blogdoeloiltoncajuhy.com.br\/site\/wp-content\/uploads\/2021\/05\/Edualdo-02.jpg?resize=687%2C515\" alt=\"\" class=\"wp-image-56668\" width=\"687\" height=\"515\" srcset=\"https:\/\/i0.wp.com\/blogdoeloiltoncajuhy.com.br\/site\/wp-content\/uploads\/2021\/05\/Edualdo-02.jpg?w=448&amp;ssl=1 448w, https:\/\/i0.wp.com\/blogdoeloiltoncajuhy.com.br\/site\/wp-content\/uploads\/2021\/05\/Edualdo-02.jpg?resize=300%2C225&amp;ssl=1 300w\" sizes=\"(max-width: 687px) 100vw, 687px\" \/><\/a><figcaption><em><sub>Foto: Redes Sociais<\/sub><\/em><\/figcaption><\/figure><\/div>\n","protected":false},"excerpt":{"rendered":"<p>Com muita tristeza, a cidade de Senhor do Bonfim recebeu na manh\u00e3 deste domingo (23) a not\u00edcia da morte de Edualdo de Oliveira Silva, de 47 anos, casado, pai de um filho, reconhecido profissionalmente e muito querido, especialmente pelos servidores p\u00fablicos municipais. Pessoa bastante humilde e de muito carisma, conhecido simplesmente por Edu, recebeu, do [&hellip;]<\/p>\n","protected":false},"author":2,"featured_media":56668,"comment_status":"open","ping_status":"open","sticky":false,"template":"","format":"standard","meta":{"_acf_changed":false,"_monsterinsights_skip_tracking":false,"_monsterinsights_sitenote_active":false,"_monsterinsights_sitenote_note":"","_monsterinsights_sitenote_category":0,"_jetpack_memberships_contains_paid_content":false,"footnotes":"","jetpack_publicize_message":"","jetpack_publicize_feature_enabled":true,"jetpack_social_post_already_shared":false,"jetpack_social_options":{"image_generator_settings":{"template":"highway","default_image_id":0,"font":"","enabled":false},"version":2}},"categories":[4],"tags":[],"class_list":["post-56665","post","type-post","status-publish","format-standard","has-post-thumbnail","hentry","category-local"],"acf":[],"jetpack_publicize_connections":[],"jetpack_featured_media_url":"https:\/\/i0.wp.com\/blogdoeloiltoncajuhy.com.br\/site\/wp-content\/uploads\/2021\/05\/Edualdo-02.jpg?fit=448%2C336&ssl=1","jetpack_sharing_enabled":true,"publishpress_future_workflow_manual_trigger":{"enabledWorkflows":[]},"_links":{"self":[{"href":"https:\/\/blogdoeloiltoncajuhy.com.br\/site\/wp-json\/wp\/v2\/posts\/56665","targetHints":{"allow":["GET"]}}],"collection":[{"href":"https:\/\/blogdoeloiltoncajuhy.com.br\/site\/wp-json\/wp\/v2\/posts"}],"about":[{"href":"https:\/\/blogdoeloiltoncajuhy.com.br\/site\/wp-json\/wp\/v2\/types\/post"}],"author":[{"embeddable":true,"href":"https:\/\/blogdoeloiltoncajuhy.com.br\/site\/wp-json\/wp\/v2\/users\/2"}],"replies":[{"embeddable":true,"href":"https:\/\/blogdoeloiltoncajuhy.com.br\/site\/wp-json\/wp\/v2\/comments?post=56665"}],"version-history":[{"count":4,"href":"https:\/\/blogdoeloiltoncajuhy.com.br\/site\/wp-json\/wp\/v2\/posts\/56665\/revisions"}],"predecessor-version":[{"id":56673,"href":"https:\/\/blogdoeloiltoncajuhy.com.br\/site\/wp-json\/wp\/v2\/posts\/56665\/revisions\/56673"}],"wp:featuredmedia":[{"embeddable":true,"href":"https:\/\/blogdoeloiltoncajuhy.com.br\/site\/wp-json\/wp\/v2\/media\/56668"}],"wp:attachment":[{"href":"https:\/\/blogdoeloiltoncajuhy.com.br\/site\/wp-json\/wp\/v2\/media?parent=56665"}],"wp:term":[{"taxonomy":"category","embeddable":true,"href":"https:\/\/blogdoeloiltoncajuhy.com.br\/site\/wp-json\/wp\/v2\/categories?post=56665"},{"taxonomy":"post_tag","embeddable":true,"href":"https:\/\/blogdoeloiltoncajuhy.com.br\/site\/wp-json\/wp\/v2\/tags?post=56665"}],"curies":[{"name":"wp","href":"https:\/\/api.w.org\/{rel}","templated":true}]}}