{"id":56651,"date":"2021-05-22T12:38:04","date_gmt":"2021-05-22T15:38:04","guid":{"rendered":"http:\/\/blogdoeloiltoncajuhy.com.br\/site\/?p=56651"},"modified":"2021-05-22T12:38:05","modified_gmt":"2021-05-22T15:38:05","slug":"desaprovacao-do-governo-bolsonaro-se-mantem-recorde-ha-dois-meses-aponta-pesquisa","status":"publish","type":"post","link":"https:\/\/blogdoeloiltoncajuhy.com.br\/site\/desaprovacao-do-governo-bolsonaro-se-mantem-recorde-ha-dois-meses-aponta-pesquisa\/","title":{"rendered":"Desaprova\u00e7\u00e3o do governo Bolsonaro se mant\u00e9m recorde h\u00e1 dois meses, aponta pesquisa"},"content":{"rendered":"\n<div class=\"wp-block-image\"><figure class=\"aligncenter size-large\"><a href=\"https:\/\/i0.wp.com\/blogdoeloiltoncajuhy.com.br\/site\/wp-content\/uploads\/2021\/05\/Bolsonaro-22.05.2021.png\"><img data-recalc-dims=\"1\" fetchpriority=\"high\" decoding=\"async\" width=\"766\" height=\"514\" src=\"https:\/\/i0.wp.com\/blogdoeloiltoncajuhy.com.br\/site\/wp-content\/uploads\/2021\/05\/Bolsonaro-22.05.2021.png?resize=766%2C514\" alt=\"\" class=\"wp-image-56652\" srcset=\"https:\/\/i0.wp.com\/blogdoeloiltoncajuhy.com.br\/site\/wp-content\/uploads\/2021\/05\/Bolsonaro-22.05.2021.png?w=766&amp;ssl=1 766w, https:\/\/i0.wp.com\/blogdoeloiltoncajuhy.com.br\/site\/wp-content\/uploads\/2021\/05\/Bolsonaro-22.05.2021.png?resize=300%2C201&amp;ssl=1 300w\" sizes=\"(max-width: 766px) 100vw, 766px\" \/><\/a><figcaption><em><sub>\u00a9 Flickr\/Planalto<\/sub><\/em><\/figcaption><\/figure><\/div>\n\n\n\n<p>Para 50% dos brasileiros, o governo do presidente Jair Bolsonaro \u00e9 ruim ou p\u00e9ssimo. O dado \u00e9 da mais recente pesquisa EXAME\/IDEIA publicada pelo site da revista Exame nesta sexta-feira (21). Segundo o levantamento, o valor est\u00e1 neste patamar h\u00e1 dois meses, per\u00edodo em que oscila dentro da margem de erro de tr\u00eas pontos percentuais para mais ou para menos.<\/p>\n\n\n\n<p>A pesquisa ainda aponta que a avalia\u00e7\u00e3o da gest\u00e3o est\u00e1 no seu pior momento desde que come\u00e7ou, em janeiro de 2019. Para 24%, o governo \u00e9 \u00f3timo ou bom. Outros 22% o classificam como regular. O levantamento ouviu 1.200 pessoas entre os dias 19 e 20 de maio.<\/p>\n\n\n\n<p>Segundo a publica\u00e7\u00e3o, <em>\u201ca principal insatisfa\u00e7\u00e3o da popula\u00e7\u00e3o \u00e9 a morosidade no processo de vacina\u00e7\u00e3o contra a covid-19\u201d<\/em>. Na \u00faltima quinta-feira (20), o Brasil atingiu a marca de 40 milh\u00f5es de vacinados contra a Covid-19 com ao menos uma dose da vacina. No total, 40.365.246 pessoas receberam a primeira dose da vacina, de acordo com os dados do cons\u00f3rcio dos ve\u00edculos de imprensa. O n\u00famero equivale a 19,06% da popula\u00e7\u00e3o.<\/p>\n\n\n\n<p>A aprova\u00e7\u00e3o do governo Bolsonaro tamb\u00e9m caiu entre os evang\u00e9licos, grupo que representa forte apoio. Em janeiro, 45% avaliavam a gest\u00e3o como boa ou \u00f3tima. No levantamento desta sexta, o n\u00famero caiu para 39%.<\/p>\n","protected":false},"excerpt":{"rendered":"<p>Para 50% dos brasileiros, o governo do presidente Jair Bolsonaro \u00e9 ruim ou p\u00e9ssimo. O dado \u00e9 da mais recente pesquisa EXAME\/IDEIA publicada pelo site da revista Exame nesta sexta-feira (21). Segundo o levantamento, o valor est\u00e1 neste patamar h\u00e1 dois meses, per\u00edodo em que oscila dentro da margem de erro de tr\u00eas pontos percentuais [&hellip;]<\/p>\n","protected":false},"author":2,"featured_media":56652,"comment_status":"open","ping_status":"open","sticky":false,"template":"","format":"standard","meta":{"_acf_changed":false,"_monsterinsights_skip_tracking":false,"_monsterinsights_sitenote_active":false,"_monsterinsights_sitenote_note":"","_monsterinsights_sitenote_category":0,"_jetpack_memberships_contains_paid_content":false,"footnotes":"","jetpack_publicize_message":"","jetpack_publicize_feature_enabled":true,"jetpack_social_post_already_shared":false,"jetpack_social_options":{"image_generator_settings":{"template":"highway","default_image_id":0,"font":"","enabled":false},"version":2}},"categories":[3],"tags":[],"class_list":["post-56651","post","type-post","status-publish","format-standard","has-post-thumbnail","hentry","category-politica"],"acf":[],"jetpack_publicize_connections":[],"jetpack_featured_media_url":"https:\/\/i0.wp.com\/blogdoeloiltoncajuhy.com.br\/site\/wp-content\/uploads\/2021\/05\/Bolsonaro-22.05.2021.png?fit=766%2C514&ssl=1","jetpack_sharing_enabled":true,"publishpress_future_workflow_manual_trigger":{"enabledWorkflows":[]},"_links":{"self":[{"href":"https:\/\/blogdoeloiltoncajuhy.com.br\/site\/wp-json\/wp\/v2\/posts\/56651","targetHints":{"allow":["GET"]}}],"collection":[{"href":"https:\/\/blogdoeloiltoncajuhy.com.br\/site\/wp-json\/wp\/v2\/posts"}],"about":[{"href":"https:\/\/blogdoeloiltoncajuhy.com.br\/site\/wp-json\/wp\/v2\/types\/post"}],"author":[{"embeddable":true,"href":"https:\/\/blogdoeloiltoncajuhy.com.br\/site\/wp-json\/wp\/v2\/users\/2"}],"replies":[{"embeddable":true,"href":"https:\/\/blogdoeloiltoncajuhy.com.br\/site\/wp-json\/wp\/v2\/comments?post=56651"}],"version-history":[{"count":2,"href":"https:\/\/blogdoeloiltoncajuhy.com.br\/site\/wp-json\/wp\/v2\/posts\/56651\/revisions"}],"predecessor-version":[{"id":56654,"href":"https:\/\/blogdoeloiltoncajuhy.com.br\/site\/wp-json\/wp\/v2\/posts\/56651\/revisions\/56654"}],"wp:featuredmedia":[{"embeddable":true,"href":"https:\/\/blogdoeloiltoncajuhy.com.br\/site\/wp-json\/wp\/v2\/media\/56652"}],"wp:attachment":[{"href":"https:\/\/blogdoeloiltoncajuhy.com.br\/site\/wp-json\/wp\/v2\/media?parent=56651"}],"wp:term":[{"taxonomy":"category","embeddable":true,"href":"https:\/\/blogdoeloiltoncajuhy.com.br\/site\/wp-json\/wp\/v2\/categories?post=56651"},{"taxonomy":"post_tag","embeddable":true,"href":"https:\/\/blogdoeloiltoncajuhy.com.br\/site\/wp-json\/wp\/v2\/tags?post=56651"}],"curies":[{"name":"wp","href":"https:\/\/api.w.org\/{rel}","templated":true}]}}