{"id":56639,"date":"2021-05-22T10:18:28","date_gmt":"2021-05-22T13:18:28","guid":{"rendered":"http:\/\/blogdoeloiltoncajuhy.com.br\/site\/?p=56639"},"modified":"2021-05-22T10:18:29","modified_gmt":"2021-05-22T13:18:29","slug":"jovem-de-25-anos-intubada-ao-dar-a-luz-morre-por-complicacoes-da-covid-19-sem-conhecer-a-filha","status":"publish","type":"post","link":"https:\/\/blogdoeloiltoncajuhy.com.br\/site\/jovem-de-25-anos-intubada-ao-dar-a-luz-morre-por-complicacoes-da-covid-19-sem-conhecer-a-filha\/","title":{"rendered":"Jovem de 25 anos intubada ao dar \u00e0 luz morre por complica\u00e7\u00f5es da Covid-19 sem conhecer a filha"},"content":{"rendered":"\n<h5 class=\"has-text-align-center wp-block-heading\"><em>Andressa Josefa dos Santos estava intubada desde 10 de maio. Parentes haviam mobilizado as redes sociais em busca de doa\u00e7\u00f5es de sangue<\/em><\/h5>\n\n\n\n<div class=\"wp-block-image\"><figure class=\"aligncenter size-large\"><a href=\"https:\/\/i0.wp.com\/blogdoeloiltoncajuhy.com.br\/site\/wp-content\/uploads\/2021\/05\/Andressa-01.jpg\"><img data-recalc-dims=\"1\" fetchpriority=\"high\" decoding=\"async\" width=\"800\" height=\"515\" src=\"https:\/\/i0.wp.com\/blogdoeloiltoncajuhy.com.br\/site\/wp-content\/uploads\/2021\/05\/Andressa-01.jpg?resize=800%2C515\" alt=\"\" class=\"wp-image-56640\" srcset=\"https:\/\/i0.wp.com\/blogdoeloiltoncajuhy.com.br\/site\/wp-content\/uploads\/2021\/05\/Andressa-01.jpg?w=984&amp;ssl=1 984w, https:\/\/i0.wp.com\/blogdoeloiltoncajuhy.com.br\/site\/wp-content\/uploads\/2021\/05\/Andressa-01.jpg?resize=300%2C193&amp;ssl=1 300w, https:\/\/i0.wp.com\/blogdoeloiltoncajuhy.com.br\/site\/wp-content\/uploads\/2021\/05\/Andressa-01.jpg?resize=768%2C494&amp;ssl=1 768w\" sizes=\"(max-width: 800px) 100vw, 800px\" \/><\/a><figcaption><em><sub>M\u00e3e e filha precisaram ficar internadas em Unidade de Terapia Intensiva (UTI) ap\u00f3s parto \u2014 Foto: Arquivo Pessoal<\/sub><\/em><\/figcaption><\/figure><\/div>\n\n\n\n<p>A vendedora <strong>Andressa Josefa dos Santos<\/strong>, de 25 anos, que foi intubada com Covid-19 ap\u00f3s passar por um parto de emerg\u00eancia, morreu por complica\u00e7\u00f5es da doen\u00e7a sem conhecer a filha. A jovem estava intubada desde 10 de maio na Unidade de Terapia Intensiva (UTI) de um hospital em Santos, no litoral paulista.<\/p>\n\n\n\n<p>A fam\u00edlia de Andressa havia mobilizado as redes sociais em busca de doa\u00e7\u00f5es se sangue, ap\u00f3s ela tamb\u00e9m apresentar uma anemia. Os parentes informaram ao <strong>G1<\/strong>, neste s\u00e1bado (22), que a jovem faleceu em decorr\u00eancia da Covid-19 nesta sexta-feira (21). A jovem foi velada e sepultada no Cemit\u00e9rio da Areia Branca, durante a tarde.<\/p>\n\n\n\n<p><em>&#8220;Minha irm\u00e3 era uma guerreira, lutou at\u00e9 o fim, mas Deus tem um prop\u00f3sito na nossa vida, e hoje se encerra a trajet\u00f3ria dela aqui na Terra, com 25 anos. N\u00e3o entendemos, o corpo dela se foi, mas vive com a gente para sempre em nossos cora\u00e7\u00f5es, e fica sua filha linda e guerreira, Anna Clara&#8221;<\/em>, disse a irm\u00e3, Daiane Josefa dos Santos, de 22 anos.<\/p>\n\n\n\n<p>Andressa teve os primeiros sintomas da doen\u00e7a no dia 25 de abril, e come\u00e7ou o tratamento contra a Covid-19. Ela foi internada no dia 2 de maio, ao apresentar cansa\u00e7o e falta de ar. A jovem n\u00e3o tinha nenhuma comorbidade, mas apresentou uma piora no quadro, que fez com que ela enfrentasse um parto de emerg\u00eancia. O beb\u00ea nasceu com 7 meses e precisou ir para a UTI neonatal.<\/p>\n\n\n\n<p>Segundo o namorado de Andressa, o empres\u00e1rio Gilberto dos Santos Neto, no parto, ela precisou ser intubada rapidamente, e n\u00e3o teve a chance de conhecer a filha. Ela tamb\u00e9m chegou a ter a fun\u00e7\u00e3o renal afetada, precisando fazer hemodi\u00e1lise, al\u00e9m de uma infec\u00e7\u00e3o. Depois de quase tr\u00eas semanas de interna\u00e7\u00e3o, ela n\u00e3o resistiu. Parentes homenagearam a jovem nas redes sociais.<\/p>\n\n\n\n<div class=\"wp-block-image\"><figure class=\"aligncenter size-large\"><a href=\"https:\/\/i0.wp.com\/blogdoeloiltoncajuhy.com.br\/site\/wp-content\/uploads\/2021\/05\/Andressa-02.jpg\"><img data-recalc-dims=\"1\" decoding=\"async\" width=\"800\" height=\"939\" src=\"https:\/\/i0.wp.com\/blogdoeloiltoncajuhy.com.br\/site\/wp-content\/uploads\/2021\/05\/Andressa-02.jpg?resize=800%2C939\" alt=\"\" class=\"wp-image-56641\" srcset=\"https:\/\/i0.wp.com\/blogdoeloiltoncajuhy.com.br\/site\/wp-content\/uploads\/2021\/05\/Andressa-02.jpg?resize=872%2C1024&amp;ssl=1 872w, https:\/\/i0.wp.com\/blogdoeloiltoncajuhy.com.br\/site\/wp-content\/uploads\/2021\/05\/Andressa-02.jpg?resize=256%2C300&amp;ssl=1 256w, https:\/\/i0.wp.com\/blogdoeloiltoncajuhy.com.br\/site\/wp-content\/uploads\/2021\/05\/Andressa-02.jpg?resize=768%2C901&amp;ssl=1 768w, https:\/\/i0.wp.com\/blogdoeloiltoncajuhy.com.br\/site\/wp-content\/uploads\/2021\/05\/Andressa-02.jpg?w=984&amp;ssl=1 984w\" sizes=\"(max-width: 800px) 100vw, 800px\" \/><\/a><figcaption><em><sub>Andressa Josefa dos Santos foi intubada com Covid-19 ap\u00f3s passar por um parto de emerg\u00eancia em Santos, SP \u2014 Foto: Arquivo Pessoal<\/sub><\/em><\/figcaption><\/figure><\/div>\n\n\n\n<figure class=\"wp-block-pullquote\"><blockquote><p>&#8220;A Andressa sempre representou o lado bom das pessoas. Ela fez a gente acreditar que n\u00e3o existe a maldade. Ela era companheira, empolgada, alegre, e sem d\u00favida seria uma \u00f3tima m\u00e3e&#8221;, lamenta Gilberto.<\/p><\/blockquote><\/figure>\n\n\n\n<p>Ao G1, ele contou que a fam\u00edlia est\u00e1 arrasada, mas encontrando incentivo no beb\u00ea, que se recupera aos poucos. A pequena j\u00e1 foi extubada, testou negativo para a Covid-19 e foi encaminhada para o quarto. Familiares juntam for\u00e7as para conseguir lidar com o luto e cuidar da menina assim que tiver alta.<\/p>\n\n\n\n<figure class=\"wp-block-pullquote\"><blockquote><p>&#8220;Os \u00faltimos dias t\u00eam sido cheios de ang\u00fastia e sofrimento, mas, tamb\u00e9m, repletos de amor. A Andressa n\u00e3o nos deixa apenas com a lembran\u00e7a de sua inoc\u00eancia, carisma e cumplicidade. Nos deixa, tamb\u00e9m, com uma parte dela, que se chama Anna Clara&#8221;, finaliza Gilberto.<\/p><\/blockquote><\/figure>\n\n\n\n<div class=\"wp-block-image\"><figure class=\"aligncenter size-large\"><a href=\"https:\/\/i0.wp.com\/blogdoeloiltoncajuhy.com.br\/site\/wp-content\/uploads\/2021\/05\/Andressa-03.jpg\"><img data-recalc-dims=\"1\" decoding=\"async\" width=\"556\" height=\"1024\" src=\"https:\/\/i0.wp.com\/blogdoeloiltoncajuhy.com.br\/site\/wp-content\/uploads\/2021\/05\/Andressa-03.jpg?resize=556%2C1024\" alt=\"\" class=\"wp-image-56642\" srcset=\"https:\/\/i0.wp.com\/blogdoeloiltoncajuhy.com.br\/site\/wp-content\/uploads\/2021\/05\/Andressa-03.jpg?resize=556%2C1024&amp;ssl=1 556w, https:\/\/i0.wp.com\/blogdoeloiltoncajuhy.com.br\/site\/wp-content\/uploads\/2021\/05\/Andressa-03.jpg?resize=163%2C300&amp;ssl=1 163w, https:\/\/i0.wp.com\/blogdoeloiltoncajuhy.com.br\/site\/wp-content\/uploads\/2021\/05\/Andressa-03.jpg?resize=768%2C1414&amp;ssl=1 768w, https:\/\/i0.wp.com\/blogdoeloiltoncajuhy.com.br\/site\/wp-content\/uploads\/2021\/05\/Andressa-03.jpg?resize=834%2C1536&amp;ssl=1 834w, https:\/\/i0.wp.com\/blogdoeloiltoncajuhy.com.br\/site\/wp-content\/uploads\/2021\/05\/Andressa-03.jpg?w=984&amp;ssl=1 984w\" sizes=\"(max-width: 556px) 100vw, 556px\" \/><\/a><figcaption><em><sub>Jovem foi intubada e teve anemia, al\u00e9m de perda de sangue \u2014 Foto: Arquivo Pessoal<\/sub><\/em><\/figcaption><\/figure><\/div>\n","protected":false},"excerpt":{"rendered":"<p>Andressa Josefa dos Santos estava intubada desde 10 de maio. Parentes haviam mobilizado as redes sociais em busca de doa\u00e7\u00f5es de sangue A vendedora Andressa Josefa dos Santos, de 25 anos, que foi intubada com Covid-19 ap\u00f3s passar por um parto de emerg\u00eancia, morreu por complica\u00e7\u00f5es da doen\u00e7a sem conhecer a filha. A jovem estava [&hellip;]<\/p>\n","protected":false},"author":2,"featured_media":56641,"comment_status":"open","ping_status":"open","sticky":false,"template":"","format":"standard","meta":{"_acf_changed":false,"_monsterinsights_skip_tracking":false,"_monsterinsights_sitenote_active":false,"_monsterinsights_sitenote_note":"","_monsterinsights_sitenote_category":0,"_jetpack_memberships_contains_paid_content":false,"footnotes":"","jetpack_publicize_message":"","jetpack_publicize_feature_enabled":true,"jetpack_social_post_already_shared":false,"jetpack_social_options":{"image_generator_settings":{"template":"highway","default_image_id":0,"font":"","enabled":false},"version":2}},"categories":[1],"tags":[],"class_list":["post-56639","post","type-post","status-publish","format-standard","has-post-thumbnail","hentry","category-noticias"],"acf":[],"jetpack_publicize_connections":[],"jetpack_featured_media_url":"https:\/\/i0.wp.com\/blogdoeloiltoncajuhy.com.br\/site\/wp-content\/uploads\/2021\/05\/Andressa-02.jpg?fit=984%2C1155&ssl=1","jetpack_sharing_enabled":true,"publishpress_future_workflow_manual_trigger":{"enabledWorkflows":[]},"_links":{"self":[{"href":"https:\/\/blogdoeloiltoncajuhy.com.br\/site\/wp-json\/wp\/v2\/posts\/56639","targetHints":{"allow":["GET"]}}],"collection":[{"href":"https:\/\/blogdoeloiltoncajuhy.com.br\/site\/wp-json\/wp\/v2\/posts"}],"about":[{"href":"https:\/\/blogdoeloiltoncajuhy.com.br\/site\/wp-json\/wp\/v2\/types\/post"}],"author":[{"embeddable":true,"href":"https:\/\/blogdoeloiltoncajuhy.com.br\/site\/wp-json\/wp\/v2\/users\/2"}],"replies":[{"embeddable":true,"href":"https:\/\/blogdoeloiltoncajuhy.com.br\/site\/wp-json\/wp\/v2\/comments?post=56639"}],"version-history":[{"count":2,"href":"https:\/\/blogdoeloiltoncajuhy.com.br\/site\/wp-json\/wp\/v2\/posts\/56639\/revisions"}],"predecessor-version":[{"id":56644,"href":"https:\/\/blogdoeloiltoncajuhy.com.br\/site\/wp-json\/wp\/v2\/posts\/56639\/revisions\/56644"}],"wp:featuredmedia":[{"embeddable":true,"href":"https:\/\/blogdoeloiltoncajuhy.com.br\/site\/wp-json\/wp\/v2\/media\/56641"}],"wp:attachment":[{"href":"https:\/\/blogdoeloiltoncajuhy.com.br\/site\/wp-json\/wp\/v2\/media?parent=56639"}],"wp:term":[{"taxonomy":"category","embeddable":true,"href":"https:\/\/blogdoeloiltoncajuhy.com.br\/site\/wp-json\/wp\/v2\/categories?post=56639"},{"taxonomy":"post_tag","embeddable":true,"href":"https:\/\/blogdoeloiltoncajuhy.com.br\/site\/wp-json\/wp\/v2\/tags?post=56639"}],"curies":[{"name":"wp","href":"https:\/\/api.w.org\/{rel}","templated":true}]}}