{"id":56635,"date":"2021-05-22T09:41:38","date_gmt":"2021-05-22T12:41:38","guid":{"rendered":"http:\/\/blogdoeloiltoncajuhy.com.br\/site\/?p=56635"},"modified":"2021-05-22T09:41:40","modified_gmt":"2021-05-22T12:41:40","slug":"a-fome-cresce-com-as-acoes-e-politicas-irresponsaveis-do-governo-de-bolsonaro-critica-deputado-valmir-assuncao","status":"publish","type":"post","link":"https:\/\/blogdoeloiltoncajuhy.com.br\/site\/a-fome-cresce-com-as-acoes-e-politicas-irresponsaveis-do-governo-de-bolsonaro-critica-deputado-valmir-assuncao\/","title":{"rendered":"\u201cA fome cresce com as a\u00e7\u00f5es e pol\u00edticas irrespons\u00e1veis do governo de Bolsonaro\u201d, critica deputado Valmir Assun\u00e7\u00e3o"},"content":{"rendered":"\n<div class=\"wp-block-image\"><figure class=\"aligncenter size-large\"><a href=\"https:\/\/i0.wp.com\/blogdoeloiltoncajuhy.com.br\/site\/wp-content\/uploads\/2021\/05\/Valmir-Assuncao-com-o-ex-presidente-Lula-durante-jogo-em-Sao-Paulo-FOTO-Divulgacao.jpg\"><img data-recalc-dims=\"1\" fetchpriority=\"high\" decoding=\"async\" width=\"800\" height=\"679\" src=\"https:\/\/i0.wp.com\/blogdoeloiltoncajuhy.com.br\/site\/wp-content\/uploads\/2021\/05\/Valmir-Assuncao-com-o-ex-presidente-Lula-durante-jogo-em-Sao-Paulo-FOTO-Divulgacao.jpg?resize=800%2C679\" alt=\"\" class=\"wp-image-56636\" srcset=\"https:\/\/i0.wp.com\/blogdoeloiltoncajuhy.com.br\/site\/wp-content\/uploads\/2021\/05\/Valmir-Assuncao-com-o-ex-presidente-Lula-durante-jogo-em-Sao-Paulo-FOTO-Divulgacao.jpg?resize=1024%2C869&amp;ssl=1 1024w, https:\/\/i0.wp.com\/blogdoeloiltoncajuhy.com.br\/site\/wp-content\/uploads\/2021\/05\/Valmir-Assuncao-com-o-ex-presidente-Lula-durante-jogo-em-Sao-Paulo-FOTO-Divulgacao.jpg?resize=300%2C255&amp;ssl=1 300w, https:\/\/i0.wp.com\/blogdoeloiltoncajuhy.com.br\/site\/wp-content\/uploads\/2021\/05\/Valmir-Assuncao-com-o-ex-presidente-Lula-durante-jogo-em-Sao-Paulo-FOTO-Divulgacao.jpg?resize=768%2C652&amp;ssl=1 768w, https:\/\/i0.wp.com\/blogdoeloiltoncajuhy.com.br\/site\/wp-content\/uploads\/2021\/05\/Valmir-Assuncao-com-o-ex-presidente-Lula-durante-jogo-em-Sao-Paulo-FOTO-Divulgacao.jpg?w=1125&amp;ssl=1 1125w\" sizes=\"(max-width: 800px) 100vw, 800px\" \/><\/a><figcaption><em><sub>Foto: Divulga\u00e7\u00e3o<\/sub><\/em><\/figcaption><\/figure><\/div>\n\n\n\n<p>Um dos \u00edndices mais preocupantes para a popula\u00e7\u00e3o brasileira tem tido aumento expressivo, principalmente durante a pandemia da covid-19. A fome tem entrado na casa dos brasileiros e \u00e9 um dos problemas que preocupa profundamente o deputado federal Valmir Assun\u00e7\u00e3o (PT-BA). Um a cada quatro brasileiros respondeu que a quantidade de comida na mesa para alimentar a fam\u00edlia foi menor do que o suficiente nos \u00faltimos meses, durante a crise sanit\u00e1ria, segundo pesquisa realizada pelo Datafolha. Em n\u00fameros absolutos, a inseguran\u00e7a alimentar grave atinge 19 milh\u00f5es de brasileiros, conforme a pesquisa da Rede Brasileira de Pesquisa em Soberania e Seguran\u00e7a Alimentar (Penssan). O petista tamb\u00e9m fez uma an\u00e1lise de conjuntura e defendeu o nome do ex-presidente Luiz In\u00e1cio Lula da Silva para comandar o processo de retomada do poder.<\/p>\n\n\n\n<p>Para o parlamentar baiano, o problema do crescimento da fome vem desde o impedimento da presidente Dilma Rousseff (PT), onde desde ent\u00e3o o pa\u00eds e a popula\u00e7\u00e3o t\u00eam enfrentado crises devastadoras e pol\u00edticas de austeridades. <em>\u201cO desmonte vem desde o impedimento de Dilma. Est\u00e3o tentando acabar com o povo brasileiro todos os dias. O que vemos s\u00e3o pol\u00edticas e a\u00e7\u00f5es irrespons\u00e1veis do governo Bolsonaro que elevam o n\u00famero de mortes por covid-19 e o crescimento da fome, da extrema pobreza que foram amenizadas e controladas nos governos de Lula e Dilma\u201d<\/em>, ressalta Valmir Assun\u00e7\u00e3o. Ele acredita que somente um governo popular pode frear esse crescimento da pobreza, que triplicou, saltou de 9,5 milh\u00f5es em agosto de 2020 para mais de 27 milh\u00f5es em fevereiro de 2021.<\/p>\n\n\n\n<p><em>\u201cO povo pobre precisa de investimento e essa \u00e9 uma das pautas do presidente Lula, que retomar\u00e1 a dignidade do pa\u00eds, do cidad\u00e3o brasileiro na conquista do emprego, ter de volta a sa\u00fade, ter de volta o poder de compra e levar comida para sua mesa. E os latifundi\u00e1rios deveriam aprender com o MST [Movimento dos Trabalhadores Rurais Sem Terra] e doar alimentos como o movimento faz com os mais pobres. No Brasil a l\u00f3gica \u00e9 inversa, o pobre que ajuda pobre. Atualmente amargamos com a subida constante dos pre\u00e7os de alimentos, combust\u00edveis, g\u00e1s, energia, com o \u00edndice de infla\u00e7\u00e3o pior dos \u00faltimos anos, e a ajuda deveria vir de todos\u201d<\/em>, frisa o deputado. O ex-presidente Lula lan\u00e7ou sua candidatura e antes mesmo j\u00e1 liderava as inten\u00e7\u00f5es de votos em todas as pesquisas com ampla vantagem j\u00e1 no primeiro turno em rela\u00e7\u00e3o ao seu principal oponente Jair Bolsonaro (sem partido).<\/p>\n","protected":false},"excerpt":{"rendered":"<p>Um dos \u00edndices mais preocupantes para a popula\u00e7\u00e3o brasileira tem tido aumento expressivo, principalmente durante a pandemia da covid-19. A fome tem entrado na casa dos brasileiros e \u00e9 um dos problemas que preocupa profundamente o deputado federal Valmir Assun\u00e7\u00e3o (PT-BA). Um a cada quatro brasileiros respondeu que a quantidade de comida na mesa para [&hellip;]<\/p>\n","protected":false},"author":2,"featured_media":56636,"comment_status":"open","ping_status":"open","sticky":false,"template":"","format":"standard","meta":{"_acf_changed":false,"_monsterinsights_skip_tracking":false,"_monsterinsights_sitenote_active":false,"_monsterinsights_sitenote_note":"","_monsterinsights_sitenote_category":0,"_jetpack_memberships_contains_paid_content":false,"footnotes":"","jetpack_publicize_message":"","jetpack_publicize_feature_enabled":true,"jetpack_social_post_already_shared":false,"jetpack_social_options":{"image_generator_settings":{"template":"highway","default_image_id":0,"font":"","enabled":false},"version":2}},"categories":[3],"tags":[],"class_list":["post-56635","post","type-post","status-publish","format-standard","has-post-thumbnail","hentry","category-politica"],"acf":[],"jetpack_publicize_connections":[],"jetpack_featured_media_url":"https:\/\/i0.wp.com\/blogdoeloiltoncajuhy.com.br\/site\/wp-content\/uploads\/2021\/05\/Valmir-Assuncao-com-o-ex-presidente-Lula-durante-jogo-em-Sao-Paulo-FOTO-Divulgacao.jpg?fit=1125%2C955&ssl=1","jetpack_sharing_enabled":true,"publishpress_future_workflow_manual_trigger":{"enabledWorkflows":[]},"_links":{"self":[{"href":"https:\/\/blogdoeloiltoncajuhy.com.br\/site\/wp-json\/wp\/v2\/posts\/56635","targetHints":{"allow":["GET"]}}],"collection":[{"href":"https:\/\/blogdoeloiltoncajuhy.com.br\/site\/wp-json\/wp\/v2\/posts"}],"about":[{"href":"https:\/\/blogdoeloiltoncajuhy.com.br\/site\/wp-json\/wp\/v2\/types\/post"}],"author":[{"embeddable":true,"href":"https:\/\/blogdoeloiltoncajuhy.com.br\/site\/wp-json\/wp\/v2\/users\/2"}],"replies":[{"embeddable":true,"href":"https:\/\/blogdoeloiltoncajuhy.com.br\/site\/wp-json\/wp\/v2\/comments?post=56635"}],"version-history":[{"count":2,"href":"https:\/\/blogdoeloiltoncajuhy.com.br\/site\/wp-json\/wp\/v2\/posts\/56635\/revisions"}],"predecessor-version":[{"id":56638,"href":"https:\/\/blogdoeloiltoncajuhy.com.br\/site\/wp-json\/wp\/v2\/posts\/56635\/revisions\/56638"}],"wp:featuredmedia":[{"embeddable":true,"href":"https:\/\/blogdoeloiltoncajuhy.com.br\/site\/wp-json\/wp\/v2\/media\/56636"}],"wp:attachment":[{"href":"https:\/\/blogdoeloiltoncajuhy.com.br\/site\/wp-json\/wp\/v2\/media?parent=56635"}],"wp:term":[{"taxonomy":"category","embeddable":true,"href":"https:\/\/blogdoeloiltoncajuhy.com.br\/site\/wp-json\/wp\/v2\/categories?post=56635"},{"taxonomy":"post_tag","embeddable":true,"href":"https:\/\/blogdoeloiltoncajuhy.com.br\/site\/wp-json\/wp\/v2\/tags?post=56635"}],"curies":[{"name":"wp","href":"https:\/\/api.w.org\/{rel}","templated":true}]}}