{"id":56632,"date":"2021-05-22T09:02:58","date_gmt":"2021-05-22T12:02:58","guid":{"rendered":"http:\/\/blogdoeloiltoncajuhy.com.br\/site\/?p=56632"},"modified":"2021-05-22T09:03:00","modified_gmt":"2021-05-22T12:03:00","slug":"o-homem-que-criou-o-instagram-de-bonfim-por-alex-barbosa","status":"publish","type":"post","link":"https:\/\/blogdoeloiltoncajuhy.com.br\/site\/o-homem-que-criou-o-instagram-de-bonfim-por-alex-barbosa\/","title":{"rendered":"O homem que criou o Instagram de Bonfim &#8211; Por Alex Barbosa"},"content":{"rendered":"\n<div class=\"wp-block-image\"><figure class=\"aligncenter size-large\"><a href=\"https:\/\/i0.wp.com\/blogdoeloiltoncajuhy.com.br\/site\/wp-content\/uploads\/2021\/05\/MC_Monaces-Fotos.jpeg\"><img data-recalc-dims=\"1\" fetchpriority=\"high\" decoding=\"async\" width=\"720\" height=\"540\" src=\"https:\/\/i0.wp.com\/blogdoeloiltoncajuhy.com.br\/site\/wp-content\/uploads\/2021\/05\/MC_Monaces-Fotos.jpeg?resize=720%2C540\" alt=\"\" class=\"wp-image-56633\" srcset=\"https:\/\/i0.wp.com\/blogdoeloiltoncajuhy.com.br\/site\/wp-content\/uploads\/2021\/05\/MC_Monaces-Fotos.jpeg?w=720&amp;ssl=1 720w, https:\/\/i0.wp.com\/blogdoeloiltoncajuhy.com.br\/site\/wp-content\/uploads\/2021\/05\/MC_Monaces-Fotos.jpeg?resize=300%2C225&amp;ssl=1 300w\" sizes=\"(max-width: 720px) 100vw, 720px\" \/><\/a><\/figure><\/div>\n\n\n\n<p>Pe\u00e7o licen\u00e7a ao americano Kevin Systrom e ao brasileiro Mike Kriege, criadores do Instagram, uma das mais populares redes sociais do mundo, mas ter um painel com fotos de famosos e an\u00f4nimos, que as pessoas curtiam e comentavam, foi uma inven\u00e7\u00e3o de um certo fot\u00f3grafo de Senhor do Bonfim, em meado dos anos 1980.<\/p>\n\n\n\n<p>Natural de Sento S\u00e9, Monac\u00e9is dos Santos tornou-se um dos mais importantes fot\u00f3grafos de Bonfim, registrando personalidades, eventos c\u00edvicos, festas e at\u00e9 cenas policiais. Quem passava pelo Cal\u00e7ad\u00e3o via uma exposi\u00e7\u00e3o di\u00e1ria com fotografias de artistas que se apresentavam no S\u00e3o Jo\u00e3o, pol\u00edticos locais, personagens folcl\u00f3ricos e, principalmente, o povo bonfinense. Para alguns chegava a ser um temor aquela exibi\u00e7\u00e3o p\u00fablica, algo que hoje foi totalmente desmistificado pelas redes sociais, mas para a grande maioria era uma coisa bem divertida.<\/p>\n\n\n\n<p>Monac\u00e9is sempre se preocupou com a mem\u00f3ria hist\u00f3rica de Senhor do Bonfim. Mesmo em tempos anal\u00f3gicos, tirava fotos das fotos, uma forma criativa que encontrou de preservar antigos registros fotogr\u00e1ficos do munic\u00edpio. Em seu quiosque, localizado na Pra\u00e7a Nova do Congresso, realizou algumas exposi\u00e7\u00f5es, principalmente durante as comemora\u00e7\u00f5es do anivers\u00e1rio da cidade. Infelizmente, a priva\u00e7\u00e3o da liberdade de Monac\u00e9is tamb\u00e9m nos tirou a possibilidade de conhecermos mais o acervo desse fot\u00f3grafo, que foi o homem que criou o Instagram de Bonfim.<\/p>\n\n\n\n<p class=\"has-black-color has-text-color\"><strong><em>Foto: Acervo Monac\u00e9is Fotos<\/em><\/strong><\/p>\n","protected":false},"excerpt":{"rendered":"<p>Pe\u00e7o licen\u00e7a ao americano Kevin Systrom e ao brasileiro Mike Kriege, criadores do Instagram, uma das mais populares redes sociais do mundo, mas ter um painel com fotos de famosos e an\u00f4nimos, que as pessoas curtiam e comentavam, foi uma inven\u00e7\u00e3o de um certo fot\u00f3grafo de Senhor do Bonfim, em meado dos anos 1980. Natural [&hellip;]<\/p>\n","protected":false},"author":2,"featured_media":56633,"comment_status":"open","ping_status":"open","sticky":false,"template":"","format":"standard","meta":{"_acf_changed":false,"_monsterinsights_skip_tracking":false,"_monsterinsights_sitenote_active":false,"_monsterinsights_sitenote_note":"","_monsterinsights_sitenote_category":0,"_jetpack_memberships_contains_paid_content":false,"footnotes":"","jetpack_publicize_message":"","jetpack_publicize_feature_enabled":true,"jetpack_social_post_already_shared":false,"jetpack_social_options":{"image_generator_settings":{"template":"highway","default_image_id":0,"font":"","enabled":false},"version":2}},"categories":[4],"tags":[],"class_list":["post-56632","post","type-post","status-publish","format-standard","has-post-thumbnail","hentry","category-local"],"acf":[],"jetpack_publicize_connections":[],"jetpack_featured_media_url":"https:\/\/i0.wp.com\/blogdoeloiltoncajuhy.com.br\/site\/wp-content\/uploads\/2021\/05\/MC_Monaces-Fotos.jpeg?fit=720%2C540&ssl=1","jetpack_sharing_enabled":true,"publishpress_future_workflow_manual_trigger":{"enabledWorkflows":[]},"_links":{"self":[{"href":"https:\/\/blogdoeloiltoncajuhy.com.br\/site\/wp-json\/wp\/v2\/posts\/56632","targetHints":{"allow":["GET"]}}],"collection":[{"href":"https:\/\/blogdoeloiltoncajuhy.com.br\/site\/wp-json\/wp\/v2\/posts"}],"about":[{"href":"https:\/\/blogdoeloiltoncajuhy.com.br\/site\/wp-json\/wp\/v2\/types\/post"}],"author":[{"embeddable":true,"href":"https:\/\/blogdoeloiltoncajuhy.com.br\/site\/wp-json\/wp\/v2\/users\/2"}],"replies":[{"embeddable":true,"href":"https:\/\/blogdoeloiltoncajuhy.com.br\/site\/wp-json\/wp\/v2\/comments?post=56632"}],"version-history":[{"count":1,"href":"https:\/\/blogdoeloiltoncajuhy.com.br\/site\/wp-json\/wp\/v2\/posts\/56632\/revisions"}],"predecessor-version":[{"id":56634,"href":"https:\/\/blogdoeloiltoncajuhy.com.br\/site\/wp-json\/wp\/v2\/posts\/56632\/revisions\/56634"}],"wp:featuredmedia":[{"embeddable":true,"href":"https:\/\/blogdoeloiltoncajuhy.com.br\/site\/wp-json\/wp\/v2\/media\/56633"}],"wp:attachment":[{"href":"https:\/\/blogdoeloiltoncajuhy.com.br\/site\/wp-json\/wp\/v2\/media?parent=56632"}],"wp:term":[{"taxonomy":"category","embeddable":true,"href":"https:\/\/blogdoeloiltoncajuhy.com.br\/site\/wp-json\/wp\/v2\/categories?post=56632"},{"taxonomy":"post_tag","embeddable":true,"href":"https:\/\/blogdoeloiltoncajuhy.com.br\/site\/wp-json\/wp\/v2\/tags?post=56632"}],"curies":[{"name":"wp","href":"https:\/\/api.w.org\/{rel}","templated":true}]}}