{"id":56625,"date":"2021-05-21T22:39:42","date_gmt":"2021-05-22T01:39:42","guid":{"rendered":"http:\/\/blogdoeloiltoncajuhy.com.br\/site\/?p=56625"},"modified":"2021-05-21T22:39:43","modified_gmt":"2021-05-22T01:39:43","slug":"contei-meus-anos","status":"publish","type":"post","link":"https:\/\/blogdoeloiltoncajuhy.com.br\/site\/contei-meus-anos\/","title":{"rendered":"Contei meus anos&#8230;"},"content":{"rendered":"\n<div class=\"wp-block-image\"><figure class=\"aligncenter size-full is-resized\"><a href=\"https:\/\/i0.wp.com\/blogdoeloiltoncajuhy.com.br\/site\/wp-content\/uploads\/2019\/07\/Reflex%C3%A3o_0706.jpg\"><img data-recalc-dims=\"1\" fetchpriority=\"high\" decoding=\"async\" src=\"https:\/\/i0.wp.com\/blogdoeloiltoncajuhy.com.br\/site\/wp-content\/uploads\/2019\/07\/Reflex%C3%A3o_0706.jpg?resize=722%2C433\" alt=\"\" class=\"wp-image-36034\" width=\"722\" height=\"433\" srcset=\"https:\/\/i0.wp.com\/blogdoeloiltoncajuhy.com.br\/site\/wp-content\/uploads\/2019\/07\/Reflex%C3%A3o_0706.jpg?w=640&amp;ssl=1 640w, https:\/\/i0.wp.com\/blogdoeloiltoncajuhy.com.br\/site\/wp-content\/uploads\/2019\/07\/Reflex%C3%A3o_0706.jpg?resize=300%2C180&amp;ssl=1 300w, https:\/\/i0.wp.com\/blogdoeloiltoncajuhy.com.br\/site\/wp-content\/uploads\/2019\/07\/Reflex%C3%A3o_0706.jpg?resize=250%2C150&amp;ssl=1 250w\" sizes=\"(max-width: 722px) 100vw, 722px\" \/><\/a><\/figure><\/div>\n\n\n\n<p>Contei meus anos e descobri<br>Que terei menos tempo para viver do que j\u00e1 tive at\u00e9 agora.<br>Tenho muito mais passado do que futuro.<br>Sinto-me como aquele menino que recebeu uma bacia de jabuticabas\u2026<br>As primeiras, ele chupou displicentemente<br>Mas, percebendo que faltam poucas, r\u00f3i o caro\u00e7o.<br>J\u00e1 n\u00e3o tenho tempo para lidar com mediocridades.<br>Inquieto-me com os invejosos tentando destruir quem eles admiram.<br>Cobi\u00e7ando seus lugares, talento e sorte<br>J\u00e1 n\u00e3o tenho tempo para administrar melindres de pessoas.<br>As pessoas n\u00e3o debatem conte\u00fado, apenas r\u00f3tulos.<br>Meu tempo tornou-se escasso para debater r\u00f3tulos.<br>Quero a ess\u00eancia!<br>Minha alma tem pressa.<br>Sem muitas jabuticabas na bacia,<br>Quero viver ao lado de gente humana, muito humana.<br>Que n\u00e3o foge de sua mortalidade.<br>Caminhar perto de coisas e pessoas de verdade!<\/p>\n\n\n\n<p class=\"has-black-color has-text-color\"><strong><em>Texto de Ricardo Gondim<\/em><\/strong><\/p>\n","protected":false},"excerpt":{"rendered":"<p>Contei meus anos e descobriQue terei menos tempo para viver do que j\u00e1 tive at\u00e9 agora.Tenho muito mais passado do que futuro.Sinto-me como aquele menino que recebeu uma bacia de jabuticabas\u2026As primeiras, ele chupou displicentementeMas, percebendo que faltam poucas, r\u00f3i o caro\u00e7o.J\u00e1 n\u00e3o tenho tempo para lidar com mediocridades.Inquieto-me com os invejosos tentando destruir quem [&hellip;]<\/p>\n","protected":false},"author":2,"featured_media":36034,"comment_status":"open","ping_status":"open","sticky":false,"template":"","format":"standard","meta":{"_acf_changed":false,"_monsterinsights_skip_tracking":false,"_monsterinsights_sitenote_active":false,"_monsterinsights_sitenote_note":"","_monsterinsights_sitenote_category":0,"_jetpack_memberships_contains_paid_content":false,"footnotes":"","jetpack_publicize_message":"","jetpack_publicize_feature_enabled":true,"jetpack_social_post_already_shared":false,"jetpack_social_options":{"image_generator_settings":{"template":"highway","default_image_id":0,"font":"","enabled":false},"version":2}},"categories":[9],"tags":[],"class_list":["post-56625","post","type-post","status-publish","format-standard","has-post-thumbnail","hentry","category-reflexao"],"acf":[],"jetpack_publicize_connections":[],"jetpack_featured_media_url":"https:\/\/i0.wp.com\/blogdoeloiltoncajuhy.com.br\/site\/wp-content\/uploads\/2019\/07\/Reflex%C3%A3o_0706.jpg?fit=640%2C384&ssl=1","jetpack_sharing_enabled":true,"publishpress_future_workflow_manual_trigger":{"enabledWorkflows":[]},"_links":{"self":[{"href":"https:\/\/blogdoeloiltoncajuhy.com.br\/site\/wp-json\/wp\/v2\/posts\/56625","targetHints":{"allow":["GET"]}}],"collection":[{"href":"https:\/\/blogdoeloiltoncajuhy.com.br\/site\/wp-json\/wp\/v2\/posts"}],"about":[{"href":"https:\/\/blogdoeloiltoncajuhy.com.br\/site\/wp-json\/wp\/v2\/types\/post"}],"author":[{"embeddable":true,"href":"https:\/\/blogdoeloiltoncajuhy.com.br\/site\/wp-json\/wp\/v2\/users\/2"}],"replies":[{"embeddable":true,"href":"https:\/\/blogdoeloiltoncajuhy.com.br\/site\/wp-json\/wp\/v2\/comments?post=56625"}],"version-history":[{"count":2,"href":"https:\/\/blogdoeloiltoncajuhy.com.br\/site\/wp-json\/wp\/v2\/posts\/56625\/revisions"}],"predecessor-version":[{"id":56627,"href":"https:\/\/blogdoeloiltoncajuhy.com.br\/site\/wp-json\/wp\/v2\/posts\/56625\/revisions\/56627"}],"wp:featuredmedia":[{"embeddable":true,"href":"https:\/\/blogdoeloiltoncajuhy.com.br\/site\/wp-json\/wp\/v2\/media\/36034"}],"wp:attachment":[{"href":"https:\/\/blogdoeloiltoncajuhy.com.br\/site\/wp-json\/wp\/v2\/media?parent=56625"}],"wp:term":[{"taxonomy":"category","embeddable":true,"href":"https:\/\/blogdoeloiltoncajuhy.com.br\/site\/wp-json\/wp\/v2\/categories?post=56625"},{"taxonomy":"post_tag","embeddable":true,"href":"https:\/\/blogdoeloiltoncajuhy.com.br\/site\/wp-json\/wp\/v2\/tags?post=56625"}],"curies":[{"name":"wp","href":"https:\/\/api.w.org\/{rel}","templated":true}]}}