{"id":56622,"date":"2021-05-21T22:26:53","date_gmt":"2021-05-22T01:26:53","guid":{"rendered":"http:\/\/blogdoeloiltoncajuhy.com.br\/site\/?p=56622"},"modified":"2021-05-21T22:26:54","modified_gmt":"2021-05-22T01:26:54","slug":"relatorio-de-elmar-nascimento-para-venda-da-eletrobras-pode-elevar-conta-de-luz","status":"publish","type":"post","link":"https:\/\/blogdoeloiltoncajuhy.com.br\/site\/relatorio-de-elmar-nascimento-para-venda-da-eletrobras-pode-elevar-conta-de-luz\/","title":{"rendered":"Relat\u00f3rio de Elmar Nascimento para venda da Eletrobr\u00e1s pode elevar conta de luz"},"content":{"rendered":"\n<div class=\"wp-block-image\"><figure class=\"aligncenter size-full is-resized\"><a href=\"https:\/\/i0.wp.com\/blogdoeloiltoncajuhy.com.br\/site\/wp-content\/uploads\/2018\/05\/elmar-nascimento_pesquisas.jpg\"><img data-recalc-dims=\"1\" fetchpriority=\"high\" decoding=\"async\" src=\"https:\/\/i0.wp.com\/blogdoeloiltoncajuhy.com.br\/site\/wp-content\/uploads\/2018\/05\/elmar-nascimento_pesquisas.jpg?resize=669%2C490\" alt=\"\" class=\"wp-image-25193\" width=\"669\" height=\"490\" srcset=\"https:\/\/i0.wp.com\/blogdoeloiltoncajuhy.com.br\/site\/wp-content\/uploads\/2018\/05\/elmar-nascimento_pesquisas.jpg?resize=300%2C221&amp;ssl=1 300w, https:\/\/i0.wp.com\/blogdoeloiltoncajuhy.com.br\/site\/wp-content\/uploads\/2018\/05\/elmar-nascimento_pesquisas.jpg?resize=250%2C184&amp;ssl=1 250w\" sizes=\"(max-width: 669px) 100vw, 669px\" \/><\/a><\/figure><\/div>\n\n\n\n<p>O deputado Elmar Nascimento (DEM-BA), relator da medida provis\u00f3ria de privatiza\u00e7\u00e3o da Eletrobras na C\u00e2mara dos Deputados, prop\u00f4s que a venda da empresa pelo governo federal possa ocorrer somente ap\u00f3s a contrata\u00e7\u00e3o pelo governo de compra de energia de novas termel\u00e9tricas a g\u00e1s.<\/p>\n\n\n\n<p>O deputado manteve amarras sobre a expans\u00e3o do setor el\u00e9trico nos pr\u00f3ximos anos, medidas que, segundo especialistas, devem aumentar o custo da energia e consequentemente o valor da tarifa para o consumidor final.<\/p>\n\n\n\n<p>Os governadores do Nordeste escreveram um documento contra a privatiza\u00e7\u00e3o da Eletrobras. Segundo eles, a aprova\u00e7\u00e3o da MP (Medida Provis\u00f3ria) que possibilita a venda da estatal vai precarizar o setor e aumentar a conta de luz.<\/p>\n","protected":false},"excerpt":{"rendered":"<p>O deputado Elmar Nascimento (DEM-BA), relator da medida provis\u00f3ria de privatiza\u00e7\u00e3o da Eletrobras na C\u00e2mara dos Deputados, prop\u00f4s que a venda da empresa pelo governo federal possa ocorrer somente ap\u00f3s a contrata\u00e7\u00e3o pelo governo de compra de energia de novas termel\u00e9tricas a g\u00e1s. O deputado manteve amarras sobre a expans\u00e3o do setor el\u00e9trico nos pr\u00f3ximos [&hellip;]<\/p>\n","protected":false},"author":2,"featured_media":9181,"comment_status":"open","ping_status":"open","sticky":false,"template":"","format":"standard","meta":{"_acf_changed":false,"_monsterinsights_skip_tracking":false,"_monsterinsights_sitenote_active":false,"_monsterinsights_sitenote_note":"","_monsterinsights_sitenote_category":0,"_jetpack_memberships_contains_paid_content":false,"footnotes":"","jetpack_publicize_message":"","jetpack_publicize_feature_enabled":true,"jetpack_social_post_already_shared":false,"jetpack_social_options":{"image_generator_settings":{"template":"highway","default_image_id":0,"font":"","enabled":false},"version":2}},"categories":[3],"tags":[],"class_list":["post-56622","post","type-post","status-publish","format-standard","has-post-thumbnail","hentry","category-politica"],"acf":[],"jetpack_publicize_connections":[],"jetpack_featured_media_url":"https:\/\/i0.wp.com\/blogdoeloiltoncajuhy.com.br\/site\/wp-content\/uploads\/2016\/04\/elmar-nascimento.jpg?fit=590%2C320&ssl=1","jetpack_sharing_enabled":true,"publishpress_future_workflow_manual_trigger":{"enabledWorkflows":[]},"_links":{"self":[{"href":"https:\/\/blogdoeloiltoncajuhy.com.br\/site\/wp-json\/wp\/v2\/posts\/56622","targetHints":{"allow":["GET"]}}],"collection":[{"href":"https:\/\/blogdoeloiltoncajuhy.com.br\/site\/wp-json\/wp\/v2\/posts"}],"about":[{"href":"https:\/\/blogdoeloiltoncajuhy.com.br\/site\/wp-json\/wp\/v2\/types\/post"}],"author":[{"embeddable":true,"href":"https:\/\/blogdoeloiltoncajuhy.com.br\/site\/wp-json\/wp\/v2\/users\/2"}],"replies":[{"embeddable":true,"href":"https:\/\/blogdoeloiltoncajuhy.com.br\/site\/wp-json\/wp\/v2\/comments?post=56622"}],"version-history":[{"count":2,"href":"https:\/\/blogdoeloiltoncajuhy.com.br\/site\/wp-json\/wp\/v2\/posts\/56622\/revisions"}],"predecessor-version":[{"id":56624,"href":"https:\/\/blogdoeloiltoncajuhy.com.br\/site\/wp-json\/wp\/v2\/posts\/56622\/revisions\/56624"}],"wp:featuredmedia":[{"embeddable":true,"href":"https:\/\/blogdoeloiltoncajuhy.com.br\/site\/wp-json\/wp\/v2\/media\/9181"}],"wp:attachment":[{"href":"https:\/\/blogdoeloiltoncajuhy.com.br\/site\/wp-json\/wp\/v2\/media?parent=56622"}],"wp:term":[{"taxonomy":"category","embeddable":true,"href":"https:\/\/blogdoeloiltoncajuhy.com.br\/site\/wp-json\/wp\/v2\/categories?post=56622"},{"taxonomy":"post_tag","embeddable":true,"href":"https:\/\/blogdoeloiltoncajuhy.com.br\/site\/wp-json\/wp\/v2\/tags?post=56622"}],"curies":[{"name":"wp","href":"https:\/\/api.w.org\/{rel}","templated":true}]}}