{"id":56618,"date":"2021-05-21T22:18:42","date_gmt":"2021-05-22T01:18:42","guid":{"rendered":"http:\/\/blogdoeloiltoncajuhy.com.br\/site\/?p=56618"},"modified":"2021-05-21T22:18:43","modified_gmt":"2021-05-22T01:18:43","slug":"podcast-calumbi-lanca-novo-episodio-e-realiza-live-em-comemoracao-ao-aniversario-de-senhor-do-bonfim","status":"publish","type":"post","link":"https:\/\/blogdoeloiltoncajuhy.com.br\/site\/podcast-calumbi-lanca-novo-episodio-e-realiza-live-em-comemoracao-ao-aniversario-de-senhor-do-bonfim\/","title":{"rendered":"Podcast Calumbi lan\u00e7a novo epis\u00f3dio e realiza live em comemora\u00e7\u00e3o ao anivers\u00e1rio de Senhor do Bonfim"},"content":{"rendered":"\n<div class=\"wp-block-image\"><figure class=\"aligncenter size-large\"><a href=\"https:\/\/i0.wp.com\/blogdoeloiltoncajuhy.com.br\/site\/wp-content\/uploads\/2021\/05\/Live-Aniversario-Bonfim-2021-05-21-at-16.08.59.jpeg\"><img data-recalc-dims=\"1\" fetchpriority=\"high\" decoding=\"async\" width=\"800\" height=\"800\" src=\"https:\/\/i0.wp.com\/blogdoeloiltoncajuhy.com.br\/site\/wp-content\/uploads\/2021\/05\/Live-Aniversario-Bonfim-2021-05-21-at-16.08.59.jpeg?resize=800%2C800\" alt=\"\" class=\"wp-image-56619\" srcset=\"https:\/\/i0.wp.com\/blogdoeloiltoncajuhy.com.br\/site\/wp-content\/uploads\/2021\/05\/Live-Aniversario-Bonfim-2021-05-21-at-16.08.59.jpeg?resize=1024%2C1024&amp;ssl=1 1024w, https:\/\/i0.wp.com\/blogdoeloiltoncajuhy.com.br\/site\/wp-content\/uploads\/2021\/05\/Live-Aniversario-Bonfim-2021-05-21-at-16.08.59.jpeg?resize=300%2C300&amp;ssl=1 300w, https:\/\/i0.wp.com\/blogdoeloiltoncajuhy.com.br\/site\/wp-content\/uploads\/2021\/05\/Live-Aniversario-Bonfim-2021-05-21-at-16.08.59.jpeg?resize=150%2C150&amp;ssl=1 150w, https:\/\/i0.wp.com\/blogdoeloiltoncajuhy.com.br\/site\/wp-content\/uploads\/2021\/05\/Live-Aniversario-Bonfim-2021-05-21-at-16.08.59.jpeg?resize=768%2C768&amp;ssl=1 768w, https:\/\/i0.wp.com\/blogdoeloiltoncajuhy.com.br\/site\/wp-content\/uploads\/2021\/05\/Live-Aniversario-Bonfim-2021-05-21-at-16.08.59.jpeg?w=1246&amp;ssl=1 1246w\" sizes=\"(max-width: 800px) 100vw, 800px\" \/><\/a><\/figure><\/div>\n\n\n\n<p>No dia 28 de maio, Senhor do Bonfim comemora 136 anos de emancipa\u00e7\u00e3o pol\u00edtica. Para comemorar essa data, o Podcast Calumbi apresenta duas novidades. Nesta ter\u00e7a-feira (25), o programa lan\u00e7a em todas as plataformas de \u00e1udio, o epis\u00f3dio <strong>\u201cDesejos para Bonfim\u201d<\/strong>, que faz uma reflex\u00e3o sobre o presente e projeta coisas boas para o futuro da nossa cidade. Em parceria com o projeto Minha Cidade Senhor do Bonfim, o Podcast realiza tamb\u00e9m uma live comemorativa, agendada para s\u00e1bado (29), \u00e0s 15h, no Instagram.<\/p>\n\n\n\n<p>\u201cDesejos para Bonfim\u201d ser\u00e1 o 21\u00ba epis\u00f3dio lan\u00e7ado pelo Podcast Calumbi. Mas, se nos epis\u00f3dios anteriores o objetivo foi resgatar as origens do munic\u00edpio, dessa vez a inten\u00e7\u00e3o \u00e9 outra. <em>\u201cAgora buscamos fazer uma proje\u00e7\u00e3o, olhar para o presente e idealizar coisas boas para o futuro, apresentando como a gente espera que Bonfim se fortale\u00e7a a partir daqui\u201d<\/em>, conta a idealizadora e apresentadora do podcast, Adriana Santana.<\/p>\n\n\n\n<p>O epis\u00f3dio re\u00fane a express\u00e3o do desejo de bonfinenses conectados \u00e0 hist\u00f3ria, cultura e desenvolvimento desse lugar e do seu povo. Assim, o Podcast Calumbi conversou com personalidades ligadas a diversas \u00e1reas, tais como: Educa\u00e7\u00e3o (Maria Gl\u00f3ria da Paz); Meio-ambiente (Keiliane Oliveira); Povos do Campo (Norma Cleuza); Terreiros (Rebert Guimar\u00e3es); Igualdade de G\u00eanero (Denise de Almeida); Juventude (Elisa Raquel); Artes (Geninho Talma); e Turismo (Igo Matos).<\/p>\n\n\n\n<p>Por sua vez, a live de comemora\u00e7\u00e3o ao anivers\u00e1rio de Senhor do Bonfim tem como objetivo ouvir dois entusiastas da cultura bonfinense a respeito dos seus trabalhos em desenvolvimento: Adriana Santana (Podcast Calumbi) e Alex Barbosa (Minha Cidade Senhor do Bonfim). Em um bate-papo descontra\u00eddo, os dois criadores de conte\u00fado ir\u00e3o apresentar ao p\u00fablico o que os motivou a lan\u00e7ar projetos inovadores, com linguagem atual e de f\u00e1cil acesso, voltados \u00e0 preserva\u00e7\u00e3o da hist\u00f3ria regional, que valorizam a cultura e contribuem com o processo de educa\u00e7\u00e3o dos munic\u00edpios. Os dois projetos t\u00eam ganhado repercuss\u00e3o e conquistado n\u00e3o apenas o p\u00fablico bonfinense, mas de todo territ\u00f3rio baiano.<\/p>\n\n\n\n<p>Alex conta como surgiu a ideia dessa live. <em>\u201cAchei que seria interessante dividirmos nossas experi\u00eancias, aprendizados e dificuldades que encontramos ao realizar esse trabalho, bem como vislumbrar a\u00e7\u00f5es futuras, pois o processo de valoriza\u00e7\u00e3o de nossa hist\u00f3ria \u00e9 algo que tem que ser constru\u00eddo de forma coletiva\u201d<\/em>.<\/p>\n\n\n\n<p>O epis\u00f3dio \u201cDesejos para Bonfim\u201d estar\u00e1 dispon\u00edvel a partir de ter\u00e7a-feira (25) nas diversas plataformas de \u00e1udio, como: Youtube, Spotify, Deezer, Amazon Music, Pocket Casts e Google Podcasts. E a live <strong>\u201cAnivers\u00e1rio de Senhor do Bonfim\u201d<\/strong> ser\u00e1 transmitida no s\u00e1bado (29), \u00e0s 15h, atrav\u00e9s dos perfis no Instagram @podcastcalumbi e @minhacidade_bonfim.<\/p>\n","protected":false},"excerpt":{"rendered":"<p>No dia 28 de maio, Senhor do Bonfim comemora 136 anos de emancipa\u00e7\u00e3o pol\u00edtica. Para comemorar essa data, o Podcast Calumbi apresenta duas novidades. Nesta ter\u00e7a-feira (25), o programa lan\u00e7a em todas as plataformas de \u00e1udio, o epis\u00f3dio \u201cDesejos para Bonfim\u201d, que faz uma reflex\u00e3o sobre o presente e projeta coisas boas para o futuro [&hellip;]<\/p>\n","protected":false},"author":2,"featured_media":56619,"comment_status":"open","ping_status":"open","sticky":false,"template":"","format":"standard","meta":{"_acf_changed":false,"_monsterinsights_skip_tracking":false,"_monsterinsights_sitenote_active":false,"_monsterinsights_sitenote_note":"","_monsterinsights_sitenote_category":0,"_jetpack_memberships_contains_paid_content":false,"footnotes":"","jetpack_publicize_message":"","jetpack_publicize_feature_enabled":true,"jetpack_social_post_already_shared":false,"jetpack_social_options":{"image_generator_settings":{"template":"highway","default_image_id":0,"font":"","enabled":false},"version":2}},"categories":[4],"tags":[],"class_list":["post-56618","post","type-post","status-publish","format-standard","has-post-thumbnail","hentry","category-local"],"acf":[],"jetpack_publicize_connections":[],"jetpack_featured_media_url":"https:\/\/i0.wp.com\/blogdoeloiltoncajuhy.com.br\/site\/wp-content\/uploads\/2021\/05\/Live-Aniversario-Bonfim-2021-05-21-at-16.08.59.jpeg?fit=1246%2C1246&ssl=1","jetpack_sharing_enabled":true,"publishpress_future_workflow_manual_trigger":{"enabledWorkflows":[]},"_links":{"self":[{"href":"https:\/\/blogdoeloiltoncajuhy.com.br\/site\/wp-json\/wp\/v2\/posts\/56618","targetHints":{"allow":["GET"]}}],"collection":[{"href":"https:\/\/blogdoeloiltoncajuhy.com.br\/site\/wp-json\/wp\/v2\/posts"}],"about":[{"href":"https:\/\/blogdoeloiltoncajuhy.com.br\/site\/wp-json\/wp\/v2\/types\/post"}],"author":[{"embeddable":true,"href":"https:\/\/blogdoeloiltoncajuhy.com.br\/site\/wp-json\/wp\/v2\/users\/2"}],"replies":[{"embeddable":true,"href":"https:\/\/blogdoeloiltoncajuhy.com.br\/site\/wp-json\/wp\/v2\/comments?post=56618"}],"version-history":[{"count":2,"href":"https:\/\/blogdoeloiltoncajuhy.com.br\/site\/wp-json\/wp\/v2\/posts\/56618\/revisions"}],"predecessor-version":[{"id":56621,"href":"https:\/\/blogdoeloiltoncajuhy.com.br\/site\/wp-json\/wp\/v2\/posts\/56618\/revisions\/56621"}],"wp:featuredmedia":[{"embeddable":true,"href":"https:\/\/blogdoeloiltoncajuhy.com.br\/site\/wp-json\/wp\/v2\/media\/56619"}],"wp:attachment":[{"href":"https:\/\/blogdoeloiltoncajuhy.com.br\/site\/wp-json\/wp\/v2\/media?parent=56618"}],"wp:term":[{"taxonomy":"category","embeddable":true,"href":"https:\/\/blogdoeloiltoncajuhy.com.br\/site\/wp-json\/wp\/v2\/categories?post=56618"},{"taxonomy":"post_tag","embeddable":true,"href":"https:\/\/blogdoeloiltoncajuhy.com.br\/site\/wp-json\/wp\/v2\/tags?post=56618"}],"curies":[{"name":"wp","href":"https:\/\/api.w.org\/{rel}","templated":true}]}}