{"id":56614,"date":"2021-05-21T22:09:28","date_gmt":"2021-05-22T01:09:28","guid":{"rendered":"http:\/\/blogdoeloiltoncajuhy.com.br\/site\/?p=56614"},"modified":"2021-05-21T22:09:29","modified_gmt":"2021-05-22T01:09:29","slug":"prefeitura-de-andorinha-realiza-reuniao-para-tratar-da-regularizacao-ambiental-das-comunidades","status":"publish","type":"post","link":"https:\/\/blogdoeloiltoncajuhy.com.br\/site\/prefeitura-de-andorinha-realiza-reuniao-para-tratar-da-regularizacao-ambiental-das-comunidades\/","title":{"rendered":"Prefeitura de Andorinha realiza reuni\u00e3o para tratar da regulariza\u00e7\u00e3o ambiental das comunidades"},"content":{"rendered":"\n<div class=\"wp-block-image\"><figure class=\"aligncenter size-large\"><a href=\"https:\/\/i0.wp.com\/blogdoeloiltoncajuhy.com.br\/site\/wp-content\/uploads\/2021\/05\/PMA_Regularizacao-ambiental-01.jpeg\"><img data-recalc-dims=\"1\" fetchpriority=\"high\" decoding=\"async\" width=\"800\" height=\"611\" src=\"https:\/\/i0.wp.com\/blogdoeloiltoncajuhy.com.br\/site\/wp-content\/uploads\/2021\/05\/PMA_Regularizacao-ambiental-01.jpeg?resize=800%2C611\" alt=\"\" class=\"wp-image-56615\" srcset=\"https:\/\/i0.wp.com\/blogdoeloiltoncajuhy.com.br\/site\/wp-content\/uploads\/2021\/05\/PMA_Regularizacao-ambiental-01.jpeg?w=1000&amp;ssl=1 1000w, https:\/\/i0.wp.com\/blogdoeloiltoncajuhy.com.br\/site\/wp-content\/uploads\/2021\/05\/PMA_Regularizacao-ambiental-01.jpeg?resize=300%2C229&amp;ssl=1 300w, https:\/\/i0.wp.com\/blogdoeloiltoncajuhy.com.br\/site\/wp-content\/uploads\/2021\/05\/PMA_Regularizacao-ambiental-01.jpeg?resize=768%2C587&amp;ssl=1 768w\" sizes=\"(max-width: 800px) 100vw, 800px\" \/><\/a><\/figure><\/div>\n\n\n\n<p>A Prefeitura de Andorinha, atrav\u00e9s da Secretaria de Desenvolvimento Rural e Meio Ambiente, realizou na manh\u00e3 desta sexta-feira (21) uma reuni\u00e3o com representantes de associa\u00e7\u00f5es comunit\u00e1rias, para tratar da Regulariza\u00e7\u00e3o Ambiental para as comunidades tradicionais. Desde a cria\u00e7\u00e3o do Novo C\u00f3digo Florestal em 2012 (Lei Federal N\u00ba12.651), as pessoas que possuem propriedades nas zonas rurais ficam obrigadas a fazer inscri\u00e7\u00e3o das suas terras no Cadastro Estadual Florestal de Im\u00f3veis Rurais (Cefir).<\/p>\n\n\n\n<p>O Cefir \u00e9 um cadastro que re\u00fane todas as informa\u00e7\u00f5es ambientais da propriedade coletiva que pertence a comunidade de fundo de pasto. \u00c9 como um retrato do territ\u00f3rio, que mostra onde tem mata (\u00e1rea de preserva\u00e7\u00e3o) e a \u00e1rea de uso da comunidade (ro\u00e7as, planta\u00e7\u00f5es, casas, etc.).<\/p>\n\n\n\n<p>No munic\u00edpio de Andorinha est\u00e3o sendo cadastradas as comunidades que fazem parte do projeto Pr\u00f3-Semi\u00e1rido. As etapas para o cadastro s\u00e3o de mobiliza\u00e7\u00e3o das comunidades, medi\u00e7\u00e3o da \u00e1rea de fundo de pasto e dos limites da comunidade, caracteriza\u00e7\u00e3o ambiental da \u00e1rea e cadastro das fam\u00edlias, organiza\u00e7\u00e3o de todas as informa\u00e7\u00f5es coletadas, cadastro da comunidade no Cefir, e por fim, a entrega do Certificado de Regulariza\u00e7\u00e3o Ambiental para as fam\u00edlias que, por meio deste, a popula\u00e7\u00e3o ter\u00e1 acesso a pol\u00edticas p\u00fablicas, inclusive de cr\u00e9dito.<\/p>\n\n\n\n<div class=\"wp-block-image\"><figure class=\"aligncenter size-large\"><a href=\"https:\/\/i0.wp.com\/blogdoeloiltoncajuhy.com.br\/site\/wp-content\/uploads\/2021\/05\/PMA_Regularizacao-ambiental-02.jpeg\"><img data-recalc-dims=\"1\" decoding=\"async\" width=\"800\" height=\"611\" src=\"https:\/\/i0.wp.com\/blogdoeloiltoncajuhy.com.br\/site\/wp-content\/uploads\/2021\/05\/PMA_Regularizacao-ambiental-02.jpeg?resize=800%2C611\" alt=\"\" class=\"wp-image-56616\" srcset=\"https:\/\/i0.wp.com\/blogdoeloiltoncajuhy.com.br\/site\/wp-content\/uploads\/2021\/05\/PMA_Regularizacao-ambiental-02.jpeg?w=1000&amp;ssl=1 1000w, https:\/\/i0.wp.com\/blogdoeloiltoncajuhy.com.br\/site\/wp-content\/uploads\/2021\/05\/PMA_Regularizacao-ambiental-02.jpeg?resize=300%2C229&amp;ssl=1 300w, https:\/\/i0.wp.com\/blogdoeloiltoncajuhy.com.br\/site\/wp-content\/uploads\/2021\/05\/PMA_Regularizacao-ambiental-02.jpeg?resize=768%2C587&amp;ssl=1 768w\" sizes=\"(max-width: 800px) 100vw, 800px\" \/><\/a><\/figure><\/div>\n\n\n\n<p>A medi\u00e7\u00e3o do territ\u00f3rio \u00e9 realizada com ajuda dos agricultores que conhecem os limites da \u00e1rea de fundo de pasto (\u00e1rea coletiva) e das ro\u00e7as individuais das fam\u00edlias (\u00e1reas individuais).<\/p>\n\n\n\n<p>Participaram da reuni\u00e3o, o secret\u00e1rio de Desenvolvimento Rural e Meio Ambiente, Valt\u00f4nio Guimar\u00e3es; o analista ambiental do projeto Pr\u00f3-Semi\u00e1rido, Jacson Machado; o vereador Z\u00e9 da Paz; as representantes da Associa\u00e7\u00e3o da Comunidade do Mandi, Eliana Silva, Iraci Oliveira e Alaice Oliveira; o diretor do Sindicato dos Trabalhadores na Agricultura Familiar, Etevaldo Ribeiro, e o assessor de pol\u00edticas p\u00fablicas da Car, Yon Fontes.<\/p>\n","protected":false},"excerpt":{"rendered":"<p>A Prefeitura de Andorinha, atrav\u00e9s da Secretaria de Desenvolvimento Rural e Meio Ambiente, realizou na manh\u00e3 desta sexta-feira (21) uma reuni\u00e3o com representantes de associa\u00e7\u00f5es comunit\u00e1rias, para tratar da Regulariza\u00e7\u00e3o Ambiental para as comunidades tradicionais. Desde a cria\u00e7\u00e3o do Novo C\u00f3digo Florestal em 2012 (Lei Federal N\u00ba12.651), as pessoas que possuem propriedades nas zonas rurais [&hellip;]<\/p>\n","protected":false},"author":2,"featured_media":56615,"comment_status":"open","ping_status":"open","sticky":false,"template":"","format":"standard","meta":{"_acf_changed":false,"_monsterinsights_skip_tracking":false,"_monsterinsights_sitenote_active":false,"_monsterinsights_sitenote_note":"","_monsterinsights_sitenote_category":0,"_jetpack_memberships_contains_paid_content":false,"footnotes":"","jetpack_publicize_message":"","jetpack_publicize_feature_enabled":true,"jetpack_social_post_already_shared":false,"jetpack_social_options":{"image_generator_settings":{"template":"highway","default_image_id":0,"font":"","enabled":false},"version":2}},"categories":[11],"tags":[],"class_list":["post-56614","post","type-post","status-publish","format-standard","has-post-thumbnail","hentry","category-regional"],"acf":[],"jetpack_publicize_connections":[],"jetpack_featured_media_url":"https:\/\/i0.wp.com\/blogdoeloiltoncajuhy.com.br\/site\/wp-content\/uploads\/2021\/05\/PMA_Regularizacao-ambiental-01.jpeg?fit=1000%2C764&ssl=1","jetpack_sharing_enabled":true,"publishpress_future_workflow_manual_trigger":{"enabledWorkflows":[]},"_links":{"self":[{"href":"https:\/\/blogdoeloiltoncajuhy.com.br\/site\/wp-json\/wp\/v2\/posts\/56614","targetHints":{"allow":["GET"]}}],"collection":[{"href":"https:\/\/blogdoeloiltoncajuhy.com.br\/site\/wp-json\/wp\/v2\/posts"}],"about":[{"href":"https:\/\/blogdoeloiltoncajuhy.com.br\/site\/wp-json\/wp\/v2\/types\/post"}],"author":[{"embeddable":true,"href":"https:\/\/blogdoeloiltoncajuhy.com.br\/site\/wp-json\/wp\/v2\/users\/2"}],"replies":[{"embeddable":true,"href":"https:\/\/blogdoeloiltoncajuhy.com.br\/site\/wp-json\/wp\/v2\/comments?post=56614"}],"version-history":[{"count":1,"href":"https:\/\/blogdoeloiltoncajuhy.com.br\/site\/wp-json\/wp\/v2\/posts\/56614\/revisions"}],"predecessor-version":[{"id":56617,"href":"https:\/\/blogdoeloiltoncajuhy.com.br\/site\/wp-json\/wp\/v2\/posts\/56614\/revisions\/56617"}],"wp:featuredmedia":[{"embeddable":true,"href":"https:\/\/blogdoeloiltoncajuhy.com.br\/site\/wp-json\/wp\/v2\/media\/56615"}],"wp:attachment":[{"href":"https:\/\/blogdoeloiltoncajuhy.com.br\/site\/wp-json\/wp\/v2\/media?parent=56614"}],"wp:term":[{"taxonomy":"category","embeddable":true,"href":"https:\/\/blogdoeloiltoncajuhy.com.br\/site\/wp-json\/wp\/v2\/categories?post=56614"},{"taxonomy":"post_tag","embeddable":true,"href":"https:\/\/blogdoeloiltoncajuhy.com.br\/site\/wp-json\/wp\/v2\/tags?post=56614"}],"curies":[{"name":"wp","href":"https:\/\/api.w.org\/{rel}","templated":true}]}}