{"id":56608,"date":"2021-05-21T21:36:46","date_gmt":"2021-05-22T00:36:46","guid":{"rendered":"http:\/\/blogdoeloiltoncajuhy.com.br\/site\/?p=56608"},"modified":"2021-05-21T21:36:48","modified_gmt":"2021-05-22T00:36:48","slug":"substituicao-do-piso-das-calcadas-da-avenida-antonio-laurindo-foi-iniciada","status":"publish","type":"post","link":"https:\/\/blogdoeloiltoncajuhy.com.br\/site\/substituicao-do-piso-das-calcadas-da-avenida-antonio-laurindo-foi-iniciada\/","title":{"rendered":"Substitui\u00e7\u00e3o do piso das cal\u00e7adas da Avenida Antonio Laurindo foi iniciada"},"content":{"rendered":"\n<div class=\"wp-block-image\"><figure class=\"aligncenter size-full is-resized\"><a href=\"https:\/\/i0.wp.com\/blogdoeloiltoncajuhy.com.br\/site\/wp-content\/uploads\/2021\/05\/Obras-Av-Antonio-Laurindo.jpg\"><img data-recalc-dims=\"1\" fetchpriority=\"high\" decoding=\"async\" src=\"https:\/\/i0.wp.com\/blogdoeloiltoncajuhy.com.br\/site\/wp-content\/uploads\/2021\/05\/Obras-Av-Antonio-Laurindo.jpg?resize=630%2C520\" alt=\"\" class=\"wp-image-56609\" width=\"630\" height=\"520\" srcset=\"https:\/\/i0.wp.com\/blogdoeloiltoncajuhy.com.br\/site\/wp-content\/uploads\/2021\/05\/Obras-Av-Antonio-Laurindo.jpg?w=415&amp;ssl=1 415w, https:\/\/i0.wp.com\/blogdoeloiltoncajuhy.com.br\/site\/wp-content\/uploads\/2021\/05\/Obras-Av-Antonio-Laurindo.jpg?resize=300%2C249&amp;ssl=1 300w\" sizes=\"(max-width: 630px) 100vw, 630px\" \/><\/a><\/figure><\/div>\n\n\n\n<p>As obras do projeto de requalifica\u00e7\u00e3o da entrada principal de Senhor do Bonfim seguem com a substitui\u00e7\u00e3o do piso das cal\u00e7adas por intertravadas nos dois lados da avenida. A interven\u00e7\u00e3o ainda constar\u00e1 de recapeamento asf\u00e1ltico, substitui\u00e7\u00e3o da ilumina\u00e7\u00e3o e reforma da Pra\u00e7a Dr. Ant\u00f4nio Gon\u00e7alves.<\/p>\n\n\n\n<p>O projeto de reurbaniza\u00e7\u00e3o da Avenida Ant\u00f4nio Laurindo foi elaborado e iniciado na gest\u00e3o do prefeito Carlos Brasileiro e tem sequ\u00eancia na gest\u00e3o de La\u00e9rcio J\u00fanior. A obra est\u00e1 or\u00e7ada em cerca de R$ 1,7 milh\u00e3o.<\/p>\n","protected":false},"excerpt":{"rendered":"<p>As obras do projeto de requalifica\u00e7\u00e3o da entrada principal de Senhor do Bonfim seguem com a substitui\u00e7\u00e3o do piso das cal\u00e7adas por intertravadas nos dois lados da avenida. A interven\u00e7\u00e3o ainda constar\u00e1 de recapeamento asf\u00e1ltico, substitui\u00e7\u00e3o da ilumina\u00e7\u00e3o e reforma da Pra\u00e7a Dr. Ant\u00f4nio Gon\u00e7alves. O projeto de reurbaniza\u00e7\u00e3o da Avenida Ant\u00f4nio Laurindo foi elaborado [&hellip;]<\/p>\n","protected":false},"author":2,"featured_media":56609,"comment_status":"open","ping_status":"open","sticky":false,"template":"","format":"standard","meta":{"_acf_changed":false,"_monsterinsights_skip_tracking":false,"_monsterinsights_sitenote_active":false,"_monsterinsights_sitenote_note":"","_monsterinsights_sitenote_category":0,"_jetpack_memberships_contains_paid_content":false,"footnotes":"","jetpack_publicize_message":"","jetpack_publicize_feature_enabled":true,"jetpack_social_post_already_shared":false,"jetpack_social_options":{"image_generator_settings":{"template":"highway","default_image_id":0,"font":"","enabled":false},"version":2}},"categories":[4],"tags":[],"class_list":["post-56608","post","type-post","status-publish","format-standard","has-post-thumbnail","hentry","category-local"],"acf":[],"jetpack_publicize_connections":[],"jetpack_featured_media_url":"https:\/\/i0.wp.com\/blogdoeloiltoncajuhy.com.br\/site\/wp-content\/uploads\/2021\/05\/Obras-Av-Antonio-Laurindo.jpg?fit=415%2C344&ssl=1","jetpack_sharing_enabled":true,"publishpress_future_workflow_manual_trigger":{"enabledWorkflows":[]},"_links":{"self":[{"href":"https:\/\/blogdoeloiltoncajuhy.com.br\/site\/wp-json\/wp\/v2\/posts\/56608","targetHints":{"allow":["GET"]}}],"collection":[{"href":"https:\/\/blogdoeloiltoncajuhy.com.br\/site\/wp-json\/wp\/v2\/posts"}],"about":[{"href":"https:\/\/blogdoeloiltoncajuhy.com.br\/site\/wp-json\/wp\/v2\/types\/post"}],"author":[{"embeddable":true,"href":"https:\/\/blogdoeloiltoncajuhy.com.br\/site\/wp-json\/wp\/v2\/users\/2"}],"replies":[{"embeddable":true,"href":"https:\/\/blogdoeloiltoncajuhy.com.br\/site\/wp-json\/wp\/v2\/comments?post=56608"}],"version-history":[{"count":2,"href":"https:\/\/blogdoeloiltoncajuhy.com.br\/site\/wp-json\/wp\/v2\/posts\/56608\/revisions"}],"predecessor-version":[{"id":56611,"href":"https:\/\/blogdoeloiltoncajuhy.com.br\/site\/wp-json\/wp\/v2\/posts\/56608\/revisions\/56611"}],"wp:featuredmedia":[{"embeddable":true,"href":"https:\/\/blogdoeloiltoncajuhy.com.br\/site\/wp-json\/wp\/v2\/media\/56609"}],"wp:attachment":[{"href":"https:\/\/blogdoeloiltoncajuhy.com.br\/site\/wp-json\/wp\/v2\/media?parent=56608"}],"wp:term":[{"taxonomy":"category","embeddable":true,"href":"https:\/\/blogdoeloiltoncajuhy.com.br\/site\/wp-json\/wp\/v2\/categories?post=56608"},{"taxonomy":"post_tag","embeddable":true,"href":"https:\/\/blogdoeloiltoncajuhy.com.br\/site\/wp-json\/wp\/v2\/tags?post=56608"}],"curies":[{"name":"wp","href":"https:\/\/api.w.org\/{rel}","templated":true}]}}