{"id":56605,"date":"2021-05-21T21:31:44","date_gmt":"2021-05-22T00:31:44","guid":{"rendered":"http:\/\/blogdoeloiltoncajuhy.com.br\/site\/?p=56605"},"modified":"2021-05-21T21:31:45","modified_gmt":"2021-05-22T00:31:45","slug":"bonfim-comeca-a-vacinar-maiores-de-56-anos-contra-a-covid-19","status":"publish","type":"post","link":"https:\/\/blogdoeloiltoncajuhy.com.br\/site\/bonfim-comeca-a-vacinar-maiores-de-56-anos-contra-a-covid-19\/","title":{"rendered":"Bonfim come\u00e7a a vacinar maiores de 56 anos contra a Covid-19"},"content":{"rendered":"\n<div class=\"wp-block-image\"><figure class=\"aligncenter size-large\"><a href=\"https:\/\/i0.wp.com\/blogdoeloiltoncajuhy.com.br\/site\/wp-content\/uploads\/2021\/02\/Corona_Vacina.jpg\"><img data-recalc-dims=\"1\" fetchpriority=\"high\" decoding=\"async\" width=\"800\" height=\"480\" src=\"https:\/\/i0.wp.com\/blogdoeloiltoncajuhy.com.br\/site\/wp-content\/uploads\/2021\/02\/Corona_Vacina.jpg?resize=800%2C480\" alt=\"\" class=\"wp-image-54212\" srcset=\"https:\/\/i0.wp.com\/blogdoeloiltoncajuhy.com.br\/site\/wp-content\/uploads\/2021\/02\/Corona_Vacina.jpg?resize=1024%2C615&amp;ssl=1 1024w, https:\/\/i0.wp.com\/blogdoeloiltoncajuhy.com.br\/site\/wp-content\/uploads\/2021\/02\/Corona_Vacina.jpg?resize=300%2C180&amp;ssl=1 300w, https:\/\/i0.wp.com\/blogdoeloiltoncajuhy.com.br\/site\/wp-content\/uploads\/2021\/02\/Corona_Vacina.jpg?resize=768%2C461&amp;ssl=1 768w, https:\/\/i0.wp.com\/blogdoeloiltoncajuhy.com.br\/site\/wp-content\/uploads\/2021\/02\/Corona_Vacina.jpg?w=1086&amp;ssl=1 1086w\" sizes=\"(max-width: 800px) 100vw, 800px\" \/><\/a><\/figure><\/div>\n\n\n\n<p>A cobertura vacinal em Bonfim foi ampliada e agora passa a incluir a popula\u00e7\u00e3o em geral com idades entre 56 a 59 anos, al\u00e9m dos portadores de doen\u00e7as cr\u00f4nicas acima dos 18 anos e profissionais de \u00e1reas especificas com idades estabelecidas.<\/p>\n\n\n\n<p>De quarta-feira (19) at\u00e9 ontem (20) foram vacinadas as pessoas com 58 e 59 anos. J\u00e1 nesta sexta-feira (21) foi a vez de quem tem 56 e 57 anos. Tamb\u00e9m segue a vacina\u00e7\u00e3o de pessoas com comorbidade; quilombolas acima de 18 anos; portadores de defici\u00eancia; profissionais de educa\u00e7\u00e3o, seguran\u00e7a, jornalistas, limpeza urbana, da ind\u00fastria e caminhoneiros com mais de 40 anos; pessoas em situa\u00e7\u00e3o de rua; e lactantes at\u00e9 12\u00ba m\u00eas.<\/p>\n\n\n\n<p>A Prefeitura, atrav\u00e9s da Secretaria de Sa\u00fade, ressalta que, mesmo com a vacina, todos devem continuar fazendo a sua parte, saindo de casa somente se for necess\u00e1rio, fazendo uso da mascar\u00e1, lavando as m\u00e3os com \u00e1gua e sab\u00e3o, e sempre que poss\u00edvel fazer a higieniza\u00e7\u00e3o com \u00e1lcool em gel.<\/p>\n","protected":false},"excerpt":{"rendered":"<p>A cobertura vacinal em Bonfim foi ampliada e agora passa a incluir a popula\u00e7\u00e3o em geral com idades entre 56 a 59 anos, al\u00e9m dos portadores de doen\u00e7as cr\u00f4nicas acima dos 18 anos e profissionais de \u00e1reas especificas com idades estabelecidas. De quarta-feira (19) at\u00e9 ontem (20) foram vacinadas as pessoas com 58 e 59 [&hellip;]<\/p>\n","protected":false},"author":2,"featured_media":54212,"comment_status":"open","ping_status":"open","sticky":false,"template":"","format":"standard","meta":{"_acf_changed":false,"_monsterinsights_skip_tracking":false,"_monsterinsights_sitenote_active":false,"_monsterinsights_sitenote_note":"","_monsterinsights_sitenote_category":0,"_jetpack_memberships_contains_paid_content":false,"footnotes":"","jetpack_publicize_message":"","jetpack_publicize_feature_enabled":true,"jetpack_social_post_already_shared":false,"jetpack_social_options":{"image_generator_settings":{"template":"highway","default_image_id":0,"font":"","enabled":false},"version":2}},"categories":[4],"tags":[],"class_list":["post-56605","post","type-post","status-publish","format-standard","has-post-thumbnail","hentry","category-local"],"acf":[],"jetpack_publicize_connections":[],"jetpack_featured_media_url":"https:\/\/i0.wp.com\/blogdoeloiltoncajuhy.com.br\/site\/wp-content\/uploads\/2021\/02\/Corona_Vacina.jpg?fit=1086%2C652&ssl=1","jetpack_sharing_enabled":true,"publishpress_future_workflow_manual_trigger":{"enabledWorkflows":[]},"_links":{"self":[{"href":"https:\/\/blogdoeloiltoncajuhy.com.br\/site\/wp-json\/wp\/v2\/posts\/56605","targetHints":{"allow":["GET"]}}],"collection":[{"href":"https:\/\/blogdoeloiltoncajuhy.com.br\/site\/wp-json\/wp\/v2\/posts"}],"about":[{"href":"https:\/\/blogdoeloiltoncajuhy.com.br\/site\/wp-json\/wp\/v2\/types\/post"}],"author":[{"embeddable":true,"href":"https:\/\/blogdoeloiltoncajuhy.com.br\/site\/wp-json\/wp\/v2\/users\/2"}],"replies":[{"embeddable":true,"href":"https:\/\/blogdoeloiltoncajuhy.com.br\/site\/wp-json\/wp\/v2\/comments?post=56605"}],"version-history":[{"count":2,"href":"https:\/\/blogdoeloiltoncajuhy.com.br\/site\/wp-json\/wp\/v2\/posts\/56605\/revisions"}],"predecessor-version":[{"id":56607,"href":"https:\/\/blogdoeloiltoncajuhy.com.br\/site\/wp-json\/wp\/v2\/posts\/56605\/revisions\/56607"}],"wp:featuredmedia":[{"embeddable":true,"href":"https:\/\/blogdoeloiltoncajuhy.com.br\/site\/wp-json\/wp\/v2\/media\/54212"}],"wp:attachment":[{"href":"https:\/\/blogdoeloiltoncajuhy.com.br\/site\/wp-json\/wp\/v2\/media?parent=56605"}],"wp:term":[{"taxonomy":"category","embeddable":true,"href":"https:\/\/blogdoeloiltoncajuhy.com.br\/site\/wp-json\/wp\/v2\/categories?post=56605"},{"taxonomy":"post_tag","embeddable":true,"href":"https:\/\/blogdoeloiltoncajuhy.com.br\/site\/wp-json\/wp\/v2\/tags?post=56605"}],"curies":[{"name":"wp","href":"https:\/\/api.w.org\/{rel}","templated":true}]}}