{"id":56598,"date":"2021-05-21T11:35:10","date_gmt":"2021-05-21T14:35:10","guid":{"rendered":"http:\/\/blogdoeloiltoncajuhy.com.br\/site\/?p=56598"},"modified":"2021-05-21T11:35:11","modified_gmt":"2021-05-21T14:35:11","slug":"prefeitura-de-andorinha-informa-o-prazo-para-vacinacao-dos-rebanhos-bovinos-contra-a-febre-aftosa","status":"publish","type":"post","link":"https:\/\/blogdoeloiltoncajuhy.com.br\/site\/prefeitura-de-andorinha-informa-o-prazo-para-vacinacao-dos-rebanhos-bovinos-contra-a-febre-aftosa\/","title":{"rendered":"Prefeitura de Andorinha informa o prazo para vacina\u00e7\u00e3o dos rebanhos bovinos contra a febre Aftosa"},"content":{"rendered":"\n<div class=\"wp-block-image\"><figure class=\"aligncenter size-full is-resized\"><a href=\"https:\/\/i0.wp.com\/blogdoeloiltoncajuhy.com.br\/site\/wp-content\/uploads\/2021\/05\/PMA_Campanha-Aftosa-2021.jpeg\"><img data-recalc-dims=\"1\" fetchpriority=\"high\" decoding=\"async\" src=\"https:\/\/i0.wp.com\/blogdoeloiltoncajuhy.com.br\/site\/wp-content\/uploads\/2021\/05\/PMA_Campanha-Aftosa-2021.jpeg?resize=750%2C749\" alt=\"\" class=\"wp-image-56599\" width=\"750\" height=\"749\" srcset=\"https:\/\/i0.wp.com\/blogdoeloiltoncajuhy.com.br\/site\/wp-content\/uploads\/2021\/05\/PMA_Campanha-Aftosa-2021.jpeg?w=1000&amp;ssl=1 1000w, https:\/\/i0.wp.com\/blogdoeloiltoncajuhy.com.br\/site\/wp-content\/uploads\/2021\/05\/PMA_Campanha-Aftosa-2021.jpeg?resize=300%2C300&amp;ssl=1 300w, https:\/\/i0.wp.com\/blogdoeloiltoncajuhy.com.br\/site\/wp-content\/uploads\/2021\/05\/PMA_Campanha-Aftosa-2021.jpeg?resize=150%2C150&amp;ssl=1 150w, https:\/\/i0.wp.com\/blogdoeloiltoncajuhy.com.br\/site\/wp-content\/uploads\/2021\/05\/PMA_Campanha-Aftosa-2021.jpeg?resize=768%2C767&amp;ssl=1 768w\" sizes=\"(max-width: 750px) 100vw, 750px\" \/><\/a><\/figure><\/div>\n\n\n\n<p>A Prefeitura Municipal de Andorinha informa a popula\u00e7\u00e3o sobre a campanha nacional de vacina\u00e7\u00e3o contra a Febre Aftosa. A Ag\u00eancia Estadual de Defesa Agropecu\u00e1ria da Bahia, juntamente com a Secretaria de Desenvolvimento Rural e Meio Ambiente do munic\u00edpio, comunica que a campanha de vacina\u00e7\u00e3o teve in\u00edcio no dia 01 e encerra no dia 31 de maio.<\/p>\n\n\n\n<p>Dever\u00e3o ser vacinados os rebanhos bovinos de todas as idades. Todos os produtores cadastrados na ADAB dever\u00e3o comparecer a secretaria para regulariza\u00e7\u00e3o dos rebanhos.<\/p>\n\n\n\n<p>O estado da Bahia h\u00e1 23 anos \u00e9 considerada zona livre de febre aftosa. O governo do estado informou que a expectativa \u00e9 de que, em 2023, seja retirada a vacina por causa da erradica\u00e7\u00e3o da doen\u00e7a em territ\u00f3rio baiano.<\/p>\n\n\n\n<p>A Secretaria de Desenvolvimento Rural e Meio Ambiente de Andorinha localiza- se na Travessa Tanque Novo (vizinho ao Caps). Para maiores informa\u00e7\u00f5es entre em contato por meio do telefone (74) 3529-1209.<\/p>\n","protected":false},"excerpt":{"rendered":"<p>A Prefeitura Municipal de Andorinha informa a popula\u00e7\u00e3o sobre a campanha nacional de vacina\u00e7\u00e3o contra a Febre Aftosa. A Ag\u00eancia Estadual de Defesa Agropecu\u00e1ria da Bahia, juntamente com a Secretaria de Desenvolvimento Rural e Meio Ambiente do munic\u00edpio, comunica que a campanha de vacina\u00e7\u00e3o teve in\u00edcio no dia 01 e encerra no dia 31 de [&hellip;]<\/p>\n","protected":false},"author":2,"featured_media":56599,"comment_status":"open","ping_status":"open","sticky":false,"template":"","format":"standard","meta":{"_acf_changed":false,"_monsterinsights_skip_tracking":false,"_monsterinsights_sitenote_active":false,"_monsterinsights_sitenote_note":"","_monsterinsights_sitenote_category":0,"_jetpack_memberships_contains_paid_content":false,"footnotes":"","jetpack_publicize_message":"","jetpack_publicize_feature_enabled":true,"jetpack_social_post_already_shared":false,"jetpack_social_options":{"image_generator_settings":{"template":"highway","default_image_id":0,"font":"","enabled":false},"version":2}},"categories":[11],"tags":[],"class_list":["post-56598","post","type-post","status-publish","format-standard","has-post-thumbnail","hentry","category-regional"],"acf":[],"jetpack_publicize_connections":[],"jetpack_featured_media_url":"https:\/\/i0.wp.com\/blogdoeloiltoncajuhy.com.br\/site\/wp-content\/uploads\/2021\/05\/PMA_Campanha-Aftosa-2021.jpeg?fit=1000%2C999&ssl=1","jetpack_sharing_enabled":true,"publishpress_future_workflow_manual_trigger":{"enabledWorkflows":[]},"_links":{"self":[{"href":"https:\/\/blogdoeloiltoncajuhy.com.br\/site\/wp-json\/wp\/v2\/posts\/56598","targetHints":{"allow":["GET"]}}],"collection":[{"href":"https:\/\/blogdoeloiltoncajuhy.com.br\/site\/wp-json\/wp\/v2\/posts"}],"about":[{"href":"https:\/\/blogdoeloiltoncajuhy.com.br\/site\/wp-json\/wp\/v2\/types\/post"}],"author":[{"embeddable":true,"href":"https:\/\/blogdoeloiltoncajuhy.com.br\/site\/wp-json\/wp\/v2\/users\/2"}],"replies":[{"embeddable":true,"href":"https:\/\/blogdoeloiltoncajuhy.com.br\/site\/wp-json\/wp\/v2\/comments?post=56598"}],"version-history":[{"count":1,"href":"https:\/\/blogdoeloiltoncajuhy.com.br\/site\/wp-json\/wp\/v2\/posts\/56598\/revisions"}],"predecessor-version":[{"id":56600,"href":"https:\/\/blogdoeloiltoncajuhy.com.br\/site\/wp-json\/wp\/v2\/posts\/56598\/revisions\/56600"}],"wp:featuredmedia":[{"embeddable":true,"href":"https:\/\/blogdoeloiltoncajuhy.com.br\/site\/wp-json\/wp\/v2\/media\/56599"}],"wp:attachment":[{"href":"https:\/\/blogdoeloiltoncajuhy.com.br\/site\/wp-json\/wp\/v2\/media?parent=56598"}],"wp:term":[{"taxonomy":"category","embeddable":true,"href":"https:\/\/blogdoeloiltoncajuhy.com.br\/site\/wp-json\/wp\/v2\/categories?post=56598"},{"taxonomy":"post_tag","embeddable":true,"href":"https:\/\/blogdoeloiltoncajuhy.com.br\/site\/wp-json\/wp\/v2\/tags?post=56598"}],"curies":[{"name":"wp","href":"https:\/\/api.w.org\/{rel}","templated":true}]}}