{"id":56595,"date":"2021-05-21T09:10:10","date_gmt":"2021-05-21T12:10:10","guid":{"rendered":"http:\/\/blogdoeloiltoncajuhy.com.br\/site\/?p=56595"},"modified":"2021-05-21T09:10:11","modified_gmt":"2021-05-21T12:10:11","slug":"deputados-temem-que-atrasos-de-ifa-ponham-em-risco-segunda-dose-de-vacina","status":"publish","type":"post","link":"https:\/\/blogdoeloiltoncajuhy.com.br\/site\/deputados-temem-que-atrasos-de-ifa-ponham-em-risco-segunda-dose-de-vacina\/","title":{"rendered":"Deputados temem que atrasos de IFA ponham em risco segunda dose de vacina"},"content":{"rendered":"\n<div class=\"wp-block-image\"><figure class=\"aligncenter size-large\"><a href=\"https:\/\/i0.wp.com\/blogdoeloiltoncajuhy.com.br\/site\/wp-content\/uploads\/2020\/09\/VacinaRussa.jpg\"><img data-recalc-dims=\"1\" fetchpriority=\"high\" decoding=\"async\" width=\"800\" height=\"450\" src=\"https:\/\/i0.wp.com\/blogdoeloiltoncajuhy.com.br\/site\/wp-content\/uploads\/2020\/09\/VacinaRussa.jpg?resize=800%2C450\" alt=\"\" class=\"wp-image-48827\" srcset=\"https:\/\/i0.wp.com\/blogdoeloiltoncajuhy.com.br\/site\/wp-content\/uploads\/2020\/09\/VacinaRussa.jpg?w=984&amp;ssl=1 984w, https:\/\/i0.wp.com\/blogdoeloiltoncajuhy.com.br\/site\/wp-content\/uploads\/2020\/09\/VacinaRussa.jpg?resize=300%2C169&amp;ssl=1 300w, https:\/\/i0.wp.com\/blogdoeloiltoncajuhy.com.br\/site\/wp-content\/uploads\/2020\/09\/VacinaRussa.jpg?resize=768%2C432&amp;ssl=1 768w\" sizes=\"(max-width: 800px) 100vw, 800px\" \/><\/a><\/figure><\/div>\n\n\n\n<p>Os deputados da comiss\u00e3o externa que acompanha o enfrentamento \u00e0 Covid-19 disseram estar preocupados com a aplica\u00e7\u00e3o da segunda dose das vacinas produzidas pela Fiocruz e pelo Butantan. O motivo seriam os atrasos na entrega do IFA, o ingrediente farmac\u00eautico ativo utilizado na produ\u00e7\u00e3o do imunizante. Os deputados conversaram sobre o problema com representantes dos laborat\u00f3rios nacionais e do Minist\u00e9rio da Sa\u00fade.<\/p>\n\n\n\n<p>A comiss\u00e3o externa avalia que o fornecimento do Programa Nacional de Imuniza\u00e7\u00e3o est\u00e1 garantido at\u00e9 3 de julho, com a entrega de 30 milh\u00f5es de doses da Astrazeneca e 5 milh\u00f5es da Coronavac. Ainda ser\u00e3o recebidos 12 milh\u00f5es de doses da vacina da Pfizer em junho.<\/p>\n\n\n\n<p>A relatora da comiss\u00e3o, deputada Carmen Zanotto (Cidadania-SC), comemorou os n\u00fameros. <em>\u201cOs nossos secret\u00e1rios estaduais e municipais ficam um pouco mais tranquilos com as informa\u00e7\u00f5es que estamos aqui recebendo da chegada. E s\u00e3o informa\u00e7\u00f5es oficiais que est\u00e3o confirmadas estas doses. As informa\u00e7\u00f5es que n\u00f3s t\u00ednhamos era de uma interrup\u00e7\u00e3o muito mais acentuada na produ\u00e7\u00e3o e, consequentemente, mais dificuldade para que estas vacinas cheguem aos nosso munic\u00edpios\u201d<\/em>.<\/p>\n\n\n\n<p>As vacinas da Astrazeneca, produzidas pela Fiocruz, ainda est\u00e3o dentro do prazo, com a entrega de dois lotes de IFA neste s\u00e1bado. J\u00e1 a produ\u00e7\u00e3o da Coronavac corre maior risco. O Butantan deveria receber 10 mil litros de IFA em maio, mas apenas 3 mil ser\u00e3o entregues. N\u00e3o h\u00e1 data prevista para o recebimento dos 7 mil litros restantes. O atraso tem como motivo o programa de imuniza\u00e7\u00e3o da popula\u00e7\u00e3o chinesa, que tem como principal fornecedor o mesmo laborat\u00f3rio parceiro do Butantan. O mais preocupante \u00e9 que o intervalo entre a primeira e a segunda dose da Coronavac \u00e9 de apenas 28 dias, bem inferior ao intervalo da Astrazeneca, de 120 dias.<\/p>\n\n\n\n<p>O secret\u00e1rio-executivo do Minist\u00e9rio da Sa\u00fade, Rodrigo Cruz, deu uma boa not\u00edcia. A Pfizer vai entregar \u00e0 Ag\u00eancia de Vigil\u00e2ncia Sanit\u00e1ria estudos que comprovam que a vacina pode ser conservada em refrigera\u00e7\u00e3o por at\u00e9 30 dias. Atualmente, o prazo \u00e9 de apenas sete dias. A mudan\u00e7a deve ajudar a levar a vacina da Pfizer para cidades do interior que atualmente t\u00eam problemas de armazenagem.<\/p>\n\n\n\n<p>O presidente da comiss\u00e3o externa, deputado Dr. Luiz Antonio Teixeira Jr. (PP-RJ), reivindicou o fornecimento da vacina da Pfizer para munic\u00edpios com mais de 500 mil habitantes. <em>\u201cTemos cidades no Brasil acima de 500 mil hoje com capacidade para receber a vacina, com c\u00e2maras de frio. Temos cidades hoje como Campinas, Nova Igua\u00e7u, Duque de Caxias, que t\u00eam popula\u00e7\u00e3o e estrutura maior do que muitas capitais&#8221;<\/em>.<\/p>\n\n\n\n<p>At\u00e9 hoje, foram distribu\u00eddas mais de 90 milh\u00f5es de doses de vacina em todo o Brasil, sendo que 54 milh\u00f5es foram aplicadas.<\/p>\n","protected":false},"excerpt":{"rendered":"<p>Os deputados da comiss\u00e3o externa que acompanha o enfrentamento \u00e0 Covid-19 disseram estar preocupados com a aplica\u00e7\u00e3o da segunda dose das vacinas produzidas pela Fiocruz e pelo Butantan. O motivo seriam os atrasos na entrega do IFA, o ingrediente farmac\u00eautico ativo utilizado na produ\u00e7\u00e3o do imunizante. Os deputados conversaram sobre o problema com representantes dos [&hellip;]<\/p>\n","protected":false},"author":2,"featured_media":51343,"comment_status":"open","ping_status":"open","sticky":false,"template":"","format":"standard","meta":{"_acf_changed":false,"_monsterinsights_skip_tracking":false,"_monsterinsights_sitenote_active":false,"_monsterinsights_sitenote_note":"","_monsterinsights_sitenote_category":0,"_jetpack_memberships_contains_paid_content":false,"footnotes":"","jetpack_publicize_message":"","jetpack_publicize_feature_enabled":true,"jetpack_social_post_already_shared":false,"jetpack_social_options":{"image_generator_settings":{"template":"highway","default_image_id":0,"font":"","enabled":false},"version":2}},"categories":[3],"tags":[],"class_list":["post-56595","post","type-post","status-publish","format-standard","has-post-thumbnail","hentry","category-politica"],"acf":[],"jetpack_publicize_connections":[],"jetpack_featured_media_url":"https:\/\/i0.wp.com\/blogdoeloiltoncajuhy.com.br\/site\/wp-content\/uploads\/2020\/11\/vacina-da-covid-19-15974490.jpg?fit=450%2C337&ssl=1","jetpack_sharing_enabled":true,"publishpress_future_workflow_manual_trigger":{"enabledWorkflows":[]},"_links":{"self":[{"href":"https:\/\/blogdoeloiltoncajuhy.com.br\/site\/wp-json\/wp\/v2\/posts\/56595","targetHints":{"allow":["GET"]}}],"collection":[{"href":"https:\/\/blogdoeloiltoncajuhy.com.br\/site\/wp-json\/wp\/v2\/posts"}],"about":[{"href":"https:\/\/blogdoeloiltoncajuhy.com.br\/site\/wp-json\/wp\/v2\/types\/post"}],"author":[{"embeddable":true,"href":"https:\/\/blogdoeloiltoncajuhy.com.br\/site\/wp-json\/wp\/v2\/users\/2"}],"replies":[{"embeddable":true,"href":"https:\/\/blogdoeloiltoncajuhy.com.br\/site\/wp-json\/wp\/v2\/comments?post=56595"}],"version-history":[{"count":2,"href":"https:\/\/blogdoeloiltoncajuhy.com.br\/site\/wp-json\/wp\/v2\/posts\/56595\/revisions"}],"predecessor-version":[{"id":56597,"href":"https:\/\/blogdoeloiltoncajuhy.com.br\/site\/wp-json\/wp\/v2\/posts\/56595\/revisions\/56597"}],"wp:featuredmedia":[{"embeddable":true,"href":"https:\/\/blogdoeloiltoncajuhy.com.br\/site\/wp-json\/wp\/v2\/media\/51343"}],"wp:attachment":[{"href":"https:\/\/blogdoeloiltoncajuhy.com.br\/site\/wp-json\/wp\/v2\/media?parent=56595"}],"wp:term":[{"taxonomy":"category","embeddable":true,"href":"https:\/\/blogdoeloiltoncajuhy.com.br\/site\/wp-json\/wp\/v2\/categories?post=56595"},{"taxonomy":"post_tag","embeddable":true,"href":"https:\/\/blogdoeloiltoncajuhy.com.br\/site\/wp-json\/wp\/v2\/tags?post=56595"}],"curies":[{"name":"wp","href":"https:\/\/api.w.org\/{rel}","templated":true}]}}