{"id":56588,"date":"2021-05-21T08:03:10","date_gmt":"2021-05-21T11:03:10","guid":{"rendered":"http:\/\/blogdoeloiltoncajuhy.com.br\/site\/?p=56588"},"modified":"2021-05-21T08:03:11","modified_gmt":"2021-05-21T11:03:11","slug":"caso-beatriz-lucinha-mota-afirma-que-foto-mais-nitida-do-assassino-sera-divulgada-neste-domingo-24","status":"publish","type":"post","link":"https:\/\/blogdoeloiltoncajuhy.com.br\/site\/caso-beatriz-lucinha-mota-afirma-que-foto-mais-nitida-do-assassino-sera-divulgada-neste-domingo-24\/","title":{"rendered":"Caso Beatriz: Lucinha Mota afirma que foto mais n\u00edtida do assassino ser\u00e1 divulgada neste domingo (24)"},"content":{"rendered":"\n<div class=\"wp-block-image\"><figure class=\"aligncenter size-large\"><a href=\"https:\/\/i0.wp.com\/blogdoeloiltoncajuhy.com.br\/site\/wp-content\/uploads\/2021\/05\/lucinha-mota-denuncia-piaui.jpg\"><img data-recalc-dims=\"1\" fetchpriority=\"high\" decoding=\"async\" width=\"600\" height=\"491\" src=\"https:\/\/i0.wp.com\/blogdoeloiltoncajuhy.com.br\/site\/wp-content\/uploads\/2021\/05\/lucinha-mota-denuncia-piaui.jpg?resize=600%2C491\" alt=\"\" class=\"wp-image-56589\" srcset=\"https:\/\/i0.wp.com\/blogdoeloiltoncajuhy.com.br\/site\/wp-content\/uploads\/2021\/05\/lucinha-mota-denuncia-piaui.jpg?w=600&amp;ssl=1 600w, https:\/\/i0.wp.com\/blogdoeloiltoncajuhy.com.br\/site\/wp-content\/uploads\/2021\/05\/lucinha-mota-denuncia-piaui.jpg?resize=300%2C246&amp;ssl=1 300w\" sizes=\"(max-width: 600px) 100vw, 600px\" \/><\/a><\/figure><\/div>\n\n\n\n<p>Em v\u00eddeo gravado nas redes sociais, Lucinha Mota, m\u00e3e da garota Beatriz Ang\u00e9lica, informou que a foto do assassino da sua filha ser\u00e1 divulgada em rede nacional neste domingo (24). <em>\u201cAcredito que a Record, o Domingo Espetacular vai divulgar a foto, j\u00e1 temos uma imagem n\u00edtida do suspeito do assassino\u201d<\/em>, contou.<\/p>\n\n\n\n<p>A fam\u00edlia de Beatriz conseguiu um importante apoio de uma empresa dos Estados Unidos, especializada em dar treinamento para as pol\u00edcias de elite no mundo inteiro: A Criminal Investigations Training Group \u2013 CIT GROUP.<\/p>\n\n\n\n<p>Eles est\u00e3o dispostos a vir ao Brasil (sem custos para o estado de Pernambuco) para auxiliar nas investiga\u00e7\u00f5es do Caso Beatriz acompanhando os trabalhos da Pol\u00edcia Civil e ao mesmo tempo dando treinamento e deixando um legado de tecnologia forense de ponta para o estado.<\/p>\n\n\n\n<p>Eles entraram em contato com a Secretaria de Defesa Social de Pernambuco, atrav\u00e9s do Consulado Norte Americano, em setembro de 2020, oferecendo uma coopera\u00e7\u00e3o ao inqu\u00e9rito do caso Beatriz, especificamente, mas at\u00e9 o presente momento a SDS afirma n\u00e3o ter conhecimento de tal pedido.<\/p>\n","protected":false},"excerpt":{"rendered":"<p>Em v\u00eddeo gravado nas redes sociais, Lucinha Mota, m\u00e3e da garota Beatriz Ang\u00e9lica, informou que a foto do assassino da sua filha ser\u00e1 divulgada em rede nacional neste domingo (24). \u201cAcredito que a Record, o Domingo Espetacular vai divulgar a foto, j\u00e1 temos uma imagem n\u00edtida do suspeito do assassino\u201d, contou. A fam\u00edlia de Beatriz [&hellip;]<\/p>\n","protected":false},"author":2,"featured_media":56589,"comment_status":"open","ping_status":"open","sticky":false,"template":"","format":"standard","meta":{"_acf_changed":false,"_monsterinsights_skip_tracking":false,"_monsterinsights_sitenote_active":false,"_monsterinsights_sitenote_note":"","_monsterinsights_sitenote_category":0,"_jetpack_memberships_contains_paid_content":false,"footnotes":"","jetpack_publicize_message":"","jetpack_publicize_feature_enabled":true,"jetpack_social_post_already_shared":false,"jetpack_social_options":{"image_generator_settings":{"template":"highway","default_image_id":0,"font":"","enabled":false},"version":2}},"categories":[15],"tags":[],"class_list":["post-56588","post","type-post","status-publish","format-standard","has-post-thumbnail","hentry","category-policia"],"acf":[],"jetpack_publicize_connections":[],"jetpack_featured_media_url":"https:\/\/i0.wp.com\/blogdoeloiltoncajuhy.com.br\/site\/wp-content\/uploads\/2021\/05\/lucinha-mota-denuncia-piaui.jpg?fit=600%2C491&ssl=1","jetpack_sharing_enabled":true,"publishpress_future_workflow_manual_trigger":{"enabledWorkflows":[]},"_links":{"self":[{"href":"https:\/\/blogdoeloiltoncajuhy.com.br\/site\/wp-json\/wp\/v2\/posts\/56588","targetHints":{"allow":["GET"]}}],"collection":[{"href":"https:\/\/blogdoeloiltoncajuhy.com.br\/site\/wp-json\/wp\/v2\/posts"}],"about":[{"href":"https:\/\/blogdoeloiltoncajuhy.com.br\/site\/wp-json\/wp\/v2\/types\/post"}],"author":[{"embeddable":true,"href":"https:\/\/blogdoeloiltoncajuhy.com.br\/site\/wp-json\/wp\/v2\/users\/2"}],"replies":[{"embeddable":true,"href":"https:\/\/blogdoeloiltoncajuhy.com.br\/site\/wp-json\/wp\/v2\/comments?post=56588"}],"version-history":[{"count":2,"href":"https:\/\/blogdoeloiltoncajuhy.com.br\/site\/wp-json\/wp\/v2\/posts\/56588\/revisions"}],"predecessor-version":[{"id":56591,"href":"https:\/\/blogdoeloiltoncajuhy.com.br\/site\/wp-json\/wp\/v2\/posts\/56588\/revisions\/56591"}],"wp:featuredmedia":[{"embeddable":true,"href":"https:\/\/blogdoeloiltoncajuhy.com.br\/site\/wp-json\/wp\/v2\/media\/56589"}],"wp:attachment":[{"href":"https:\/\/blogdoeloiltoncajuhy.com.br\/site\/wp-json\/wp\/v2\/media?parent=56588"}],"wp:term":[{"taxonomy":"category","embeddable":true,"href":"https:\/\/blogdoeloiltoncajuhy.com.br\/site\/wp-json\/wp\/v2\/categories?post=56588"},{"taxonomy":"post_tag","embeddable":true,"href":"https:\/\/blogdoeloiltoncajuhy.com.br\/site\/wp-json\/wp\/v2\/tags?post=56588"}],"curies":[{"name":"wp","href":"https:\/\/api.w.org\/{rel}","templated":true}]}}