{"id":56584,"date":"2021-05-20T11:33:29","date_gmt":"2021-05-20T14:33:29","guid":{"rendered":"http:\/\/blogdoeloiltoncajuhy.com.br\/site\/?p=56584"},"modified":"2021-05-20T11:33:30","modified_gmt":"2021-05-20T14:33:30","slug":"depois-de-tomar-a-vacina-ainda-preciso-usar-mascara","status":"publish","type":"post","link":"https:\/\/blogdoeloiltoncajuhy.com.br\/site\/depois-de-tomar-a-vacina-ainda-preciso-usar-mascara\/","title":{"rendered":"Depois de tomar a vacina, ainda preciso usar m\u00e1scara?"},"content":{"rendered":"\n<h5 class=\"has-text-align-center wp-block-heading\"><em>Alguns pa\u00edses ao redor do mundo j\u00e1 suspendem o uso de m\u00e1scaras ap\u00f3s avan\u00e7o da vacina\u00e7\u00e3o; entenda como esse cen\u00e1rio n\u00e3o se aplica ao Brasil<\/em><\/h5>\n\n\n\n<div class=\"wp-block-image\"><figure class=\"aligncenter size-large\"><a href=\"https:\/\/i0.wp.com\/blogdoeloiltoncajuhy.com.br\/site\/wp-content\/uploads\/2021\/05\/uso-mascaras.jpg\"><img data-recalc-dims=\"1\" fetchpriority=\"high\" decoding=\"async\" width=\"800\" height=\"533\" src=\"https:\/\/i0.wp.com\/blogdoeloiltoncajuhy.com.br\/site\/wp-content\/uploads\/2021\/05\/uso-mascaras.jpg?resize=800%2C533\" alt=\"\" class=\"wp-image-56585\" srcset=\"https:\/\/i0.wp.com\/blogdoeloiltoncajuhy.com.br\/site\/wp-content\/uploads\/2021\/05\/uso-mascaras.jpg?resize=1024%2C682&amp;ssl=1 1024w, https:\/\/i0.wp.com\/blogdoeloiltoncajuhy.com.br\/site\/wp-content\/uploads\/2021\/05\/uso-mascaras.jpg?resize=300%2C200&amp;ssl=1 300w, https:\/\/i0.wp.com\/blogdoeloiltoncajuhy.com.br\/site\/wp-content\/uploads\/2021\/05\/uso-mascaras.jpg?resize=768%2C512&amp;ssl=1 768w, https:\/\/i0.wp.com\/blogdoeloiltoncajuhy.com.br\/site\/wp-content\/uploads\/2021\/05\/uso-mascaras.jpg?w=1280&amp;ssl=1 1280w\" sizes=\"(max-width: 800px) 100vw, 800px\" \/><\/a><figcaption><em><sub>Cr\u00e9ditos: Envato<\/sub><\/em><\/figcaption><\/figure><\/div>\n\n\n\n<p>Imagens simb\u00f3licas t\u00eam viralizado recentemente na internet com rep\u00f3rteres tirando as m\u00e1scaras ao vivo ao noticiar que, nos Estados Unidos, o uso de m\u00e1scaras n\u00e3o \u00e9 mais obrigat\u00f3rio para a popula\u00e7\u00e3o j\u00e1 vacinada com as duas doses. Um gesto simples e t\u00e3o esperado por milh\u00f5es de pessoas ao redor do mundo que traz esperan\u00e7a de volta \u00e0 normalidade. Mas, no Brasil, essa realidade ainda est\u00e1 distante.<\/p>\n\n\n\n<p class=\"has-black-color has-text-color\"><strong>Confira abaixo alguns motivos pelos quais deve-se manter o uso de m\u00e1scaras e o distanciamento social no Brasil mesmo com a vacina\u00e7\u00e3o:<\/strong><\/p>\n\n\n\n<p class=\"has-black-color has-text-color has-medium-font-size\"><strong>Aumento constante no n\u00famero de casos<\/strong><\/p>\n\n\n\n<p>Em mais de um ano de pandemia do novo coronav\u00edrus, o pa\u00eds vive o pior momento no n\u00famero de cont\u00e1gios e mortes di\u00e1rias por causa da Covid-19. S\u00e3o mais de 70 mil novos casos di\u00e1rios, enquanto nos Estados Unidos a curva de cont\u00e1gio tem diminu\u00eddo conforme a vacina\u00e7\u00e3o avan\u00e7a no pa\u00eds. O infectologista do Hospital Universit\u00e1rio Cajuru, Jo\u00e3o Telles, explica que o aumento no Brasil se deve a tr\u00eas fatores principais. <em>\u201cA presen\u00e7a de variantes de cepas circulando no territ\u00f3rio nacional, somado ao baixo n\u00famero de pessoas vacinadas com as duas doses e o aumento da circula\u00e7\u00e3o da popula\u00e7\u00e3o economicamente ativa acabam culminando no alto n\u00famero de casos de Covid no Brasil\u201d<\/em>, diz.<\/p>\n\n\n\n<p class=\"has-black-color has-text-color has-medium-font-size\"><strong>Baixo \u00edndice de vacinados no pa\u00eds<\/strong><\/p>\n\n\n\n<p>A suspens\u00e3o do uso de m\u00e1scaras entre os norte-americanos \u00e9 resultado do alto n\u00famero de pessoas j\u00e1 completamente vacinadas no pa\u00eds, que contempla inclusive adolescentes a partir de 12 anos de idade. Enquanto isso, o Brasil ainda vacina idosos e pessoas com comorbidades.<\/p>\n\n\n\n<p>O infectologista explica que, para suspender as m\u00e1scaras, \u00e9 necess\u00e1rio que uma alta parcela da popula\u00e7\u00e3o esteja imunizada. <em>\u201cSe tivermos um alto \u00edndice de vacina\u00e7\u00e3o, com uma curva baixa de cont\u00e1gios e baixa ocupa\u00e7\u00e3o hospitalar, os riscos de transmiss\u00e3o comunit\u00e1ria s\u00e3o menores. \u00c9 preciso que esses tr\u00eas fatores estejam andando juntos. Mas essa \u00e9 uma realidade completamente diferente do Brasil, onde n\u00e3o temos uma grande parcela da popula\u00e7\u00e3o vacinada, com n\u00famero de casos variando bastante e taxa de ocupa\u00e7\u00e3o hospitalar muito alta, na maioria das cidades\u201d<\/em>, afirma.<\/p>\n\n\n\n<p class=\"has-black-color has-text-color has-medium-font-size\"><strong>Crescimento de casos em jovens<\/strong><\/p>\n\n\n\n<p>Outro fator que justifica o constante uso de m\u00e1scaras no Brasil \u00e9 a queda de idade entre os casos mais graves da Covid-19. <em>\u201cComo a vacina\u00e7\u00e3o completa est\u00e1 entre as pessoas acima de 70 anos, eles t\u00eam menores chances de desenvolver o est\u00e1gio grave da Covid se forem contagiados pelo v\u00edrus. Dessa forma, h\u00e1 uma tend\u00eancia da curva aumentar entre a popula\u00e7\u00e3o mais jovem, al\u00e9m de serem as pessoas em maior circula\u00e7\u00e3o nas ruas devido \u00e0 necessidade de voltar ao trabalho e tamb\u00e9m por causa das variantes que podem desenvolver casos mais graves em pacientes nessa nova faixa et\u00e1ria\u201d<\/em>, finaliza o infectologista.<\/p>\n\n\n\n<p>A orienta\u00e7\u00e3o dos m\u00e9dicos \u00e9, de acordo com a situa\u00e7\u00e3o da pandemia no Brasil, que a popula\u00e7\u00e3o continue usando m\u00e1scaras em ambientes abertos e fechados e mantenha o uso constante de \u00e1lcool em gel e distanciamento social. Uma vez que a vacina\u00e7\u00e3o est\u00e1 no in\u00edcio, essas ainda s\u00e3o as formas mais efetivas de evitar o v\u00edrus da Covid-19.<\/p>\n","protected":false},"excerpt":{"rendered":"<p>Alguns pa\u00edses ao redor do mundo j\u00e1 suspendem o uso de m\u00e1scaras ap\u00f3s avan\u00e7o da vacina\u00e7\u00e3o; entenda como esse cen\u00e1rio n\u00e3o se aplica ao Brasil Imagens simb\u00f3licas t\u00eam viralizado recentemente na internet com rep\u00f3rteres tirando as m\u00e1scaras ao vivo ao noticiar que, nos Estados Unidos, o uso de m\u00e1scaras n\u00e3o \u00e9 mais obrigat\u00f3rio para a [&hellip;]<\/p>\n","protected":false},"author":2,"featured_media":56585,"comment_status":"open","ping_status":"open","sticky":false,"template":"","format":"standard","meta":{"_acf_changed":false,"_monsterinsights_skip_tracking":false,"_monsterinsights_sitenote_active":false,"_monsterinsights_sitenote_note":"","_monsterinsights_sitenote_category":0,"_jetpack_memberships_contains_paid_content":false,"footnotes":"","jetpack_publicize_message":"","jetpack_publicize_feature_enabled":true,"jetpack_social_post_already_shared":false,"jetpack_social_options":{"image_generator_settings":{"template":"highway","default_image_id":0,"font":"","enabled":false},"version":2}},"categories":[7],"tags":[],"class_list":["post-56584","post","type-post","status-publish","format-standard","has-post-thumbnail","hentry","category-saude"],"acf":[],"jetpack_publicize_connections":[],"jetpack_featured_media_url":"https:\/\/i0.wp.com\/blogdoeloiltoncajuhy.com.br\/site\/wp-content\/uploads\/2021\/05\/uso-mascaras.jpg?fit=1280%2C853&ssl=1","jetpack_sharing_enabled":true,"publishpress_future_workflow_manual_trigger":{"enabledWorkflows":[]},"_links":{"self":[{"href":"https:\/\/blogdoeloiltoncajuhy.com.br\/site\/wp-json\/wp\/v2\/posts\/56584","targetHints":{"allow":["GET"]}}],"collection":[{"href":"https:\/\/blogdoeloiltoncajuhy.com.br\/site\/wp-json\/wp\/v2\/posts"}],"about":[{"href":"https:\/\/blogdoeloiltoncajuhy.com.br\/site\/wp-json\/wp\/v2\/types\/post"}],"author":[{"embeddable":true,"href":"https:\/\/blogdoeloiltoncajuhy.com.br\/site\/wp-json\/wp\/v2\/users\/2"}],"replies":[{"embeddable":true,"href":"https:\/\/blogdoeloiltoncajuhy.com.br\/site\/wp-json\/wp\/v2\/comments?post=56584"}],"version-history":[{"count":2,"href":"https:\/\/blogdoeloiltoncajuhy.com.br\/site\/wp-json\/wp\/v2\/posts\/56584\/revisions"}],"predecessor-version":[{"id":56587,"href":"https:\/\/blogdoeloiltoncajuhy.com.br\/site\/wp-json\/wp\/v2\/posts\/56584\/revisions\/56587"}],"wp:featuredmedia":[{"embeddable":true,"href":"https:\/\/blogdoeloiltoncajuhy.com.br\/site\/wp-json\/wp\/v2\/media\/56585"}],"wp:attachment":[{"href":"https:\/\/blogdoeloiltoncajuhy.com.br\/site\/wp-json\/wp\/v2\/media?parent=56584"}],"wp:term":[{"taxonomy":"category","embeddable":true,"href":"https:\/\/blogdoeloiltoncajuhy.com.br\/site\/wp-json\/wp\/v2\/categories?post=56584"},{"taxonomy":"post_tag","embeddable":true,"href":"https:\/\/blogdoeloiltoncajuhy.com.br\/site\/wp-json\/wp\/v2\/tags?post=56584"}],"curies":[{"name":"wp","href":"https:\/\/api.w.org\/{rel}","templated":true}]}}